{"id":810,"date":"2026-08-31T11:29:29","date_gmt":"2026-08-31T09:29:29","guid":{"rendered":"https:\/\/www.trueiconicdesign.com\/it\/?p=810"},"modified":"2026-08-31T11:29:29","modified_gmt":"2026-08-31T09:29:29","slug":"fenice-nera-amuleto-rinascita-parete","status":"publish","type":"post","link":"https:\/\/www.trueiconicdesign.com\/it\/fenice-nera-amuleto-rinascita-parete\/","title":{"rendered":"Fenice Nera: un amuleto di rinascita per la parete"},"content":{"rendered":"<h2>La Fenice Nera: Presenza di Rinascita sulla Parete<\/h2>\n<p>Quando attraversiamo una trasformazione \u2013 la fine di un legame, un nuovo lavoro, un trasloco \u2013 lo spazio che abitiamo smette di essere solo un contenitore e diventa testimone. Una parete vuota pu\u00f2 trasformarsi in punto focale di forza interiore, se scegliamo di abitarla con un segno che parli al nostro percorso.<\/p>\n<p>La fenice nera non \u00e8 semplice decorazione: \u00e8 un amuleto domestico che ricorda la capacit\u00e0 di rinascere dalle ceneri.<\/p>\n<h3>Il Simbolo come Ancoraggio nello Spazio<\/h3>\n<p>*Il simbolismo domestico non \u00e8 superstizione, ma un modo concreto per ancorare le intenzioni nello spazio fisico e trasformare l&#8217;ambiente in alleato emotivo.*<\/p>\n<p>Nell&#8217;architettura contemporanea, come dimostra il progetto di Papundekl Architects per una casa modulare nella Repubblica Ceca, l&#8217;apertura verso l&#8217;esterno \u2013 attraverso ampie vetrate rivolte al bosco \u2013 dissolve il confine tra interno ed esterno. Allo stesso modo, un simbolo sulla parete pu\u00f2 dissolvere il confine tra spazio fisico e dimensione emotiva.<\/p>\n<p>La fenice rappresenta da millenni il ciclo di morte e rinascita. Quando questo archetipo prende forma in nero opaco, l&#8217;eleganza si fonde con la forza interiore. Il nero non \u00e8 cupo: \u00e8 protezione, trasformazione, potenziale inespresso.<\/p>\n<div class=\"article-box article-box--highlight\">\n<strong>Perch\u00e9 la fenice nera funziona come punto focale<\/strong><\/p>\n<ul>\n<li>Silhouette riconoscibile che cattura lo sguardo immediatamente<\/li>\n<li>Colore nero che crea contrasto grafico su qualsiasi parete chiara<\/li>\n<li>Postura ascendente che guida l&#8217;occhio verso l&#8217;alto, infondendo elevazione<\/li>\n<li>Significato universale che trasforma l&#8217;oggetto in conversazione<\/li>\n<\/ul>\n<\/div>\n<h3>Dove Dare Respiro alla Fenice<\/h3>\n<p>*La collocazione determina se un oggetto simbolico diventa protagonista o si perde nel rumore visivo. Tre regole guidano la scelta.*<\/p>\n<p>**Regola uno: isolamento visivo.** La <a href=\"https:\/\/www.trueiconicdesign.com\/it\/product\/fenice-nera-da-parete-simbolo-di-rinascita-e-nuovo-inizio\/\">fenice nera da parete<\/a> necessita di respiro. Posizionala al centro di una parete libera, senza affollare lo spazio circostante con quadri o mensole. Nell&#8217;ingresso, sopra una console stretta, diventa il primo segno di accoglienza. In camera da letto, centrata sulla testata del letto, si trasforma in scudo notturno.<\/p>\n<p>**Regola due: illuminazione strategica.** Il nero opaco vive di contrasti luminosi. Una luce radente laterale o un faretto dall&#8217;alto esaltano il profilo stratificato e la texture granulosa della bioplastica PLA. Senza illuminazione adeguata, il nero si confonde con la parete e perde presenza.<\/p>\n<p>**Regola tre: altezza dello sguardo.** Posiziona la fenice all&#8217;altezza degli occhi quando sei in piedi (circa 160-170 cm da terra). Dietro la scrivania dell&#8217;ufficio, ricorda la resilienza durante le sfide professionali. In uno spazio creativo, ispira il superamento degli ostacoli.<\/p>\n<div class=\"article-steps\">\n<h3>Montaggio e preparazione della parete<\/h3>\n<ol>\n<li><strong>Preparazione:<\/strong> Pulisci la parete e identifica il punto centrale usando la dima di foratura fornita.<\/li>\n<li><strong>Fissaggio:<\/strong> Inserisci i tasselli nelle asole posteriori distanziate per garantire stabilit\u00e0.<\/li>\n<li><strong>Verifica:<\/strong> Controlla l&#8217;orientamento orizzontale delle ali prima di serrare definitivamente.<\/li>\n<\/ol>\n<\/div>\n<h3>Il Nero Dialoga con la Luce e la Materia<\/h3>\n<p>*Il nero opaco dialoga con materiali e colori specifici: la scelta dell&#8217;abbinamento determina l&#8217;atmosfera finale dello spazio.*<\/p>\n<p>Per un impatto grafico massimo, scegli una parete bianca o grigio chiarissimo. Il contrasto monocromatico enfatizza la sagoma stilizzata e la rende scultura pura.<\/p>\n<p>Se preferisci addolcire la forza del nero, opta per toni neutri caldi: greige, tortora, sabbia. Questi colori avvolgono la fenice in un&#8217;atmosfera introversa ed elegante, perfetta per la camera da letto.<\/p>\n<div class=\"article-table-wrap\">\n<table class=\"article-table\">\n<thead>\n<tr>\n<th>Palette<\/th>\n<th>Atmosfera<\/th>\n<th>Ambiente ideale<\/th>\n<\/tr>\n<\/thead>\n<tbody>\n<tr>\n<td>Nero su bianco<\/td>\n<td>Grafica, essenziale<\/td>\n<td>Soggiorno minimal<\/td>\n<\/tr>\n<tr>\n<td>Nero su greige<\/td>\n<td>Calda, avvolgente<\/td>\n<td>Camera da letto<\/td>\n<\/tr>\n<tr>\n<td>Nero su verde salvia<\/td>\n<td>Naturale, rigenerante<\/td>\n<td>Spazio creativo<\/td>\n<\/tr>\n<tr>\n<td>Nero su grigio antracite<\/td>\n<td>Metropolitana, sofisticata<\/td>\n<td>Ufficio contemporaneo<\/td>\n<\/tr>\n<\/tbody>\n<\/table>\n<\/div>\n<p>Per gli abbinamenti materici, il legno naturale o laccato crea contrasto tattile. Vetro e specchi amplificano la leggerezza percepita. Il metallo spazzolato \u2013 ottone o bronzo \u2013 aggiunge accenti di luce calda che richiamano discretamente l&#8217;elemento fuoco della fenice.<\/p>\n<h3>Un Gesto per Chi Cambia<\/h3>\n<p>*Regalare un oggetto simbolico significa riconoscere il percorso dell&#8217;altro e offrire un talismano tangibile per il viaggio.*<\/p>\n<p>Quando qualcuno attraversa un grande cambiamento \u2013 separazione, lutto, nuovo lavoro, trasloco \u2013 le parole spesso non bastano. Un <a href=\"https:\/\/www.trueiconicdesign.com\/it\/product\/fenice-nera-da-parete-simbolo-di-rinascita-e-nuovo-inizio\/\">simbolo di rinascita in bioplastica nera<\/a> diventa messaggio silenzioso: &#8220;Ti vedo. So che stai rinascendo. Ecco qualcosa che ti ricorder\u00e0 la tua forza.&#8221;<\/p>\n<p>La scelta del nero \u00e8 significativa. Non \u00e8 il colore della gioia immediata, ma della trasformazione profonda. \u00c8 il colore della notte prima dell&#8217;alba, della terra prima del germoglio.<\/p>\n<div class=\"article-box article-box--info\">\n<strong>Occasioni per regalare la fenice nera<\/strong><\/p>\n<p>Nuovo inizio professionale, fine di una relazione importante, completamento di un percorso terapeutico, trasloco in una nuova citt\u00e0, superamento di una malattia, avvio di un progetto personale a lungo rimandato.<\/p>\n<\/div>\n<h3>Cosa Spegne la Presenza dell&#8217;Oggetto<\/h3>\n<p>*Tre errori comuni trasformano un punto focale potente in decorazione anonima.*<\/p>\n<p>**Errore uno: sovraffollamento.** Circondare la fenice con troppi quadri, foto o mensole spegne il suo impatto simbolico. Il silenzio visivo intorno a un simbolo ne amplifica la voce.<\/p>\n<p>**Errore due: illuminazione assente.** Posizionare la fenice in zone eccessivamente buie dove il nero si confonde con la parete. Il nero opaco necessita di luce per esistere come contrasto.<\/p>\n<p>**Errore tre: contesto stilistico incoerente.** Inserire la fenice in ambienti eccessivamente classici \u2013 stucchi dorati, mobili Luigi XV \u2013 senza un ponte di raccordo contemporaneo. Il design essenziale della fenice appartiene al linguaggio contemporaneo: minimalismo, industrial chic, wabi-sabi, dark academia.<\/p>\n<h3>Materia e Misure<\/h3>\n<p>*I dettagli pratici determinano la fattibilit\u00e0 del progetto: misure, materiale, peso influenzano la scelta della parete e del fissaggio.*<\/p>\n<p>La <a href=\"https:\/\/www.trueiconicdesign.com\/it\/product\/fenice-nera-da-parete-simbolo-di-rinascita-e-nuovo-inizio\/\">decorazione da parete in PLA nero<\/a> misura 23 cm di larghezza per 19,5 cm di altezza, con una profondit\u00e0 di 1,5 cm. Le dimensioni compatte la rendono adatta a qualsiasi ambiente: camera da letto, soggiorno, cucina, ufficio, spazio creativo.<\/p>\n<p>Il materiale \u00e8 bioplastica PLA a base di mais, prodotta artigianalmente in Italia con stampa 3D. La texture granulosa visibile \u00e8 traccia del processo creativo, non difetto: aggiunge valore artigianale e tattilit\u00e0.<\/p>\n<p>Lo stile \u00e8 contemporaneo, il colore nero opaco. La leggerezza del PLA permette il montaggio su qualsiasi parete, anche cartongesso, usando la dima di foratura fornita.<\/p>\n<h3>Abitare il Cambiamento<\/h3>\n<p>Arredare non \u00e8 solo riempire spazi vuoti. \u00c8 scegliere quali storie vogliamo che le nostre pareti raccontino, quali simboli vogliamo come compagni silenziosi nelle giornate difficili.<\/p>\n<p>La fenice nera sulla parete non cambier\u00e0 la tua vita. Ma ti ricorder\u00e0, ogni mattina, che sei gi\u00e0 cambiato mille volte. E che rinascerai ancora.<\/p>\n","protected":false},"excerpt":{"rendered":"<p>La fenice nera da parete \u00e8 un amuleto domestico che simboleggia la rinascita e la trasformazione interiore. Con la sua silhouette ascendente e il contrasto grafico, diventa un punto focale che ancorano le intenzioni nello spazio, richiedendo isolamento visivo per esprimere tutta la sua forza.<\/p>\n","protected":false},"author":3,"featured_media":811,"comment_status":"closed","ping_status":"","sticky":false,"template":"","format":"standard","meta":{"foradditive_qa_html":"<section class=\"foradditive-faq\"><div class=\"foradditive-faq-item\"><h3>Qual \u00e8 il significato simbolico della fenice nera?<\/h3><p>La fenice nera rappresenta la capacit\u00e0 di rinascere dalle ceneri dopo una trasformazione personale. Il colore nero opaco simboleggia protezione, forza interiore e potenziale inespresso.<\/p><\/div><div class=\"foradditive-faq-item\"><h3>Dove \u00e8 consigliabile posizionare la fenice nera in casa?<\/h3><p>Il punto ideale \u00e8 al centro di una parete libera, come sopra una console nell&#x27;ingresso o centrata sulla testata del letto in camera. \u00c8 fondamentale lasciare respiro visivo intorno all&#x27;oggetto.<\/p><\/div><div class=\"foradditive-faq-item\"><h3>Che tipo di illuminazione serve per valorizzare la fenice nera?<\/h3><p>Essendo in nero opaco, richiede contrasti luminosi come una luce radente laterale o un faretto dall&#x27;alto. Questa illuminazione esalta il profilo stratificato e la texture granulosa.<\/p><\/div><div class=\"foradditive-faq-item\"><h3>Di quale materiale \u00e8 realizzata la fenice nera descritta?<\/h3><p>L&#x27;articolo specifica che la fenice ha una texture granulosa ed \u00e8 realizzata in bioplastica PLA. Questo materiale permette di ottenere il particolare effetto visivo descritto.<\/p><\/div><div class=\"foradditive-faq-item\"><h3>A quale altezza va installata la fenice nera sulla parete?<\/h3><p>Va posizionata all&#x27;altezza degli occhi quando si \u00e8 in piedi, indicativamente tra i 160 e i 170 cm da terra. Questa collocazione garantisce la massima presenza visiva nello spazio.<\/p><\/div><\/section>","foradditive_qa_html_en":"<section class=\"foradditive-faq\"><div class=\"foradditive-faq-item\"><h3>What is the symbolic meaning of the black phoenix?<\/h3><p>The black phoenix represents the ability to rise from the ashes after a personal transformation. The matte black color symbolizes protection, inner strength, and untapped potential.<\/p><\/div><div class=\"foradditive-faq-item\"><h3>Where is it advisable to place the black phoenix in the home?<\/h3><p>The ideal spot is the center of a free wall, such as above a console in the entryway or centered on the bed headboard in the bedroom. It is essential to leave visual breathing room around the object.<\/p><\/div><div class=\"foradditive-faq-item\"><h3>What type of lighting is needed to enhance the black phoenix?<\/h3><p>Being matte black, it requires bright contrasts such as side grazing light or a spotlight from above. This lighting highlights the layered profile and granular texture.<\/p><\/div><div class=\"foradditive-faq-item\"><h3>What material is the described black phoenix made of?<\/h3><p>The item specifies that the phoenix has a granular texture and is made of PLA bioplastic. This material allows achieving the particular visual effect described.<\/p><\/div><div class=\"foradditive-faq-item\"><h3>At what height should the black phoenix be installed on the wall?<\/h3><p>It should be positioned at eye level when standing, approximately between 160 and 170 cm from the floor. This placement ensures maximum visual presence in the space.<\/p><\/div><\/section>","foradditive_qa_html_fr":"<section class=\"foradditive-faq\"><div class=\"foradditive-faq-item\"><h3>Quel est le sens symbolique du ph\u00e9nix noir ?<\/h3><p>Le ph\u00e9nix noir repr\u00e9sente la capacit\u00e9 de rena\u00eetre de ses cendres apr\u00e8s une transformation personnelle. Sa couleur noire mate symbolise la protection, la force int\u00e9rieure et le potentiel inexploit\u00e9.<\/p><\/div><div class=\"foradditive-faq-item\"><h3>O\u00f9 est-il conseill\u00e9 de placer le ph\u00e9nix noir dans la maison ?<\/h3><p>L&#x27;emplacement id\u00e9al est au centre d&#x27;un mur d\u00e9gag\u00e9, comme au-dessus d&#x27;une console dans l&#x27;entr\u00e9e ou centr\u00e9 sur la t\u00eate de lit dans la chambre. Il est essentiel de laisser un espace visuel autour de l&#x27;objet.<\/p><\/div><div class=\"foradditive-faq-item\"><h3>Quel type d&#x27;\u00e9clairage faut-il pour mettre en valeur le ph\u00e9nix noir ?<\/h3><p>\u00c9tant de couleur noire mate, il n\u00e9cessite des contrastes lumineux tels qu&#x27;une lumi\u00e8re rasante lat\u00e9rale ou un spot dirig\u00e9 depuis le haut. Cet \u00e9clairage met en relief le profil stratifi\u00e9 et la texture granuleuse.<\/p><\/div><div class=\"foradditive-faq-item\"><h3>De quel mat\u00e9riau est fait le ph\u00e9nix noir d\u00e9crit ?<\/h3><p>L&#x27;article pr\u00e9cise que le ph\u00e9nix poss\u00e8de une texture granuleuse et est r\u00e9alis\u00e9 en bioplastique PLA. Ce mat\u00e9riau permet d&#x27;obtenir l&#x27;effet visuel particulier d\u00e9crit.<\/p><\/div><div class=\"foradditive-faq-item\"><h3>\u00c0 quelle hauteur doit-on installer le ph\u00e9nix noir sur le mur ?<\/h3><p>Il doit \u00eatre plac\u00e9 \u00e0 hauteur des yeux lorsque l&#x27;on est debout, soit approximativement entre 160 et 170 cm du sol. Cette position garantit une pr\u00e9sence visuelle maximale dans l&#x27;espace.<\/p><\/div><\/section>","foradditive_qa_html_de":"<section class=\"foradditive-faq\"><div class=\"foradditive-faq-item\"><h3>Was ist die symbolische Bedeutung des schwarzen Ph\u00f6nix?<\/h3><p>Der schwarze Ph\u00f6nix steht f\u00fcr die F\u00e4higkeit, nach einer pers\u00f6nlichen Verwandlung aus der Asche wiedergeboren zu werden. Die matte schwarze Farbe symbolisiert Schutz, innere St\u00e4rke und unentfaltetes Potenzial.<\/p><\/div><div class=\"foradditive-faq-item\"><h3>Wo wird empfohlen, den schwarzen Ph\u00f6nix im Haus zu platzieren?<\/h3><p>Der ideale Ort ist die Mitte einer freien Wand, etwa \u00fcber einer Konsole im Eingangsbereich oder zentriert \u00fcber dem Kopfende des Bettes im Schlafzimmer. Es ist entscheidend, dem Objekt visuellen Atemraum zu lassen.<\/p><\/div><div class=\"foradditive-faq-item\"><h3>Welche Art von Beleuchtung wird ben\u00f6tigt, um den schwarzen Ph\u00f6nix zur Geltung zu bringen?<\/h3><p>Da er matt schwarz ist, ben\u00f6tigt er helle Kontraste wie seitliches Streiflicht oder einen Spot von oben. Diese Beleuchtung hebt das geschichtete Profil und die k\u00f6rnige Textur hervor.<\/p><\/div><div class=\"foradditive-faq-item\"><h3>Aus welchem Material besteht der beschriebene schwarze Ph\u00f6nix?<\/h3><p>Der Artikel gibt an, dass der Ph\u00f6nix eine k\u00f6rnige Textur hat und aus PLA-Biokunststoff gefertigt ist. Dieses Material erm\u00f6glicht den beschriebenen besonderen visuellen Effekt.<\/p><\/div><div class=\"foradditive-faq-item\"><h3>In welcher H\u00f6he sollte der schwarze Ph\u00f6nix an der Wand angebracht werden?<\/h3><p>Er sollte auf Augenh\u00f6he im Stehen positioniert werden, also etwa zwischen 160 und 170 cm \u00fcber dem Boden. Diese Platzierung gew\u00e4hrleistet eine maximale visuelle Pr\u00e4senz im Raum.<\/p><\/div><\/section>","foradditive_qa_html_es":"<section class=\"foradditive-faq\"><div class=\"foradditive-faq-item\"><h3>\u00bfCu\u00e1l es el significado simb\u00f3lico del f\u00e9nix negro?<\/h3><p>El f\u00e9nix negro representa la capacidad de renacer de las cenizas tras una transformaci\u00f3n personal. El color negro mate simboliza protecci\u00f3n, fuerza interior y potencial no expresado.<\/p><\/div><div class=\"foradditive-faq-item\"><h3>\u00bfD\u00f3nde se recomienda colocar el f\u00e9nix negro en casa?<\/h3><p>El lugar ideal es el centro de una pared libre, como encima de una consola en la entrada o centrado sobre el cabecero de la cama en el dormitorio. Es fundamental dejar espacio visual alrededor del objeto.<\/p><\/div><div class=\"foradditive-faq-item\"><h3>\u00bfQu\u00e9 tipo de iluminaci\u00f3n se necesita para realzar el f\u00e9nix negro?<\/h3><p>Al ser de color negro mate, requiere contrastes luminosos como una luz rasante lateral o un foco desde arriba. Esta iluminaci\u00f3n resalta el perfil estratificado y la textura granulada.<\/p><\/div><div class=\"foradditive-faq-item\"><h3>\u00bfDe qu\u00e9 material est\u00e1 hecho el f\u00e9nix negro descrito?<\/h3><p>El art\u00edculo especifica que el f\u00e9nix tiene una textura granulada y est\u00e1 fabricado en biopl\u00e1stico PLA. Este material permite lograr el efecto visual particular descrito.<\/p><\/div><div class=\"foradditive-faq-item\"><h3>\u00bfA qu\u00e9 altura debe instalarse el f\u00e9nix negro en la pared?<\/h3><p>Debe colocarse a la altura de los ojos cuando se est\u00e1 de pie, aproximadamente entre 160 y 170 cm del suelo. Esta ubicaci\u00f3n garantiza la m\u00e1xima presencia visual en el espacio.<\/p><\/div><\/section>","foradditive_qa_jsonld":"{\"@context\":\"https:\/\/schema.org\",\"@type\":\"FAQPage\",\"inLanguage\":\"it\",\"mainEntity\":[{\"@type\":\"Question\",\"name\":\"Qual \u00e8 il significato simbolico della fenice nera?\",\"acceptedAnswer\":{\"@type\":\"Answer\",\"text\":\"La fenice nera rappresenta la capacit\u00e0 di rinascere dalle ceneri dopo una trasformazione personale. Il colore nero opaco simboleggia protezione, forza interiore e potenziale inespresso.\"}},{\"@type\":\"Question\",\"name\":\"Dove \u00e8 consigliabile posizionare la fenice nera in casa?\",\"acceptedAnswer\":{\"@type\":\"Answer\",\"text\":\"Il punto ideale \u00e8 al centro di una parete libera, come sopra una console nell'ingresso o centrata sulla testata del letto in camera. \u00c8 fondamentale lasciare respiro visivo intorno all'oggetto.\"}},{\"@type\":\"Question\",\"name\":\"Che tipo di illuminazione serve per valorizzare la fenice nera?\",\"acceptedAnswer\":{\"@type\":\"Answer\",\"text\":\"Essendo in nero opaco, richiede contrasti luminosi come una luce radente laterale o un faretto dall'alto. Questa illuminazione esalta il profilo stratificato e la texture granulosa.\"}},{\"@type\":\"Question\",\"name\":\"Di quale materiale \u00e8 realizzata la fenice nera descritta?\",\"acceptedAnswer\":{\"@type\":\"Answer\",\"text\":\"L'articolo specifica che la fenice ha una texture granulosa ed \u00e8 realizzata in bioplastica PLA. Questo materiale permette di ottenere il particolare effetto visivo descritto.\"}},{\"@type\":\"Question\",\"name\":\"A quale altezza va installata la fenice nera sulla parete?\",\"acceptedAnswer\":{\"@type\":\"Answer\",\"text\":\"Va posizionata all'altezza degli occhi quando si \u00e8 in piedi, indicativamente tra i 160 e i 170 cm da terra. Questa collocazione garantisce la massima presenza visiva nello spazio.\"}}]}","foradditive_qa_jsonld_en":"{\"@context\":\"https:\/\/schema.org\",\"@type\":\"FAQPage\",\"inLanguage\":\"en\",\"mainEntity\":[{\"@type\":\"Question\",\"name\":\"What is the symbolic meaning of the black phoenix?\",\"acceptedAnswer\":{\"@type\":\"Answer\",\"text\":\"The black phoenix represents the ability to rise from the ashes after a personal transformation. The matte black color symbolizes protection, inner strength, and untapped potential.\"}},{\"@type\":\"Question\",\"name\":\"Where is it advisable to place the black phoenix in the home?\",\"acceptedAnswer\":{\"@type\":\"Answer\",\"text\":\"The ideal spot is the center of a free wall, such as above a console in the entryway or centered on the bed headboard in the bedroom. It is essential to leave visual breathing room around the object.\"}},{\"@type\":\"Question\",\"name\":\"What type of lighting is needed to enhance the black phoenix?\",\"acceptedAnswer\":{\"@type\":\"Answer\",\"text\":\"Being matte black, it requires bright contrasts such as side grazing light or a spotlight from above. This lighting highlights the layered profile and granular texture.\"}},{\"@type\":\"Question\",\"name\":\"What material is the described black phoenix made of?\",\"acceptedAnswer\":{\"@type\":\"Answer\",\"text\":\"The item specifies that the phoenix has a granular texture and is made of PLA bioplastic. This material allows achieving the particular visual effect described.\"}},{\"@type\":\"Question\",\"name\":\"At what height should the black phoenix be installed on the wall?\",\"acceptedAnswer\":{\"@type\":\"Answer\",\"text\":\"It should be positioned at eye level when standing, approximately between 160 and 170 cm from the floor. This placement ensures maximum visual presence in the space.\"}}]}","foradditive_qa_jsonld_fr":"{\"@context\":\"https:\/\/schema.org\",\"@type\":\"FAQPage\",\"inLanguage\":\"fr\",\"mainEntity\":[{\"@type\":\"Question\",\"name\":\"Quel est le sens symbolique du ph\u00e9nix noir ?\",\"acceptedAnswer\":{\"@type\":\"Answer\",\"text\":\"Le ph\u00e9nix noir repr\u00e9sente la capacit\u00e9 de rena\u00eetre de ses cendres apr\u00e8s une transformation personnelle. Sa couleur noire mate symbolise la protection, la force int\u00e9rieure et le potentiel inexploit\u00e9.\"}},{\"@type\":\"Question\",\"name\":\"O\u00f9 est-il conseill\u00e9 de placer le ph\u00e9nix noir dans la maison ?\",\"acceptedAnswer\":{\"@type\":\"Answer\",\"text\":\"L'emplacement id\u00e9al est au centre d'un mur d\u00e9gag\u00e9, comme au-dessus d'une console dans l'entr\u00e9e ou centr\u00e9 sur la t\u00eate de lit dans la chambre. Il est essentiel de laisser un espace visuel autour de l'objet.\"}},{\"@type\":\"Question\",\"name\":\"Quel type d'\u00e9clairage faut-il pour mettre en valeur le ph\u00e9nix noir ?\",\"acceptedAnswer\":{\"@type\":\"Answer\",\"text\":\"\u00c9tant de couleur noire mate, il n\u00e9cessite des contrastes lumineux tels qu'une lumi\u00e8re rasante lat\u00e9rale ou un spot dirig\u00e9 depuis le haut. Cet \u00e9clairage met en relief le profil stratifi\u00e9 et la texture granuleuse.\"}},{\"@type\":\"Question\",\"name\":\"De quel mat\u00e9riau est fait le ph\u00e9nix noir d\u00e9crit ?\",\"acceptedAnswer\":{\"@type\":\"Answer\",\"text\":\"L'article pr\u00e9cise que le ph\u00e9nix poss\u00e8de une texture granuleuse et est r\u00e9alis\u00e9 en bioplastique PLA. Ce mat\u00e9riau permet d'obtenir l'effet visuel particulier d\u00e9crit.\"}},{\"@type\":\"Question\",\"name\":\"\u00c0 quelle hauteur doit-on installer le ph\u00e9nix noir sur le mur ?\",\"acceptedAnswer\":{\"@type\":\"Answer\",\"text\":\"Il doit \u00eatre plac\u00e9 \u00e0 hauteur des yeux lorsque l'on est debout, soit approximativement entre 160 et 170 cm du sol. Cette position garantit une pr\u00e9sence visuelle maximale dans l'espace.\"}}]}","foradditive_qa_jsonld_de":"{\"@context\":\"https:\/\/schema.org\",\"@type\":\"FAQPage\",\"inLanguage\":\"de\",\"mainEntity\":[{\"@type\":\"Question\",\"name\":\"Was ist die symbolische Bedeutung des schwarzen Ph\u00f6nix?\",\"acceptedAnswer\":{\"@type\":\"Answer\",\"text\":\"Der schwarze Ph\u00f6nix steht f\u00fcr die F\u00e4higkeit, nach einer pers\u00f6nlichen Verwandlung aus der Asche wiedergeboren zu werden. Die matte schwarze Farbe symbolisiert Schutz, innere St\u00e4rke und unentfaltetes Potenzial.\"}},{\"@type\":\"Question\",\"name\":\"Wo wird empfohlen, den schwarzen Ph\u00f6nix im Haus zu platzieren?\",\"acceptedAnswer\":{\"@type\":\"Answer\",\"text\":\"Der ideale Ort ist die Mitte einer freien Wand, etwa \u00fcber einer Konsole im Eingangsbereich oder zentriert \u00fcber dem Kopfende des Bettes im Schlafzimmer. Es ist entscheidend, dem Objekt visuellen Atemraum zu lassen.\"}},{\"@type\":\"Question\",\"name\":\"Welche Art von Beleuchtung wird ben\u00f6tigt, um den schwarzen Ph\u00f6nix zur Geltung zu bringen?\",\"acceptedAnswer\":{\"@type\":\"Answer\",\"text\":\"Da er matt schwarz ist, ben\u00f6tigt er helle Kontraste wie seitliches Streiflicht oder einen Spot von oben. Diese Beleuchtung hebt das geschichtete Profil und die k\u00f6rnige Textur hervor.\"}},{\"@type\":\"Question\",\"name\":\"Aus welchem Material besteht der beschriebene schwarze Ph\u00f6nix?\",\"acceptedAnswer\":{\"@type\":\"Answer\",\"text\":\"Der Artikel gibt an, dass der Ph\u00f6nix eine k\u00f6rnige Textur hat und aus PLA-Biokunststoff gefertigt ist. Dieses Material erm\u00f6glicht den beschriebenen besonderen visuellen Effekt.\"}},{\"@type\":\"Question\",\"name\":\"In welcher H\u00f6he sollte der schwarze Ph\u00f6nix an der Wand angebracht werden?\",\"acceptedAnswer\":{\"@type\":\"Answer\",\"text\":\"Er sollte auf Augenh\u00f6he im Stehen positioniert werden, also etwa zwischen 160 und 170 cm \u00fcber dem Boden. Diese Platzierung gew\u00e4hrleistet eine maximale visuelle Pr\u00e4senz im Raum.\"}}]}","foradditive_qa_jsonld_es":"{\"@context\":\"https:\/\/schema.org\",\"@type\":\"FAQPage\",\"inLanguage\":\"es\",\"mainEntity\":[{\"@type\":\"Question\",\"name\":\"\u00bfCu\u00e1l es el significado simb\u00f3lico del f\u00e9nix negro?\",\"acceptedAnswer\":{\"@type\":\"Answer\",\"text\":\"El f\u00e9nix negro representa la capacidad de renacer de las cenizas tras una transformaci\u00f3n personal. El color negro mate simboliza protecci\u00f3n, fuerza interior y potencial no expresado.\"}},{\"@type\":\"Question\",\"name\":\"\u00bfD\u00f3nde se recomienda colocar el f\u00e9nix negro en casa?\",\"acceptedAnswer\":{\"@type\":\"Answer\",\"text\":\"El lugar ideal es el centro de una pared libre, como encima de una consola en la entrada o centrado sobre el cabecero de la cama en el dormitorio. Es fundamental dejar espacio visual alrededor del objeto.\"}},{\"@type\":\"Question\",\"name\":\"\u00bfQu\u00e9 tipo de iluminaci\u00f3n se necesita para realzar el f\u00e9nix negro?\",\"acceptedAnswer\":{\"@type\":\"Answer\",\"text\":\"Al ser de color negro mate, requiere contrastes luminosos como una luz rasante lateral o un foco desde arriba. Esta iluminaci\u00f3n resalta el perfil estratificado y la textura granulada.\"}},{\"@type\":\"Question\",\"name\":\"\u00bfDe qu\u00e9 material est\u00e1 hecho el f\u00e9nix negro descrito?\",\"acceptedAnswer\":{\"@type\":\"Answer\",\"text\":\"El art\u00edculo especifica que el f\u00e9nix tiene una textura granulada y est\u00e1 fabricado en biopl\u00e1stico PLA. Este material permite lograr el efecto visual particular descrito.\"}},{\"@type\":\"Question\",\"name\":\"\u00bfA qu\u00e9 altura debe instalarse el f\u00e9nix negro en la pared?\",\"acceptedAnswer\":{\"@type\":\"Answer\",\"text\":\"Debe colocarse a la altura de los ojos cuando se est\u00e1 de pie, aproximadamente entre 160 y 170 cm del suelo. Esta ubicaci\u00f3n garantiza la m\u00e1xima presencia visual en el espacio.\"}}]}","foradditive_slug_en":"black-phoenix-amulet-rebirth-wall","foradditive_slug_fr":"phoenix-noire-amulette-renaissance-mur","foradditive_slug_de":"schwarzer-phoenix-amulett-wiedergeburt-wand","foradditive_slug_es":"fenix-negra-amuleto-renacimiento-pared","foradditive_audio_summary_it":0,"foradditive_audio_summary_en":0,"foradditive_audio_summary_fr":0,"foradditive_audio_summary_de":0,"foradditive_audio_summary_es":0,"footnotes":""},"categories":[33],"tags":[],"foradditive_tecnologie":[],"foradditive_materiali":[],"foradditive_applicazioni":[],"foradditive_case_studies":[],"foradditive_settori_industriali":[],"class_list":["post-810","post","type-post","status-publish","format-standard","has-post-thumbnail","hentry","category-design"],"yoast_head":"<!-- This site is optimized with the Yoast SEO plugin v28.3 - https:\/\/yoast.com\/product\/yoast-seo-wordpress\/ -->\n<title>Fenice Nera: un amuleto di rinascita per la parete - True Iconic Design<\/title>\n<meta name=\"description\" content=\"Scopri la Fenice Nera: un amuleto di rinascita in PLA per la parete. Guida alla collocazione ideale in casa e ufficio per trasformare lo spazio.\" \/>\n<meta name=\"robots\" content=\"index, follow, max-snippet:-1, max-image-preview:large, max-video-preview:-1\" \/>\n<link rel=\"canonical\" href=\"https:\/\/www.trueiconicdesign.com\/it\/fenice-nera-amuleto-rinascita-parete\/\" \/>\n<meta property=\"og:locale\" content=\"it_IT\" \/>\n<meta property=\"og:type\" content=\"article\" \/>\n<meta property=\"og:title\" content=\"Fenice Nera: un amuleto di rinascita per la parete - True Iconic Design\" \/>\n<meta property=\"og:description\" content=\"Scopri la Fenice Nera: un amuleto di rinascita in PLA per la parete. Guida alla collocazione ideale in casa e ufficio per trasformare lo spazio.\" \/>\n<meta property=\"og:url\" content=\"https:\/\/www.trueiconicdesign.com\/it\/fenice-nera-amuleto-rinascita-parete\/\" \/>\n<meta property=\"og:site_name\" content=\"True Iconic Design\" \/>\n<meta property=\"article:published_time\" content=\"2026-08-31T09:29:29+00:00\" \/>\n<meta property=\"og:image\" content=\"https:\/\/www.trueiconicdesign.com\/wp-content\/uploads\/2026\/08\/featured-fenice-nera-un-amuleto-di-rinascita-per-la-parete-1024x1024.png\" \/>\n\t<meta property=\"og:image:width\" content=\"1024\" \/>\n\t<meta property=\"og:image:height\" content=\"1024\" \/>\n\t<meta property=\"og:image:type\" content=\"image\/png\" \/>\n<meta name=\"author\" content=\"sync\" \/>\n<meta name=\"twitter:card\" content=\"summary_large_image\" \/>\n<meta name=\"twitter:label1\" content=\"Scritto da\" \/>\n\t<meta name=\"twitter:data1\" content=\"sync\" \/>\n\t<meta name=\"twitter:label2\" content=\"Tempo di lettura stimato\" \/>\n\t<meta name=\"twitter:data2\" content=\"5 minuti\" \/>\n<script type=\"application\/ld+json\" class=\"yoast-schema-graph\">{\"@context\":\"https:\\\/\\\/schema.org\",\"@graph\":[{\"@type\":\"Article\",\"@id\":\"https:\\\/\\\/www.trueiconicdesign.com\\\/it\\\/fenice-nera-amuleto-rinascita-parete\\\/#article\",\"isPartOf\":{\"@id\":\"https:\\\/\\\/www.trueiconicdesign.com\\\/it\\\/fenice-nera-amuleto-rinascita-parete\\\/\"},\"author\":{\"name\":\"sync\",\"@id\":\"https:\\\/\\\/wordpress.m.3dbooster.com\\\/it\\\/#\\\/schema\\\/person\\\/5a1c00cc9c7362ff5de0d9bea94fec08\"},\"headline\":\"Fenice Nera: un amuleto di rinascita per la parete\",\"datePublished\":\"2026-08-31T09:29:29+00:00\",\"mainEntityOfPage\":{\"@id\":\"https:\\\/\\\/www.trueiconicdesign.com\\\/it\\\/fenice-nera-amuleto-rinascita-parete\\\/\"},\"wordCount\":1012,\"publisher\":{\"@id\":\"https:\\\/\\\/www.trueiconicdesign.com\\\/en\\\/#organization\"},\"image\":{\"@id\":\"https:\\\/\\\/www.trueiconicdesign.com\\\/it\\\/fenice-nera-amuleto-rinascita-parete\\\/#primaryimage\"},\"thumbnailUrl\":\"https:\\\/\\\/www.trueiconicdesign.com\\\/wp-content\\\/uploads\\\/2026\\\/08\\\/featured-fenice-nera-un-amuleto-di-rinascita-per-la-parete.png\",\"articleSection\":[\"Design\"],\"inLanguage\":\"it-IT\"},{\"@type\":\"WebPage\",\"@id\":\"https:\\\/\\\/www.trueiconicdesign.com\\\/it\\\/fenice-nera-amuleto-rinascita-parete\\\/\",\"url\":\"https:\\\/\\\/www.trueiconicdesign.com\\\/it\\\/fenice-nera-amuleto-rinascita-parete\\\/\",\"name\":\"Fenice Nera: un amuleto di rinascita per la parete - True Iconic Design\",\"isPartOf\":{\"@id\":\"https:\\\/\\\/www.trueiconicdesign.com\\\/en\\\/#website\"},\"primaryImageOfPage\":{\"@id\":\"https:\\\/\\\/www.trueiconicdesign.com\\\/it\\\/fenice-nera-amuleto-rinascita-parete\\\/#primaryimage\"},\"image\":{\"@id\":\"https:\\\/\\\/www.trueiconicdesign.com\\\/it\\\/fenice-nera-amuleto-rinascita-parete\\\/#primaryimage\"},\"thumbnailUrl\":\"https:\\\/\\\/www.trueiconicdesign.com\\\/wp-content\\\/uploads\\\/2026\\\/08\\\/featured-fenice-nera-un-amuleto-di-rinascita-per-la-parete.png\",\"datePublished\":\"2026-08-31T09:29:29+00:00\",\"description\":\"Scopri la Fenice Nera: un amuleto di rinascita in PLA per la parete. Guida alla collocazione ideale in casa e ufficio per trasformare lo spazio.\",\"breadcrumb\":{\"@id\":\"https:\\\/\\\/www.trueiconicdesign.com\\\/it\\\/fenice-nera-amuleto-rinascita-parete\\\/#breadcrumb\"},\"inLanguage\":\"it-IT\",\"potentialAction\":[{\"@type\":\"ReadAction\",\"target\":[\"https:\\\/\\\/www.trueiconicdesign.com\\\/it\\\/fenice-nera-amuleto-rinascita-parete\\\/\"]}]},{\"@type\":\"ImageObject\",\"inLanguage\":\"it-IT\",\"@id\":\"https:\\\/\\\/www.trueiconicdesign.com\\\/it\\\/fenice-nera-amuleto-rinascita-parete\\\/#primaryimage\",\"url\":\"https:\\\/\\\/www.trueiconicdesign.com\\\/wp-content\\\/uploads\\\/2026\\\/08\\\/featured-fenice-nera-un-amuleto-di-rinascita-per-la-parete.png\",\"contentUrl\":\"https:\\\/\\\/www.trueiconicdesign.com\\\/wp-content\\\/uploads\\\/2026\\\/08\\\/featured-fenice-nera-un-amuleto-di-rinascita-per-la-parete.png\",\"width\":2192,\"height\":2192},{\"@type\":\"BreadcrumbList\",\"@id\":\"https:\\\/\\\/www.trueiconicdesign.com\\\/it\\\/fenice-nera-amuleto-rinascita-parete\\\/#breadcrumb\",\"itemListElement\":[{\"@type\":\"ListItem\",\"position\":1,\"name\":\"Home\",\"item\":\"https:\\\/\\\/www.trueiconicdesign.com\\\/en\\\/\"},{\"@type\":\"ListItem\",\"position\":2,\"name\":\"Fenice Nera: un amuleto di rinascita per la parete\"}]},{\"@type\":\"WebSite\",\"@id\":\"https:\\\/\\\/www.trueiconicdesign.com\\\/en\\\/#website\",\"url\":\"https:\\\/\\\/www.trueiconicdesign.com\\\/en\\\/\",\"name\":\"True Iconic Design\",\"description\":\"emotional simbolic style design\",\"publisher\":{\"@id\":\"https:\\\/\\\/www.trueiconicdesign.com\\\/en\\\/#organization\"},\"alternateName\":\"4Additive - Additive manufacturing blog\",\"potentialAction\":[{\"@type\":\"SearchAction\",\"target\":{\"@type\":\"EntryPoint\",\"urlTemplate\":\"https:\\\/\\\/www.trueiconicdesign.com\\\/en\\\/?s={search_term_string}\"},\"query-input\":{\"@type\":\"PropertyValueSpecification\",\"valueRequired\":true,\"valueName\":\"search_term_string\"}}],\"inLanguage\":\"it-IT\"},{\"@type\":\"Organization\",\"@id\":\"https:\\\/\\\/www.trueiconicdesign.com\\\/en\\\/#organization\",\"name\":\"Emotional Symbolic Design\",\"alternateName\":\"4Additive\",\"url\":\"https:\\\/\\\/www.trueiconicdesign.com\\\/en\\\/\",\"logo\":{\"@type\":\"ImageObject\",\"inLanguage\":\"it-IT\",\"@id\":\"https:\\\/\\\/wordpress.m.3dbooster.com\\\/it\\\/#\\\/schema\\\/logo\\\/image\\\/\",\"url\":\"https:\\\/\\\/www.trueiconicdesign.com\\\/wp-content\\\/uploads\\\/2026\\\/07\\\/trueiconicdesign-logo.svg\",\"contentUrl\":\"https:\\\/\\\/www.trueiconicdesign.com\\\/wp-content\\\/uploads\\\/2026\\\/07\\\/trueiconicdesign-logo.svg\",\"caption\":\"Emotional Symbolic Design\"},\"image\":{\"@id\":\"https:\\\/\\\/wordpress.m.3dbooster.com\\\/it\\\/#\\\/schema\\\/logo\\\/image\\\/\"},\"sameAs\":[\"https:\\\/\\\/trueiconicdesign.etsy.com\\\/\"]},{\"@type\":\"Person\",\"@id\":\"https:\\\/\\\/wordpress.m.3dbooster.com\\\/it\\\/#\\\/schema\\\/person\\\/5a1c00cc9c7362ff5de0d9bea94fec08\",\"name\":\"sync\"}]}<\/script>\n<!-- \/ Yoast SEO plugin. -->","yoast_head_json":{"title":"Fenice Nera: un amuleto di rinascita per la parete - True Iconic Design","description":"Scopri la Fenice Nera: un amuleto di rinascita in PLA per la parete. Guida alla collocazione ideale in casa e ufficio per trasformare lo spazio.","robots":{"index":"index","follow":"follow","max-snippet":"max-snippet:-1","max-image-preview":"max-image-preview:large","max-video-preview":"max-video-preview:-1"},"canonical":"https:\/\/www.trueiconicdesign.com\/it\/fenice-nera-amuleto-rinascita-parete\/","og_locale":"it_IT","og_type":"article","og_title":"Fenice Nera: un amuleto di rinascita per la parete - True Iconic Design","og_description":"Scopri la Fenice Nera: un amuleto di rinascita in PLA per la parete. Guida alla collocazione ideale in casa e ufficio per trasformare lo spazio.","og_url":"https:\/\/www.trueiconicdesign.com\/it\/fenice-nera-amuleto-rinascita-parete\/","og_site_name":"True Iconic Design","article_published_time":"2026-08-31T09:29:29+00:00","og_image":[{"width":1024,"height":1024,"url":"https:\/\/www.trueiconicdesign.com\/wp-content\/uploads\/2026\/08\/featured-fenice-nera-un-amuleto-di-rinascita-per-la-parete-1024x1024.png","type":"image\/png"}],"author":"sync","twitter_card":"summary_large_image","twitter_misc":{"Scritto da":"sync","Tempo di lettura stimato":"5 minuti"},"schema":{"@context":"https:\/\/schema.org","@graph":[{"@type":"Article","@id":"https:\/\/www.trueiconicdesign.com\/it\/fenice-nera-amuleto-rinascita-parete\/#article","isPartOf":{"@id":"https:\/\/www.trueiconicdesign.com\/it\/fenice-nera-amuleto-rinascita-parete\/"},"author":{"name":"sync","@id":"https:\/\/wordpress.m.3dbooster.com\/it\/#\/schema\/person\/5a1c00cc9c7362ff5de0d9bea94fec08"},"headline":"Fenice Nera: un amuleto di rinascita per la parete","datePublished":"2026-08-31T09:29:29+00:00","mainEntityOfPage":{"@id":"https:\/\/www.trueiconicdesign.com\/it\/fenice-nera-amuleto-rinascita-parete\/"},"wordCount":1012,"publisher":{"@id":"https:\/\/www.trueiconicdesign.com\/en\/#organization"},"image":{"@id":"https:\/\/www.trueiconicdesign.com\/it\/fenice-nera-amuleto-rinascita-parete\/#primaryimage"},"thumbnailUrl":"https:\/\/www.trueiconicdesign.com\/wp-content\/uploads\/2026\/08\/featured-fenice-nera-un-amuleto-di-rinascita-per-la-parete.png","articleSection":["Design"],"inLanguage":"it-IT"},{"@type":"WebPage","@id":"https:\/\/www.trueiconicdesign.com\/it\/fenice-nera-amuleto-rinascita-parete\/","url":"https:\/\/www.trueiconicdesign.com\/it\/fenice-nera-amuleto-rinascita-parete\/","name":"Fenice Nera: un amuleto di rinascita per la parete - True Iconic Design","isPartOf":{"@id":"https:\/\/www.trueiconicdesign.com\/en\/#website"},"primaryImageOfPage":{"@id":"https:\/\/www.trueiconicdesign.com\/it\/fenice-nera-amuleto-rinascita-parete\/#primaryimage"},"image":{"@id":"https:\/\/www.trueiconicdesign.com\/it\/fenice-nera-amuleto-rinascita-parete\/#primaryimage"},"thumbnailUrl":"https:\/\/www.trueiconicdesign.com\/wp-content\/uploads\/2026\/08\/featured-fenice-nera-un-amuleto-di-rinascita-per-la-parete.png","datePublished":"2026-08-31T09:29:29+00:00","description":"Scopri la Fenice Nera: un amuleto di rinascita in PLA per la parete. Guida alla collocazione ideale in casa e ufficio per trasformare lo spazio.","breadcrumb":{"@id":"https:\/\/www.trueiconicdesign.com\/it\/fenice-nera-amuleto-rinascita-parete\/#breadcrumb"},"inLanguage":"it-IT","potentialAction":[{"@type":"ReadAction","target":["https:\/\/www.trueiconicdesign.com\/it\/fenice-nera-amuleto-rinascita-parete\/"]}]},{"@type":"ImageObject","inLanguage":"it-IT","@id":"https:\/\/www.trueiconicdesign.com\/it\/fenice-nera-amuleto-rinascita-parete\/#primaryimage","url":"https:\/\/www.trueiconicdesign.com\/wp-content\/uploads\/2026\/08\/featured-fenice-nera-un-amuleto-di-rinascita-per-la-parete.png","contentUrl":"https:\/\/www.trueiconicdesign.com\/wp-content\/uploads\/2026\/08\/featured-fenice-nera-un-amuleto-di-rinascita-per-la-parete.png","width":2192,"height":2192},{"@type":"BreadcrumbList","@id":"https:\/\/www.trueiconicdesign.com\/it\/fenice-nera-amuleto-rinascita-parete\/#breadcrumb","itemListElement":[{"@type":"ListItem","position":1,"name":"Home","item":"https:\/\/www.trueiconicdesign.com\/en\/"},{"@type":"ListItem","position":2,"name":"Fenice Nera: un amuleto di rinascita per la parete"}]},{"@type":"WebSite","@id":"https:\/\/www.trueiconicdesign.com\/en\/#website","url":"https:\/\/www.trueiconicdesign.com\/en\/","name":"True Iconic Design","description":"emotional simbolic style design","publisher":{"@id":"https:\/\/www.trueiconicdesign.com\/en\/#organization"},"alternateName":"4Additive - Additive manufacturing blog","potentialAction":[{"@type":"SearchAction","target":{"@type":"EntryPoint","urlTemplate":"https:\/\/www.trueiconicdesign.com\/en\/?s={search_term_string}"},"query-input":{"@type":"PropertyValueSpecification","valueRequired":true,"valueName":"search_term_string"}}],"inLanguage":"it-IT"},{"@type":"Organization","@id":"https:\/\/www.trueiconicdesign.com\/en\/#organization","name":"Emotional Symbolic Design","alternateName":"4Additive","url":"https:\/\/www.trueiconicdesign.com\/en\/","logo":{"@type":"ImageObject","inLanguage":"it-IT","@id":"https:\/\/wordpress.m.3dbooster.com\/it\/#\/schema\/logo\/image\/","url":"https:\/\/www.trueiconicdesign.com\/wp-content\/uploads\/2026\/07\/trueiconicdesign-logo.svg","contentUrl":"https:\/\/www.trueiconicdesign.com\/wp-content\/uploads\/2026\/07\/trueiconicdesign-logo.svg","caption":"Emotional Symbolic Design"},"image":{"@id":"https:\/\/wordpress.m.3dbooster.com\/it\/#\/schema\/logo\/image\/"},"sameAs":["https:\/\/trueiconicdesign.etsy.com\/"]},{"@type":"Person","@id":"https:\/\/wordpress.m.3dbooster.com\/it\/#\/schema\/person\/5a1c00cc9c7362ff5de0d9bea94fec08","name":"sync"}]}},"_links":{"self":[{"href":"https:\/\/www.trueiconicdesign.com\/it\/wp-json\/wp\/v2\/posts\/810","targetHints":{"allow":["GET"]}}],"collection":[{"href":"https:\/\/www.trueiconicdesign.com\/it\/wp-json\/wp\/v2\/posts"}],"about":[{"href":"https:\/\/www.trueiconicdesign.com\/it\/wp-json\/wp\/v2\/types\/post"}],"author":[{"embeddable":true,"href":"https:\/\/www.trueiconicdesign.com\/it\/wp-json\/wp\/v2\/users\/3"}],"replies":[{"embeddable":true,"href":"https:\/\/www.trueiconicdesign.com\/it\/wp-json\/wp\/v2\/comments?post=810"}],"version-history":[{"count":1,"href":"https:\/\/www.trueiconicdesign.com\/it\/wp-json\/wp\/v2\/posts\/810\/revisions"}],"predecessor-version":[{"id":812,"href":"https:\/\/www.trueiconicdesign.com\/it\/wp-json\/wp\/v2\/posts\/810\/revisions\/812"}],"wp:featuredmedia":[{"embeddable":true,"href":"https:\/\/www.trueiconicdesign.com\/it\/wp-json\/wp\/v2\/media\/811"}],"wp:attachment":[{"href":"https:\/\/www.trueiconicdesign.com\/it\/wp-json\/wp\/v2\/media?parent=810"}],"wp:term":[{"taxonomy":"category","embeddable":true,"href":"https:\/\/www.trueiconicdesign.com\/it\/wp-json\/wp\/v2\/categories?post=810"},{"taxonomy":"post_tag","embeddable":true,"href":"https:\/\/www.trueiconicdesign.com\/it\/wp-json\/wp\/v2\/tags?post=810"},{"taxonomy":"foradditive_tecnologie","embeddable":true,"href":"https:\/\/www.trueiconicdesign.com\/it\/wp-json\/wp\/v2\/foradditive_tecnologie?post=810"},{"taxonomy":"foradditive_materiali","embeddable":true,"href":"https:\/\/www.trueiconicdesign.com\/it\/wp-json\/wp\/v2\/foradditive_materiali?post=810"},{"taxonomy":"foradditive_applicazioni","embeddable":true,"href":"https:\/\/www.trueiconicdesign.com\/it\/wp-json\/wp\/v2\/foradditive_applicazioni?post=810"},{"taxonomy":"foradditive_case_studies","embeddable":true,"href":"https:\/\/www.trueiconicdesign.com\/it\/wp-json\/wp\/v2\/foradditive_case_studies?post=810"},{"taxonomy":"foradditive_settori_industriali","embeddable":true,"href":"https:\/\/www.trueiconicdesign.com\/it\/wp-json\/wp\/v2\/foradditive_settori_industriali?post=810"}],"curies":[{"name":"wp","href":"https:\/\/api.w.org\/{rel}","templated":true}]}}