{"id":670,"date":"2026-08-08T08:33:20","date_gmt":"2026-08-08T06:33:20","guid":{"rendered":"https:\/\/www.trueiconicdesign.com\/it\/?p=670"},"modified":"2026-08-10T14:18:51","modified_gmt":"2026-08-10T12:18:51","slug":"vaso-nero-scanalato-geometria-materia-dark-minimal","status":"publish","type":"post","link":"https:\/\/www.trueiconicdesign.com\/it\/vaso-nero-scanalato-geometria-materia-dark-minimal\/","title":{"rendered":"Vaso nero scanalato: geometria e materia per il dark-minimal"},"content":{"rendered":"<h2>Il vaso nero opaco scanalato: geometria verticale e materia contemporanea<\/h2>\n<p>Il nero opaco non \u00e8 assenza di colore, ma presenza silenziosa. Quando una superficie scanalata incontra la luce senza restituirla, nasce un dialogo tra materia e vuoto. Un vaso non \u00e8 solo un contenitore: \u00e8 un&#8217;architettura in miniatura che modifica lo spazio intorno a s\u00e9.<\/p>\n<p>Nella casa contemporanea, scegliere il nero opaco non \u00e8 una dichiarazione di intenti. \u00c8 una ricerca di quiete. Non cerca l&#8217;attenzione attraverso il luccichio, ma attraverso la purezza della forma e la profondit\u00e0 della finitura. Le scanalature verticali aggiungono un ritmo tattile, una texture che invita lo sguardo a fermarsi.<\/p>\n<h3>Minimalismo scuro: quando il vuoto diventa protagonista<\/h3>\n<p><em>Il minimalismo non \u00e8 sottrazione casuale, ma selezione consapevole. Ogni elemento presente deve giustificare la propria esistenza nello spazio.<\/em><\/p>\n<p>Il dark-minimal nasce dall&#8217;incontro tra l&#8217;estetica giapponese del ma (il vuoto significante) e la precisione geometrica occidentale. Un oggetto nero opaco in uno spazio chiaro non scompare: si ancora, crea gravit\u00e0 visiva, offre un punto di riposo all&#8217;occhio.<\/p>\n<p>La verticalit\u00e0 slanciata di un vaso cilindrico porta con s\u00e9 un senso di crescita, di aspirazione verso l&#8217;alto. Le scanalature parallele accentuano questo movimento ascensionale, mentre la base circolare garantisce stabilit\u00e0 fisica ed emotiva.<\/p>\n<div class=\"article-box article-box--highlight\">\n<strong>Elementi del dark-minimal<\/strong><\/p>\n<ul>\n<li>Superfici opache che assorbono la luce invece di rifletterla<\/li>\n<li>Geometrie essenziali con dettagli tattili misurati<\/li>\n<li>Contrasto netto tra pieni e vuoti, scuro e chiaro<\/li>\n<li>Materiali contemporanei con presenza discreta<\/li>\n<\/ul>\n<\/div>\n<p>La forza del minimalismo scuro risiede nella sua capacit\u00e0 di valorizzare ci\u00f2 che contiene. Un singolo stelo di pampas grass bianco contro una superficie nera diventa scultura. Tre rami di eucalipto essiccato acquistano monumentalit\u00e0.<\/p>\n<h3>Palette cromatiche: orchestrare il nero opaco<\/h3>\n<p><em>Il nero non \u00e8 neutro: \u00e8 un colore che dialoga, contrasta, amplifica. La sua efficacia dipende interamente da ci\u00f2 che gli sta accanto.<\/em><\/p>\n<p>Accostare il nero opaco al bianco caldo crea un contrasto grafico, quasi editoriale. \u00c8 la scelta pi\u00f9 netta, quella che trasforma ogni composizione in una dichiarazione visiva forte. Funziona in ambienti nordici o per chi cerca un&#8217;estetica da galleria d&#8217;arte.<\/p>\n<p>La combinazione con tonalit\u00e0 terra \u2013 ocra bruciata, terracotta, sabbia \u2013 ammorbidisce la durezza del nero. Nasce un&#8217;atmosfera desertica e avvolgente, dove il vaso diventa ancoraggio scuro in un paesaggio caldo. Si accorda con interni che cercano un equilibrio tra rigore e accoglienza.<\/p>\n<div class=\"article-table-wrap\">\n<table class=\"article-table\">\n<thead>\n<tr>\n<th>Palette<\/th>\n<th>Atmosfera<\/th>\n<th>Materiali complementari<\/th>\n<\/tr>\n<\/thead>\n<tbody>\n<tr>\n<td>Nero + bianco caldo<\/td>\n<td>Grafica e ieratica<\/td>\n<td>Legno sbiancato, lino grezzo<\/td>\n<\/tr>\n<tr>\n<td>Nero + terre bruciate<\/td>\n<td>Desertica e avvolgente<\/td>\n<td>Terracotta, corda naturale<\/td>\n<\/tr>\n<tr>\n<td>Nero + grigi pietra<\/td>\n<td>Nordica e meditativa<\/td>\n<td>Cemento, salvia, lana<\/td>\n<\/tr>\n<tr>\n<td>Nero + beige sabbia<\/td>\n<td>Wabi-sabi contemporaneo<\/td>\n<td>Legno naturale, cotone<\/td>\n<\/tr>\n<\/tbody>\n<\/table>\n<\/div>\n<p>Il grigio pietra con tocchi di verde salvia porta il nero verso un minimalismo nordico, meditativo. \u00c8 la scelta per chi cerca calma visiva e atmosfere introverse. Il <a href=\"https:\/\/www.trueiconicdesign.com\/it\/product\/vaso-nero-opaco-scanalato-svasato-18cm-per-fiori-secchi-e-pampas-grass\/\">vaso nero scanalato<\/a> diventa elemento di raccordo tra la freddezza della pietra e la morbidezza del tessile.<\/p>\n<p>La palette beige-tortora-nero abbraccia la filosofia wabi-sabi: celebrazione dell&#8217;imperfezione, dell&#8217;essenziale, del tempo che passa. Qui il nero non \u00e8 contrasto violento, ma profondit\u00e0 che accoglie.<\/p>\n<h3>Materiali: il PLA come scelta contemporanea<\/h3>\n<p><em>La bioplastica PLA porta la tecnologia additiva nel quotidiano domestico, trasformando un processo industriale in oggetto emotivo.<\/em><\/p>\n<p>Il PLA (acido polilattico) deriva da risorse rinnovabili come l&#8217;amido di mais. Non \u00e8 una scelta casuale per un vaso destinato a fiori secchi: \u00e8 coerenza tra forma e funzione, tra estetica e utilizzo. La stampa 3D permette di creare texture complesse \u2013 come le scanalature verticali \u2013 che sarebbero difficili con tecniche tradizionali.<\/p>\n<p>La finitura opaca del PLA nero ha una qualit\u00e0 particolare: assorbe la luce senza creare riflessi fastidiosi, ma le costolature verticali generano sottili giochi d&#8217;ombra. \u00c8 un materiale che chiede di essere osservato da vicino, che premia l&#8217;attenzione.<\/p>\n<div class=\"article-box article-box--info\">\n<strong>Caratteristiche del PLA<\/strong><\/p>\n<p>Materiale bioplastico con finitura opaca naturale. Ideale per composizioni con elementi secchi. La texture stratificata \u00e8 parte integrante dell&#8217;estetica, non un difetto da nascondere.<\/p>\n<\/div>\n<p>L&#8217;altezza di 18 cm e il diametro di 6,5 cm definiscono proporzioni slanciate, adatte a steli singoli o piccoli mazzi compatti. Non \u00e8 un vaso per composizioni abbondanti, ma per nature morte essenziali.<\/p>\n<h3>Collocazione e dialoghi materici<\/h3>\n<p><em>Ogni oggetto modifica lo spazio che abita. La domanda non \u00e8 &#8220;dove posizionarlo&#8221;, ma &#8220;quale conversazione voglio creare&#8221;.<\/em><\/p>\n<p>Su una consolle d&#8217;ingresso, il <a href=\"https:\/\/www.trueiconicdesign.com\/it\/product\/vaso-nero-opaco-scanalato-svasato-18cm-per-fiori-secchi-e-pampas-grass\/\">vaso cilindrico nero opaco<\/a> diventa accoglienza silenziosa. Affiancato a legno naturale o metallo spazzolato, crea un contrasto caldo-freddo che definisce immediatamente il carattere dello spazio.<\/p>\n<p>Sul comodino, la sua presenza verticale \u00e8 rassicurante senza essere invadente. Un singolo ramo di pampas grass bianco diventa compagno notturno, elemento di meditazione prima del sonno.<\/p>\n<div class=\"article-steps\">\n<h3>Composizione a trio verticale<\/h3>\n<ol>\n<li><strong>Selezione:<\/strong> Tre vasi di altezze decrescenti (18 cm, 14 cm, 10 cm) creano un movimento architettonico.<\/li>\n<li><strong>Posizionamento:<\/strong> Disporre in diagonale su una mensola o in linea su un tavolo da pranzo.<\/li>\n<li><strong>Riempimento:<\/strong> Variare la densit\u00e0 botanica \u2013 il pi\u00f9 alto con un solo stelo, i pi\u00f9 bassi con piccoli mazzi.<\/li>\n<\/ol>\n<\/div>\n<p>In libreria, tra volumi orizzontali, introduce ritmo verticale. Davanti a uno specchio antico, crea dialogo tra epoche: la tecnologia additiva contemporanea che incontra la patina del tempo.<\/p>\n<p>Su una scrivania home office, il <a href=\"https:\/\/www.trueiconicdesign.com\/it\/product\/vaso-nero-opaco-scanalato-svasato-18cm-per-fiori-secchi-e-pampas-grass\/\">vaso scanalato per pampas grass<\/a> offre pausa visiva. Non distrae, ma offre un punto di ancoraggio quando lo sguardo si stacca dallo schermo.<\/p>\n<h3>Errori da evitare: rispettare la natura dell&#8217;oggetto<\/h3>\n<p><em>Ogni materiale ha una vocazione. Forzarlo verso usi impropri significa tradirne l&#8217;essenza.<\/em><\/p>\n<p>Il PLA \u00e8 specifico per composizioni secche. Riempirlo d&#8217;acqua per fiori freschi significa ignorare sia le caratteristiche del materiale sia l&#8217;intenzione progettuale. I fiori secchi non sono un ripiego: sono una scelta estetica che celebra la natura sospesa nel tempo.<\/p>\n<p>Affollare la silhouette svasata con troppi elementi botanici annulla la purezza della forma. Il vaso ha una presenza architettonica che va rispettata: meglio un solo stelo perfetto che un mazzo caotico.<\/p>\n<p>Posizionarlo in contesti eccessivamente colorati o caotici disperde la sua forza. Il nero opaco chiede spazio respiratorio, superfici pulite, palette controllate. In un ambiente gi\u00e0 saturo, diventa un elemento in pi\u00f9 invece che un punto di ancoraggio.<\/p>\n<p>La luce \u00e8 alleata fondamentale. In zone d&#8217;ombra totale, le scanalature perdono il loro gioco di rilievi. Serve luce laterale o zenitale per far emergere la tridimensionalit\u00e0 della texture.<\/p>\n<h3>La poetica dell&#8217;effimero incorniciato<\/h3>\n<p>Il vero ruolo di un vaso nero opaco scanalato non \u00e8 contenere, ma incorniciare. Offre struttura al disordine organico dei fiori secchi, geometria alla casualit\u00e0 dei rami. \u00c8 il confine tra il controllo umano e l&#8217;imprevedibilit\u00e0 naturale.<\/p>\n<p>La finitura opaca assorbe lo sguardo, invita al tocco, crea intimit\u00e0. Non \u00e8 un oggetto che grida la propria presenza, ma che la sussurra. Nel tempo, diventa presenza familiare, punto di riferimento visivo che scandisce lo spazio domestico.<\/p>\n<p>Scegliere un vaso in PLA nero con texture scanalata significa abbracciare un&#8217;estetica contemporanea che non rinuncia all&#8217;emozione. \u00c8 tecnologia che si fa calore, precisione industriale che diventa gesto domestico. \u00c8 il minimalismo che non esclude, ma accoglie \u2013 a patto che ci\u00f2 che accoglie sia scelto con la stessa cura con cui \u00e8 stato progettato l&#8217;oggetto stesso.<\/p>\n","protected":false},"excerpt":{"rendered":"<p>Il vaso nero opaco scanalato unisce geometria verticale e materia contemporanea, creando un dialogo tra luce e vuoto. Nel dark-minimal, le superfici opache assorbono la luce, mentre le scanalature aggiungono ritmo tattile e slancio ascensionale, valorizzando anche un singolo stelo.<\/p>\n","protected":false},"author":3,"featured_media":720,"comment_status":"closed","ping_status":"","sticky":false,"template":"","format":"standard","meta":{"foradditive_qa_html":"<section class=\"foradditive-faq\"><div class=\"foradditive-faq-item\"><h3>Cos&#x27;\u00e8 lo stile dark-minimal descritto nell&#x27;articolo?<\/h3><p>Il dark-minimal nasce dall&#x27;incontro tra l&#x27;estetica giapponese del ma (il vuoto significante) e la precisione geometrica occidentale. \u00c8 caratterizzato da superfici opache che assorbono la luce e geometrie essenziali con dettagli tattili misurati.<\/p><\/div><div class=\"foradditive-faq-item\"><h3>Qual \u00e8 l&#x27;effetto visivo delle scanalature verticali sul vaso?<\/h3><p>Le scanalature verticali aggiungono un ritmo tattile e accentuano un movimento ascensionale, invitando lo sguardo a fermarsi sulla texture. Questa verticalit\u00e0 slanciata trasmette un senso di crescita e aspirazione verso l&#x27;alto.<\/p><\/div><div class=\"foradditive-faq-item\"><h3>Come si comporta il nero opaco in uno spazio chiaro?<\/h3><p>In uno spazio chiaro, un oggetto nero opaco non scompare ma si ancora, creando gravit\u00e0 visiva e offrendo un punto di riposo all&#x27;occhio. La sua funzione \u00e8 quella di modificare lo spazio circostante attraverso la profondit\u00e0 della finitura.<\/p><\/div><div class=\"foradditive-faq-item\"><h3>Quale atmosfera crea l&#x27;abbinamento del nero con le tonalit\u00e0 terra?<\/h3><p>Accostare il nero opaco a tonalit\u00e0 terra come ocra bruciata o terracotta ammorbidisce la durezza del colore, generando un&#x27;atmosfera desertica e avvolgente. Questo equilibrio \u00e8 ideale per interni che cercano di conciliare rigore e accoglienza.<\/p><\/div><div class=\"foradditive-faq-item\"><h3>Quali elementi vegetali valorizza meglio questo tipo di vaso?<\/h3><p>La forza del minimalismo scuro risiede nella capacit\u00e0 di valorizzare ci\u00f2 che contiene, trasformando composizioni semplici in sculture. Un singolo stelo di pampas grass bianco o tre rami di eucalipto essiccato acquistano immediata monumentalit\u00e0.<\/p><\/div><\/section>","foradditive_qa_html_en":"<section class=\"foradditive-faq\"><div class=\"foradditive-faq-item\"><h3>What is the dark-minimal style described in the article?<\/h3><p>Dark-minimalism emerges from the fusion of Japanese ma aesthetics (meaningful void) and Western geometric precision. It features matte surfaces that absorb light and essential geometries with measured tactile details.<\/p><\/div><div class=\"foradditive-faq-item\"><h3>What is the visual effect of vertical grooves on the vase?<\/h3><p>Vertical grooves add a tactile rhythm and accentuate an upward movement, inviting the eye to rest on the texture. This slender verticality conveys a sense of growth and aspiration upwards.<\/p><\/div><div class=\"foradditive-faq-item\"><h3>How does matte black behave in a light space?<\/h3><p>In a light space, a matte black object does not disappear but anchors itself, creating visual gravity and offering a resting point for the eye. Its function is to modify the surrounding space through the depth of its finish.<\/p><\/div><div class=\"foradditive-faq-item\"><h3>What atmosphere does pairing black with earth tones create?<\/h3><p>Pairing matte black with earth tones like burnt ochre or terracotta softens the color&#x27;s harshness, generating a desert-like, enveloping atmosphere. This balance is ideal for interiors seeking to reconcile rigor with warmth.<\/p><\/div><div class=\"foradditive-faq-item\"><h3>Which botanical elements does this type of vase enhance best?<\/h3><p>The strength of dark minimalism lies in its ability to highlight what it holds, transforming simple compositions into sculptures. A single stem of white pampas grass or three branches of dried eucalyptus instantly gain monumentality.<\/p><\/div><\/section>","foradditive_qa_html_fr":"<section class=\"foradditive-faq\"><div class=\"foradditive-faq-item\"><h3>Qu&#x27;est-ce que le style dark-minimal d\u00e9crit dans l&#x27;article ?<\/h3><p>Le dark-minimal na\u00eet de la rencontre entre l&#x27;esth\u00e9tique japonaise du ma (le vide signifiant) et la pr\u00e9cision g\u00e9om\u00e9trique occidentale. Il se caract\u00e9rise par des surfaces mates qui absorbent la lumi\u00e8re et des g\u00e9om\u00e9tries \u00e9pur\u00e9es aux d\u00e9tails tactiles mesur\u00e9s.<\/p><\/div><div class=\"foradditive-faq-item\"><h3>Quel est l&#x27;effet visuel des rainures verticales sur le vase ?<\/h3><p>Les rainures verticales ajoutent un rythme tactile et accentuent un mouvement ascensionnel, invitant le regard \u00e0 s&#x27;arr\u00eater sur la texture. Cette verticalit\u00e9 \u00e9lanc\u00e9e transmet une sensation de croissance et d&#x27;aspiration vers le haut.<\/p><\/div><div class=\"foradditive-faq-item\"><h3>Comment le noir mat se comporte-t-il dans un espace clair ?<\/h3><p>Dans un espace clair, un objet noir mat ne dispara\u00eet pas mais s&#x27;ancre, cr\u00e9ant une gravit\u00e9 visuelle et offrant un point de repos \u00e0 l&#x27;\u0153il. Sa fonction est de modifier l&#x27;espace environnant gr\u00e2ce \u00e0 la profondeur de sa finition.<\/p><\/div><div class=\"foradditive-faq-item\"><h3>Quelle atmosph\u00e8re cr\u00e9e l&#x27;association du noir avec les tons terre ?<\/h3><p>Associer le noir mat \u00e0 des tons terre comme l&#x27;ocre br\u00fbl\u00e9 ou la terracotta adoucit la duret\u00e9 de la couleur, g\u00e9n\u00e9rant une atmosph\u00e8re d\u00e9sertique et enveloppante. Cet \u00e9quilibre est id\u00e9al pour des int\u00e9rieurs cherchant \u00e0 concilier rigueur et accueil.<\/p><\/div><div class=\"foradditive-faq-item\"><h3>Quels \u00e9l\u00e9ments v\u00e9g\u00e9taux ce type de vase met-il le mieux en valeur ?<\/h3><p>La force du minimalisme sombre r\u00e9side dans sa capacit\u00e9 \u00e0 valoriser son contenu, transformant des compositions simples en sculptures. Une seule tige de pampas blanche ou trois branches d&#x27;eucalyptus s\u00e9ch\u00e9 acqui\u00e8rent imm\u00e9diatement une monumentalit\u00e9.<\/p><\/div><\/section>","foradditive_qa_html_de":"<section class=\"foradditive-faq\"><div class=\"foradditive-faq-item\"><h3>Was ist der im Artikel beschriebene Dark-Minimal-Stil?<\/h3><p>Der Dark-Minimal-Stil entsteht aus der Verbindung der japanischen \u00c4sthetik des Ma (der bedeutungsvollen Leere) mit westlicher geometrischer Pr\u00e4zision. Er zeichnet sich durch matte, lichtabsorbierende Oberfl\u00e4chen und essentielle Geometrien mit dosierten taktilen Details aus.<\/p><\/div><div class=\"foradditive-faq-item\"><h3>Welche visuelle Wirkung haben die vertikalen Rillen auf der Vase?<\/h3><p>Die vertikalen Rillen f\u00fcgen einen taktilen Rhythmus hinzu und betonen eine aufsteigende Bewegung, wodurch der Blick eingeladen wird, auf der Textur zu verweilen. Diese schlanke Vertikalit\u00e4t vermittelt ein Gef\u00fchl von Wachstum und Streben nach oben.<\/p><\/div><div class=\"foradditive-faq-item\"><h3>Wie verh\u00e4lt sich mattes Schwarz in einem hellen Raum?<\/h3><p>In einem hellen Raum verschwindet ein mattes schwarzes Objekt nicht, sondern verankert sich, schafft visuelle Schwere und bietet dem Auge einen Ruhepunkt. Seine Funktion besteht darin, den umgebenden Raum durch die Tiefe des Finishs zu ver\u00e4ndern.<\/p><\/div><div class=\"foradditive-faq-item\"><h3>Welche Atmosph\u00e4re erzeugt die Kombination von Schwarz mit Erdt\u00f6nen?<\/h3><p>Die Kombination von mattem Schwarz mit Erdt\u00f6nen wie verbranntem Ocker oder Terrakotta mildert die H\u00e4rte der Farbe und erzeugt eine w\u00fcstenhafte, einh\u00fcllende Atmosph\u00e4re. Dieses Gleichgewicht ist ideal f\u00fcr Innenr\u00e4ume, die Strenge und Gem\u00fctlichkeit vereinen m\u00f6chten.<\/p><\/div><div class=\"foradditive-faq-item\"><h3>Welche pflanzlichen Elemente werden durch diese Art von Vase am besten zur Geltung gebracht?<\/h3><p>Die St\u00e4rke des dunklen Minimalismus liegt in der F\u00e4higkeit, das Enthaltene hervorzuheben und einfache Kompositionen in Skulpturen zu verwandeln. Ein einzelner wei\u00dfer Pampasgras-St\u00e4ngel oder drei Zweige getrockneter Eukalyptus gewinnen sofort an Monumentalit\u00e4t.<\/p><\/div><\/section>","foradditive_qa_html_es":"<section class=\"foradditive-faq\"><div class=\"foradditive-faq-item\"><h3>\u00bfQu\u00e9 es el estilo dark-minimal descrito en el art\u00edculo?<\/h3><p>El dark-minimal surge del encuentro entre la est\u00e9tica japonesa del ma (el vac\u00edo significativo) y la precisi\u00f3n geom\u00e9trica occidental. Se caracteriza por superficies mates que absorben la luz y geometr\u00edas esenciales con detalles t\u00e1ctiles medidos.<\/p><\/div><div class=\"foradditive-faq-item\"><h3>\u00bfCu\u00e1l es el efecto visual de las estr\u00edas verticales en el jarr\u00f3n?<\/h3><p>Las estr\u00edas verticales a\u00f1aden un ritmo t\u00e1ctil y acent\u00faan un movimiento ascendente, invitando a la mirada a detenerse en la textura. Esta verticalidad esbelta transmite una sensaci\u00f3n de crecimiento y aspiraci\u00f3n hacia lo alto.<\/p><\/div><div class=\"foradditive-faq-item\"><h3>\u00bfC\u00f3mo se comporta el negro mate en un espacio claro?<\/h3><p>En un espacio claro, un objeto negro mate no desaparece, sino que se ancla, creando gravedad visual y ofreciendo un punto de descanso para la vista. Su funci\u00f3n es modificar el espacio circundante mediante la profundidad del acabado.<\/p><\/div><div class=\"foradditive-faq-item\"><h3>\u00bfQu\u00e9 atm\u00f3sfera crea la combinaci\u00f3n del negro con los tonos tierra?<\/h3><p>Combinar el negro mate con tonos tierra como ocre quemado o terracota suaviza la dureza del color, generando una atm\u00f3sfera des\u00e9rtica y envolvente. Este equilibrio es ideal para interiores que buscan conciliar rigor y acogida.<\/p><\/div><div class=\"foradditive-faq-item\"><h3>\u00bfQu\u00e9 elementos vegetales realza mejor este tipo de jarr\u00f3n?<\/h3><p>La fuerza del minimalismo oscuro reside en su capacidad para valorizar lo que contiene, transformando composiciones simples en esculturas. Un solo tallo de pampas grass blanco o tres ramas de eucalipto seco adquieren inmediata monumentalidad.<\/p><\/div><\/section>","foradditive_qa_jsonld":"{\"@context\":\"https:\/\/schema.org\",\"@type\":\"FAQPage\",\"inLanguage\":\"it\",\"mainEntity\":[{\"@type\":\"Question\",\"name\":\"Cos'\u00e8 lo stile dark-minimal descritto nell'articolo?\",\"acceptedAnswer\":{\"@type\":\"Answer\",\"text\":\"Il dark-minimal nasce dall'incontro tra l'estetica giapponese del ma (il vuoto significante) e la precisione geometrica occidentale. \u00c8 caratterizzato da superfici opache che assorbono la luce e geometrie essenziali con dettagli tattili misurati.\"}},{\"@type\":\"Question\",\"name\":\"Qual \u00e8 l'effetto visivo delle scanalature verticali sul vaso?\",\"acceptedAnswer\":{\"@type\":\"Answer\",\"text\":\"Le scanalature verticali aggiungono un ritmo tattile e accentuano un movimento ascensionale, invitando lo sguardo a fermarsi sulla texture. Questa verticalit\u00e0 slanciata trasmette un senso di crescita e aspirazione verso l'alto.\"}},{\"@type\":\"Question\",\"name\":\"Come si comporta il nero opaco in uno spazio chiaro?\",\"acceptedAnswer\":{\"@type\":\"Answer\",\"text\":\"In uno spazio chiaro, un oggetto nero opaco non scompare ma si ancora, creando gravit\u00e0 visiva e offrendo un punto di riposo all'occhio. La sua funzione \u00e8 quella di modificare lo spazio circostante attraverso la profondit\u00e0 della finitura.\"}},{\"@type\":\"Question\",\"name\":\"Quale atmosfera crea l'abbinamento del nero con le tonalit\u00e0 terra?\",\"acceptedAnswer\":{\"@type\":\"Answer\",\"text\":\"Accostare il nero opaco a tonalit\u00e0 terra come ocra bruciata o terracotta ammorbidisce la durezza del colore, generando un'atmosfera desertica e avvolgente. Questo equilibrio \u00e8 ideale per interni che cercano di conciliare rigore e accoglienza.\"}},{\"@type\":\"Question\",\"name\":\"Quali elementi vegetali valorizza meglio questo tipo di vaso?\",\"acceptedAnswer\":{\"@type\":\"Answer\",\"text\":\"La forza del minimalismo scuro risiede nella capacit\u00e0 di valorizzare ci\u00f2 che contiene, trasformando composizioni semplici in sculture. Un singolo stelo di pampas grass bianco o tre rami di eucalipto essiccato acquistano immediata monumentalit\u00e0.\"}}]}","foradditive_qa_jsonld_en":"{\"@context\":\"https:\/\/schema.org\",\"@type\":\"FAQPage\",\"inLanguage\":\"en\",\"mainEntity\":[{\"@type\":\"Question\",\"name\":\"What is the dark-minimal style described in the article?\",\"acceptedAnswer\":{\"@type\":\"Answer\",\"text\":\"Dark-minimalism emerges from the fusion of Japanese ma aesthetics (meaningful void) and Western geometric precision. It features matte surfaces that absorb light and essential geometries with measured tactile details.\"}},{\"@type\":\"Question\",\"name\":\"What is the visual effect of vertical grooves on the vase?\",\"acceptedAnswer\":{\"@type\":\"Answer\",\"text\":\"Vertical grooves add a tactile rhythm and accentuate an upward movement, inviting the eye to rest on the texture. This slender verticality conveys a sense of growth and aspiration upwards.\"}},{\"@type\":\"Question\",\"name\":\"How does matte black behave in a light space?\",\"acceptedAnswer\":{\"@type\":\"Answer\",\"text\":\"In a light space, a matte black object does not disappear but anchors itself, creating visual gravity and offering a resting point for the eye. Its function is to modify the surrounding space through the depth of its finish.\"}},{\"@type\":\"Question\",\"name\":\"What atmosphere does pairing black with earth tones create?\",\"acceptedAnswer\":{\"@type\":\"Answer\",\"text\":\"Pairing matte black with earth tones like burnt ochre or terracotta softens the color's harshness, generating a desert-like, enveloping atmosphere. This balance is ideal for interiors seeking to reconcile rigor with warmth.\"}},{\"@type\":\"Question\",\"name\":\"Which botanical elements does this type of vase enhance best?\",\"acceptedAnswer\":{\"@type\":\"Answer\",\"text\":\"The strength of dark minimalism lies in its ability to highlight what it holds, transforming simple compositions into sculptures. A single stem of white pampas grass or three branches of dried eucalyptus instantly gain monumentality.\"}}]}","foradditive_qa_jsonld_fr":"{\"@context\":\"https:\/\/schema.org\",\"@type\":\"FAQPage\",\"inLanguage\":\"fr\",\"mainEntity\":[{\"@type\":\"Question\",\"name\":\"Qu'est-ce que le style dark-minimal d\u00e9crit dans l'article ?\",\"acceptedAnswer\":{\"@type\":\"Answer\",\"text\":\"Le dark-minimal na\u00eet de la rencontre entre l'esth\u00e9tique japonaise du ma (le vide signifiant) et la pr\u00e9cision g\u00e9om\u00e9trique occidentale. Il se caract\u00e9rise par des surfaces mates qui absorbent la lumi\u00e8re et des g\u00e9om\u00e9tries \u00e9pur\u00e9es aux d\u00e9tails tactiles mesur\u00e9s.\"}},{\"@type\":\"Question\",\"name\":\"Quel est l'effet visuel des rainures verticales sur le vase ?\",\"acceptedAnswer\":{\"@type\":\"Answer\",\"text\":\"Les rainures verticales ajoutent un rythme tactile et accentuent un mouvement ascensionnel, invitant le regard \u00e0 s'arr\u00eater sur la texture. Cette verticalit\u00e9 \u00e9lanc\u00e9e transmet une sensation de croissance et d'aspiration vers le haut.\"}},{\"@type\":\"Question\",\"name\":\"Comment le noir mat se comporte-t-il dans un espace clair ?\",\"acceptedAnswer\":{\"@type\":\"Answer\",\"text\":\"Dans un espace clair, un objet noir mat ne dispara\u00eet pas mais s'ancre, cr\u00e9ant une gravit\u00e9 visuelle et offrant un point de repos \u00e0 l'\u0153il. Sa fonction est de modifier l'espace environnant gr\u00e2ce \u00e0 la profondeur de sa finition.\"}},{\"@type\":\"Question\",\"name\":\"Quelle atmosph\u00e8re cr\u00e9e l'association du noir avec les tons terre ?\",\"acceptedAnswer\":{\"@type\":\"Answer\",\"text\":\"Associer le noir mat \u00e0 des tons terre comme l'ocre br\u00fbl\u00e9 ou la terracotta adoucit la duret\u00e9 de la couleur, g\u00e9n\u00e9rant une atmosph\u00e8re d\u00e9sertique et enveloppante. Cet \u00e9quilibre est id\u00e9al pour des int\u00e9rieurs cherchant \u00e0 concilier rigueur et accueil.\"}},{\"@type\":\"Question\",\"name\":\"Quels \u00e9l\u00e9ments v\u00e9g\u00e9taux ce type de vase met-il le mieux en valeur ?\",\"acceptedAnswer\":{\"@type\":\"Answer\",\"text\":\"La force du minimalisme sombre r\u00e9side dans sa capacit\u00e9 \u00e0 valoriser son contenu, transformant des compositions simples en sculptures. Une seule tige de pampas blanche ou trois branches d'eucalyptus s\u00e9ch\u00e9 acqui\u00e8rent imm\u00e9diatement une monumentalit\u00e9.\"}}]}","foradditive_qa_jsonld_de":"{\"@context\":\"https:\/\/schema.org\",\"@type\":\"FAQPage\",\"inLanguage\":\"de\",\"mainEntity\":[{\"@type\":\"Question\",\"name\":\"Was ist der im Artikel beschriebene Dark-Minimal-Stil?\",\"acceptedAnswer\":{\"@type\":\"Answer\",\"text\":\"Der Dark-Minimal-Stil entsteht aus der Verbindung der japanischen \u00c4sthetik des Ma (der bedeutungsvollen Leere) mit westlicher geometrischer Pr\u00e4zision. Er zeichnet sich durch matte, lichtabsorbierende Oberfl\u00e4chen und essentielle Geometrien mit dosierten taktilen Details aus.\"}},{\"@type\":\"Question\",\"name\":\"Welche visuelle Wirkung haben die vertikalen Rillen auf der Vase?\",\"acceptedAnswer\":{\"@type\":\"Answer\",\"text\":\"Die vertikalen Rillen f\u00fcgen einen taktilen Rhythmus hinzu und betonen eine aufsteigende Bewegung, wodurch der Blick eingeladen wird, auf der Textur zu verweilen. Diese schlanke Vertikalit\u00e4t vermittelt ein Gef\u00fchl von Wachstum und Streben nach oben.\"}},{\"@type\":\"Question\",\"name\":\"Wie verh\u00e4lt sich mattes Schwarz in einem hellen Raum?\",\"acceptedAnswer\":{\"@type\":\"Answer\",\"text\":\"In einem hellen Raum verschwindet ein mattes schwarzes Objekt nicht, sondern verankert sich, schafft visuelle Schwere und bietet dem Auge einen Ruhepunkt. Seine Funktion besteht darin, den umgebenden Raum durch die Tiefe des Finishs zu ver\u00e4ndern.\"}},{\"@type\":\"Question\",\"name\":\"Welche Atmosph\u00e4re erzeugt die Kombination von Schwarz mit Erdt\u00f6nen?\",\"acceptedAnswer\":{\"@type\":\"Answer\",\"text\":\"Die Kombination von mattem Schwarz mit Erdt\u00f6nen wie verbranntem Ocker oder Terrakotta mildert die H\u00e4rte der Farbe und erzeugt eine w\u00fcstenhafte, einh\u00fcllende Atmosph\u00e4re. Dieses Gleichgewicht ist ideal f\u00fcr Innenr\u00e4ume, die Strenge und Gem\u00fctlichkeit vereinen m\u00f6chten.\"}},{\"@type\":\"Question\",\"name\":\"Welche pflanzlichen Elemente werden durch diese Art von Vase am besten zur Geltung gebracht?\",\"acceptedAnswer\":{\"@type\":\"Answer\",\"text\":\"Die St\u00e4rke des dunklen Minimalismus liegt in der F\u00e4higkeit, das Enthaltene hervorzuheben und einfache Kompositionen in Skulpturen zu verwandeln. Ein einzelner wei\u00dfer Pampasgras-St\u00e4ngel oder drei Zweige getrockneter Eukalyptus gewinnen sofort an Monumentalit\u00e4t.\"}}]}","foradditive_qa_jsonld_es":"{\"@context\":\"https:\/\/schema.org\",\"@type\":\"FAQPage\",\"inLanguage\":\"es\",\"mainEntity\":[{\"@type\":\"Question\",\"name\":\"\u00bfQu\u00e9 es el estilo dark-minimal descrito en el art\u00edculo?\",\"acceptedAnswer\":{\"@type\":\"Answer\",\"text\":\"El dark-minimal surge del encuentro entre la est\u00e9tica japonesa del ma (el vac\u00edo significativo) y la precisi\u00f3n geom\u00e9trica occidental. Se caracteriza por superficies mates que absorben la luz y geometr\u00edas esenciales con detalles t\u00e1ctiles medidos.\"}},{\"@type\":\"Question\",\"name\":\"\u00bfCu\u00e1l es el efecto visual de las estr\u00edas verticales en el jarr\u00f3n?\",\"acceptedAnswer\":{\"@type\":\"Answer\",\"text\":\"Las estr\u00edas verticales a\u00f1aden un ritmo t\u00e1ctil y acent\u00faan un movimiento ascendente, invitando a la mirada a detenerse en la textura. Esta verticalidad esbelta transmite una sensaci\u00f3n de crecimiento y aspiraci\u00f3n hacia lo alto.\"}},{\"@type\":\"Question\",\"name\":\"\u00bfC\u00f3mo se comporta el negro mate en un espacio claro?\",\"acceptedAnswer\":{\"@type\":\"Answer\",\"text\":\"En un espacio claro, un objeto negro mate no desaparece, sino que se ancla, creando gravedad visual y ofreciendo un punto de descanso para la vista. Su funci\u00f3n es modificar el espacio circundante mediante la profundidad del acabado.\"}},{\"@type\":\"Question\",\"name\":\"\u00bfQu\u00e9 atm\u00f3sfera crea la combinaci\u00f3n del negro con los tonos tierra?\",\"acceptedAnswer\":{\"@type\":\"Answer\",\"text\":\"Combinar el negro mate con tonos tierra como ocre quemado o terracota suaviza la dureza del color, generando una atm\u00f3sfera des\u00e9rtica y envolvente. Este equilibrio es ideal para interiores que buscan conciliar rigor y acogida.\"}},{\"@type\":\"Question\",\"name\":\"\u00bfQu\u00e9 elementos vegetales realza mejor este tipo de jarr\u00f3n?\",\"acceptedAnswer\":{\"@type\":\"Answer\",\"text\":\"La fuerza del minimalismo oscuro reside en su capacidad para valorizar lo que contiene, transformando composiciones simples en esculturas. Un solo tallo de pampas grass blanco o tres ramas de eucalipto seco adquieren inmediata monumentalidad.\"}}]}","foradditive_slug_en":"black-fluted-vessel-geometry-matter-dark-minimal","foradditive_slug_fr":"vase-noir-cannele-geometrie-matiere-dark-minimal","foradditive_slug_de":"schwarzer-gerillter-topf-geometrie-materie-dark-minimal","foradditive_slug_es":"jarron-negro-acanalado-geometria-materia-dark-minimal","foradditive_audio_summary_it":0,"foradditive_audio_summary_en":0,"foradditive_audio_summary_fr":0,"foradditive_audio_summary_de":0,"foradditive_audio_summary_es":0,"footnotes":""},"categories":[33],"tags":[],"foradditive_tecnologie":[],"foradditive_materiali":[],"foradditive_applicazioni":[],"foradditive_case_studies":[],"foradditive_settori_industriali":[],"class_list":["post-670","post","type-post","status-publish","format-standard","has-post-thumbnail","hentry","category-design"],"yoast_head":"<!-- This site is optimized with the Yoast SEO plugin v28.3 - https:\/\/yoast.com\/product\/yoast-seo-wordpress\/ -->\n<title>Vaso nero scanalato: geometria e materia per il dark-minimal - True Iconic Design<\/title>\n<meta name=\"description\" content=\"Scopri il vaso nero opaco scanalato: geometria verticale e materia per il dark-minimal. Guida a palette, stili e abbinamenti per un design essenziale.\" \/>\n<meta name=\"robots\" content=\"index, follow, max-snippet:-1, max-image-preview:large, max-video-preview:-1\" \/>\n<link rel=\"canonical\" href=\"https:\/\/www.trueiconicdesign.com\/it\/vaso-nero-scanalato-geometria-materia-dark-minimal\/\" \/>\n<meta property=\"og:locale\" content=\"it_IT\" \/>\n<meta property=\"og:type\" content=\"article\" \/>\n<meta property=\"og:title\" content=\"Vaso nero scanalato: geometria e materia per il dark-minimal - True Iconic Design\" \/>\n<meta property=\"og:description\" content=\"Scopri il vaso nero opaco scanalato: geometria verticale e materia per il dark-minimal. Guida a palette, stili e abbinamenti per un design essenziale.\" \/>\n<meta property=\"og:url\" content=\"https:\/\/www.trueiconicdesign.com\/it\/vaso-nero-scanalato-geometria-materia-dark-minimal\/\" \/>\n<meta property=\"og:site_name\" content=\"True Iconic Design\" \/>\n<meta property=\"article:published_time\" content=\"2026-08-08T06:33:20+00:00\" \/>\n<meta property=\"article:modified_time\" content=\"2026-08-10T12:18:51+00:00\" \/>\n<meta property=\"og:image\" content=\"https:\/\/www.trueiconicdesign.com\/wp-content\/uploads\/2026\/08\/featured-vaso-nero-scanalato-geometria-e-materia-per-il-dark-minimal-2-1024x1024.png\" \/>\n\t<meta property=\"og:image:width\" content=\"1024\" \/>\n\t<meta property=\"og:image:height\" content=\"1024\" \/>\n\t<meta property=\"og:image:type\" content=\"image\/png\" \/>\n<meta name=\"author\" content=\"sync\" \/>\n<meta name=\"twitter:card\" content=\"summary_large_image\" \/>\n<meta name=\"twitter:label1\" content=\"Scritto da\" \/>\n\t<meta name=\"twitter:data1\" content=\"sync\" \/>\n\t<meta name=\"twitter:label2\" content=\"Tempo di lettura stimato\" \/>\n\t<meta name=\"twitter:data2\" content=\"6 minuti\" \/>\n<script type=\"application\/ld+json\" class=\"yoast-schema-graph\">{\"@context\":\"https:\\\/\\\/schema.org\",\"@graph\":[{\"@type\":\"Article\",\"@id\":\"https:\\\/\\\/www.trueiconicdesign.com\\\/it\\\/vaso-nero-scanalato-geometria-materia-dark-minimal\\\/#article\",\"isPartOf\":{\"@id\":\"https:\\\/\\\/www.trueiconicdesign.com\\\/it\\\/vaso-nero-scanalato-geometria-materia-dark-minimal\\\/\"},\"author\":{\"name\":\"sync\",\"@id\":\"https:\\\/\\\/wordpress.m.3dbooster.com\\\/it\\\/#\\\/schema\\\/person\\\/5a1c00cc9c7362ff5de0d9bea94fec08\"},\"headline\":\"Vaso nero scanalato: geometria e materia per il dark-minimal\",\"datePublished\":\"2026-08-08T06:33:20+00:00\",\"dateModified\":\"2026-08-10T12:18:51+00:00\",\"mainEntityOfPage\":{\"@id\":\"https:\\\/\\\/www.trueiconicdesign.com\\\/it\\\/vaso-nero-scanalato-geometria-materia-dark-minimal\\\/\"},\"wordCount\":1146,\"publisher\":{\"@id\":\"https:\\\/\\\/www.trueiconicdesign.com\\\/en\\\/#organization\"},\"image\":{\"@id\":\"https:\\\/\\\/www.trueiconicdesign.com\\\/it\\\/vaso-nero-scanalato-geometria-materia-dark-minimal\\\/#primaryimage\"},\"thumbnailUrl\":\"https:\\\/\\\/www.trueiconicdesign.com\\\/wp-content\\\/uploads\\\/2026\\\/08\\\/featured-vaso-nero-scanalato-geometria-e-materia-per-il-dark-minimal-2.png\",\"articleSection\":[\"Design\"],\"inLanguage\":\"it-IT\"},{\"@type\":\"WebPage\",\"@id\":\"https:\\\/\\\/www.trueiconicdesign.com\\\/it\\\/vaso-nero-scanalato-geometria-materia-dark-minimal\\\/\",\"url\":\"https:\\\/\\\/www.trueiconicdesign.com\\\/it\\\/vaso-nero-scanalato-geometria-materia-dark-minimal\\\/\",\"name\":\"Vaso nero scanalato: geometria e materia per il dark-minimal - True Iconic Design\",\"isPartOf\":{\"@id\":\"https:\\\/\\\/www.trueiconicdesign.com\\\/en\\\/#website\"},\"primaryImageOfPage\":{\"@id\":\"https:\\\/\\\/www.trueiconicdesign.com\\\/it\\\/vaso-nero-scanalato-geometria-materia-dark-minimal\\\/#primaryimage\"},\"image\":{\"@id\":\"https:\\\/\\\/www.trueiconicdesign.com\\\/it\\\/vaso-nero-scanalato-geometria-materia-dark-minimal\\\/#primaryimage\"},\"thumbnailUrl\":\"https:\\\/\\\/www.trueiconicdesign.com\\\/wp-content\\\/uploads\\\/2026\\\/08\\\/featured-vaso-nero-scanalato-geometria-e-materia-per-il-dark-minimal-2.png\",\"datePublished\":\"2026-08-08T06:33:20+00:00\",\"dateModified\":\"2026-08-10T12:18:51+00:00\",\"description\":\"Scopri il vaso nero opaco scanalato: geometria verticale e materia per il dark-minimal. Guida a palette, stili e abbinamenti per un design essenziale.\",\"breadcrumb\":{\"@id\":\"https:\\\/\\\/www.trueiconicdesign.com\\\/it\\\/vaso-nero-scanalato-geometria-materia-dark-minimal\\\/#breadcrumb\"},\"inLanguage\":\"it-IT\",\"potentialAction\":[{\"@type\":\"ReadAction\",\"target\":[\"https:\\\/\\\/www.trueiconicdesign.com\\\/it\\\/vaso-nero-scanalato-geometria-materia-dark-minimal\\\/\"]}]},{\"@type\":\"ImageObject\",\"inLanguage\":\"it-IT\",\"@id\":\"https:\\\/\\\/www.trueiconicdesign.com\\\/it\\\/vaso-nero-scanalato-geometria-materia-dark-minimal\\\/#primaryimage\",\"url\":\"https:\\\/\\\/www.trueiconicdesign.com\\\/wp-content\\\/uploads\\\/2026\\\/08\\\/featured-vaso-nero-scanalato-geometria-e-materia-per-il-dark-minimal-2.png\",\"contentUrl\":\"https:\\\/\\\/www.trueiconicdesign.com\\\/wp-content\\\/uploads\\\/2026\\\/08\\\/featured-vaso-nero-scanalato-geometria-e-materia-per-il-dark-minimal-2.png\",\"width\":2496,\"height\":2496},{\"@type\":\"BreadcrumbList\",\"@id\":\"https:\\\/\\\/www.trueiconicdesign.com\\\/it\\\/vaso-nero-scanalato-geometria-materia-dark-minimal\\\/#breadcrumb\",\"itemListElement\":[{\"@type\":\"ListItem\",\"position\":1,\"name\":\"Home\",\"item\":\"https:\\\/\\\/www.trueiconicdesign.com\\\/en\\\/\"},{\"@type\":\"ListItem\",\"position\":2,\"name\":\"Vaso nero scanalato: geometria e materia per il dark-minimal\"}]},{\"@type\":\"WebSite\",\"@id\":\"https:\\\/\\\/www.trueiconicdesign.com\\\/en\\\/#website\",\"url\":\"https:\\\/\\\/www.trueiconicdesign.com\\\/en\\\/\",\"name\":\"True Iconic Design\",\"description\":\"emotional simbolic style design\",\"publisher\":{\"@id\":\"https:\\\/\\\/www.trueiconicdesign.com\\\/en\\\/#organization\"},\"alternateName\":\"4Additive - Additive manufacturing blog\",\"potentialAction\":[{\"@type\":\"SearchAction\",\"target\":{\"@type\":\"EntryPoint\",\"urlTemplate\":\"https:\\\/\\\/www.trueiconicdesign.com\\\/en\\\/?s={search_term_string}\"},\"query-input\":{\"@type\":\"PropertyValueSpecification\",\"valueRequired\":true,\"valueName\":\"search_term_string\"}}],\"inLanguage\":\"it-IT\"},{\"@type\":\"Organization\",\"@id\":\"https:\\\/\\\/www.trueiconicdesign.com\\\/en\\\/#organization\",\"name\":\"Emotional Symbolic Design\",\"alternateName\":\"4Additive\",\"url\":\"https:\\\/\\\/www.trueiconicdesign.com\\\/en\\\/\",\"logo\":{\"@type\":\"ImageObject\",\"inLanguage\":\"it-IT\",\"@id\":\"https:\\\/\\\/wordpress.m.3dbooster.com\\\/it\\\/#\\\/schema\\\/logo\\\/image\\\/\",\"url\":\"https:\\\/\\\/www.trueiconicdesign.com\\\/wp-content\\\/uploads\\\/2026\\\/07\\\/trueiconicdesign-logo.svg\",\"contentUrl\":\"https:\\\/\\\/www.trueiconicdesign.com\\\/wp-content\\\/uploads\\\/2026\\\/07\\\/trueiconicdesign-logo.svg\",\"caption\":\"Emotional Symbolic Design\"},\"image\":{\"@id\":\"https:\\\/\\\/wordpress.m.3dbooster.com\\\/it\\\/#\\\/schema\\\/logo\\\/image\\\/\"},\"sameAs\":[\"https:\\\/\\\/trueiconicdesign.etsy.com\\\/\"]},{\"@type\":\"Person\",\"@id\":\"https:\\\/\\\/wordpress.m.3dbooster.com\\\/it\\\/#\\\/schema\\\/person\\\/5a1c00cc9c7362ff5de0d9bea94fec08\",\"name\":\"sync\"}]}<\/script>\n<!-- \/ Yoast SEO plugin. -->","yoast_head_json":{"title":"Vaso nero scanalato: geometria e materia per il dark-minimal - True Iconic Design","description":"Scopri il vaso nero opaco scanalato: geometria verticale e materia per il dark-minimal. Guida a palette, stili e abbinamenti per un design essenziale.","robots":{"index":"index","follow":"follow","max-snippet":"max-snippet:-1","max-image-preview":"max-image-preview:large","max-video-preview":"max-video-preview:-1"},"canonical":"https:\/\/www.trueiconicdesign.com\/it\/vaso-nero-scanalato-geometria-materia-dark-minimal\/","og_locale":"it_IT","og_type":"article","og_title":"Vaso nero scanalato: geometria e materia per il dark-minimal - True Iconic Design","og_description":"Scopri il vaso nero opaco scanalato: geometria verticale e materia per il dark-minimal. Guida a palette, stili e abbinamenti per un design essenziale.","og_url":"https:\/\/www.trueiconicdesign.com\/it\/vaso-nero-scanalato-geometria-materia-dark-minimal\/","og_site_name":"True Iconic Design","article_published_time":"2026-08-08T06:33:20+00:00","article_modified_time":"2026-08-10T12:18:51+00:00","og_image":[{"width":1024,"height":1024,"url":"https:\/\/www.trueiconicdesign.com\/wp-content\/uploads\/2026\/08\/featured-vaso-nero-scanalato-geometria-e-materia-per-il-dark-minimal-2-1024x1024.png","type":"image\/png"}],"author":"sync","twitter_card":"summary_large_image","twitter_misc":{"Scritto da":"sync","Tempo di lettura stimato":"6 minuti"},"schema":{"@context":"https:\/\/schema.org","@graph":[{"@type":"Article","@id":"https:\/\/www.trueiconicdesign.com\/it\/vaso-nero-scanalato-geometria-materia-dark-minimal\/#article","isPartOf":{"@id":"https:\/\/www.trueiconicdesign.com\/it\/vaso-nero-scanalato-geometria-materia-dark-minimal\/"},"author":{"name":"sync","@id":"https:\/\/wordpress.m.3dbooster.com\/it\/#\/schema\/person\/5a1c00cc9c7362ff5de0d9bea94fec08"},"headline":"Vaso nero scanalato: geometria e materia per il dark-minimal","datePublished":"2026-08-08T06:33:20+00:00","dateModified":"2026-08-10T12:18:51+00:00","mainEntityOfPage":{"@id":"https:\/\/www.trueiconicdesign.com\/it\/vaso-nero-scanalato-geometria-materia-dark-minimal\/"},"wordCount":1146,"publisher":{"@id":"https:\/\/www.trueiconicdesign.com\/en\/#organization"},"image":{"@id":"https:\/\/www.trueiconicdesign.com\/it\/vaso-nero-scanalato-geometria-materia-dark-minimal\/#primaryimage"},"thumbnailUrl":"https:\/\/www.trueiconicdesign.com\/wp-content\/uploads\/2026\/08\/featured-vaso-nero-scanalato-geometria-e-materia-per-il-dark-minimal-2.png","articleSection":["Design"],"inLanguage":"it-IT"},{"@type":"WebPage","@id":"https:\/\/www.trueiconicdesign.com\/it\/vaso-nero-scanalato-geometria-materia-dark-minimal\/","url":"https:\/\/www.trueiconicdesign.com\/it\/vaso-nero-scanalato-geometria-materia-dark-minimal\/","name":"Vaso nero scanalato: geometria e materia per il dark-minimal - True Iconic Design","isPartOf":{"@id":"https:\/\/www.trueiconicdesign.com\/en\/#website"},"primaryImageOfPage":{"@id":"https:\/\/www.trueiconicdesign.com\/it\/vaso-nero-scanalato-geometria-materia-dark-minimal\/#primaryimage"},"image":{"@id":"https:\/\/www.trueiconicdesign.com\/it\/vaso-nero-scanalato-geometria-materia-dark-minimal\/#primaryimage"},"thumbnailUrl":"https:\/\/www.trueiconicdesign.com\/wp-content\/uploads\/2026\/08\/featured-vaso-nero-scanalato-geometria-e-materia-per-il-dark-minimal-2.png","datePublished":"2026-08-08T06:33:20+00:00","dateModified":"2026-08-10T12:18:51+00:00","description":"Scopri il vaso nero opaco scanalato: geometria verticale e materia per il dark-minimal. Guida a palette, stili e abbinamenti per un design essenziale.","breadcrumb":{"@id":"https:\/\/www.trueiconicdesign.com\/it\/vaso-nero-scanalato-geometria-materia-dark-minimal\/#breadcrumb"},"inLanguage":"it-IT","potentialAction":[{"@type":"ReadAction","target":["https:\/\/www.trueiconicdesign.com\/it\/vaso-nero-scanalato-geometria-materia-dark-minimal\/"]}]},{"@type":"ImageObject","inLanguage":"it-IT","@id":"https:\/\/www.trueiconicdesign.com\/it\/vaso-nero-scanalato-geometria-materia-dark-minimal\/#primaryimage","url":"https:\/\/www.trueiconicdesign.com\/wp-content\/uploads\/2026\/08\/featured-vaso-nero-scanalato-geometria-e-materia-per-il-dark-minimal-2.png","contentUrl":"https:\/\/www.trueiconicdesign.com\/wp-content\/uploads\/2026\/08\/featured-vaso-nero-scanalato-geometria-e-materia-per-il-dark-minimal-2.png","width":2496,"height":2496},{"@type":"BreadcrumbList","@id":"https:\/\/www.trueiconicdesign.com\/it\/vaso-nero-scanalato-geometria-materia-dark-minimal\/#breadcrumb","itemListElement":[{"@type":"ListItem","position":1,"name":"Home","item":"https:\/\/www.trueiconicdesign.com\/en\/"},{"@type":"ListItem","position":2,"name":"Vaso nero scanalato: geometria e materia per il dark-minimal"}]},{"@type":"WebSite","@id":"https:\/\/www.trueiconicdesign.com\/en\/#website","url":"https:\/\/www.trueiconicdesign.com\/en\/","name":"True Iconic Design","description":"emotional simbolic style design","publisher":{"@id":"https:\/\/www.trueiconicdesign.com\/en\/#organization"},"alternateName":"4Additive - Additive manufacturing blog","potentialAction":[{"@type":"SearchAction","target":{"@type":"EntryPoint","urlTemplate":"https:\/\/www.trueiconicdesign.com\/en\/?s={search_term_string}"},"query-input":{"@type":"PropertyValueSpecification","valueRequired":true,"valueName":"search_term_string"}}],"inLanguage":"it-IT"},{"@type":"Organization","@id":"https:\/\/www.trueiconicdesign.com\/en\/#organization","name":"Emotional Symbolic Design","alternateName":"4Additive","url":"https:\/\/www.trueiconicdesign.com\/en\/","logo":{"@type":"ImageObject","inLanguage":"it-IT","@id":"https:\/\/wordpress.m.3dbooster.com\/it\/#\/schema\/logo\/image\/","url":"https:\/\/www.trueiconicdesign.com\/wp-content\/uploads\/2026\/07\/trueiconicdesign-logo.svg","contentUrl":"https:\/\/www.trueiconicdesign.com\/wp-content\/uploads\/2026\/07\/trueiconicdesign-logo.svg","caption":"Emotional Symbolic Design"},"image":{"@id":"https:\/\/wordpress.m.3dbooster.com\/it\/#\/schema\/logo\/image\/"},"sameAs":["https:\/\/trueiconicdesign.etsy.com\/"]},{"@type":"Person","@id":"https:\/\/wordpress.m.3dbooster.com\/it\/#\/schema\/person\/5a1c00cc9c7362ff5de0d9bea94fec08","name":"sync"}]}},"_links":{"self":[{"href":"https:\/\/www.trueiconicdesign.com\/it\/wp-json\/wp\/v2\/posts\/670","targetHints":{"allow":["GET"]}}],"collection":[{"href":"https:\/\/www.trueiconicdesign.com\/it\/wp-json\/wp\/v2\/posts"}],"about":[{"href":"https:\/\/www.trueiconicdesign.com\/it\/wp-json\/wp\/v2\/types\/post"}],"author":[{"embeddable":true,"href":"https:\/\/www.trueiconicdesign.com\/it\/wp-json\/wp\/v2\/users\/3"}],"replies":[{"embeddable":true,"href":"https:\/\/www.trueiconicdesign.com\/it\/wp-json\/wp\/v2\/comments?post=670"}],"version-history":[{"count":3,"href":"https:\/\/www.trueiconicdesign.com\/it\/wp-json\/wp\/v2\/posts\/670\/revisions"}],"predecessor-version":[{"id":684,"href":"https:\/\/www.trueiconicdesign.com\/it\/wp-json\/wp\/v2\/posts\/670\/revisions\/684"}],"wp:featuredmedia":[{"embeddable":true,"href":"https:\/\/www.trueiconicdesign.com\/it\/wp-json\/wp\/v2\/media\/720"}],"wp:attachment":[{"href":"https:\/\/www.trueiconicdesign.com\/it\/wp-json\/wp\/v2\/media?parent=670"}],"wp:term":[{"taxonomy":"category","embeddable":true,"href":"https:\/\/www.trueiconicdesign.com\/it\/wp-json\/wp\/v2\/categories?post=670"},{"taxonomy":"post_tag","embeddable":true,"href":"https:\/\/www.trueiconicdesign.com\/it\/wp-json\/wp\/v2\/tags?post=670"},{"taxonomy":"foradditive_tecnologie","embeddable":true,"href":"https:\/\/www.trueiconicdesign.com\/it\/wp-json\/wp\/v2\/foradditive_tecnologie?post=670"},{"taxonomy":"foradditive_materiali","embeddable":true,"href":"https:\/\/www.trueiconicdesign.com\/it\/wp-json\/wp\/v2\/foradditive_materiali?post=670"},{"taxonomy":"foradditive_applicazioni","embeddable":true,"href":"https:\/\/www.trueiconicdesign.com\/it\/wp-json\/wp\/v2\/foradditive_applicazioni?post=670"},{"taxonomy":"foradditive_case_studies","embeddable":true,"href":"https:\/\/www.trueiconicdesign.com\/it\/wp-json\/wp\/v2\/foradditive_case_studies?post=670"},{"taxonomy":"foradditive_settori_industriali","embeddable":true,"href":"https:\/\/www.trueiconicdesign.com\/it\/wp-json\/wp\/v2\/foradditive_settori_industriali?post=670"}],"curies":[{"name":"wp","href":"https:\/\/api.w.org\/{rel}","templated":true}]}}