{"id":810,"date":"2026-08-31T11:29:29","date_gmt":"2026-08-31T09:29:29","guid":{"rendered":"https:\/\/www.trueiconicdesign.com\/it\/?p=810"},"modified":"2026-08-31T11:29:29","modified_gmt":"2026-08-31T09:29:29","slug":"fenice-nera-amuleto-rinascita-parete","status":"publish","type":"post","link":"https:\/\/www.trueiconicdesign.com\/fr\/fenice-nera-amuleto-rinascita-parete\/","title":{"rendered":"Ph\u00e9nix Noir : une amulette de renaissance pour le mur"},"content":{"rendered":"<h2>Le Ph\u00e9nix Noir : Pr\u00e9sence de Renaissance sur le Mur<\/h2>\n<p>Lorsque nous traversons une transformation \u2013 la fin d'un lien, un nouveau travail, un d\u00e9m\u00e9nagement \u2013 l'espace que nous habitons cesse d'\u00eatre un simple contenant et devient t\u00e9moin. Un mur vide peut se transformer en point focal de force int\u00e9rieure, si nous choisissons de l'habiter avec un signe qui parle \u00e0 notre parcours.<\/p>\n<p>Le ph\u00e9nix noir n'est pas une simple d\u00e9coration : c'est une amulette domestique qui rappelle la capacit\u00e9 de rena\u00eetre de ses cendres.<\/p>\n<h3>Le Symbole comme Ancrage dans l'Espace<\/h3>\n<p>*Le symbolisme domestique n'est pas de la superstition, mais un moyen concret d'ancrer les intentions dans l'espace physique et de transformer l'environnement en alli\u00e9 \u00e9motionnel.*<\/p>\n<p>Dans l'architecture contemporaine, comme le montre le projet de Papundekl Architects pour une maison modulaire en R\u00e9publique tch\u00e8que, l'ouverture vers l'ext\u00e9rieur \u2013 \u00e0 travers de larges baies vitr\u00e9es orient\u00e9es vers la for\u00eat \u2013 dissout la fronti\u00e8re entre int\u00e9rieur et ext\u00e9rieur. De m\u00eame, un symbole sur le mur peut dissoudre la fronti\u00e8re entre espace physique et dimension \u00e9motionnelle.<\/p>\n<p>Le ph\u00e9nix repr\u00e9sente depuis des mill\u00e9naires le cycle de la mort et de la renaissance. Lorsque cet arch\u00e9type prend forme en noir mat, l'\u00e9l\u00e9gance se fond avec la force int\u00e9rieure. Le noir n'est pas sombre : c'est protection, transformation, potentiel inexprim\u00e9.<\/p>\n<div class=\"article-box article-box--highlight\">\n<strong>Pourquoi le ph\u00e9nix noir fonctionne comme point focal<\/strong><\/p>\n<ul>\n<li>Silhouette reconnaissable qui capte le regard imm\u00e9diatement<\/li>\n<li>Colore nero che crea contrasto grafico su qualsiasi parete chiara<\/li>\n<li>Postura ascendente che guida l\u2019occhio verso l\u2019alto, infondendo elevazione<\/li>\n<li>Significato universale che trasforma l\u2019oggetto in conversazione<\/li>\n<\/ul>\n<\/div>\n<h3>Dove Dare Respiro alla Fenice<\/h3>\n<p>*La collocazione determina se un oggetto simbolico diventa protagonista o si perde nel rumore visivo. Tre regole guidano la scelta.*<\/p>\n<p>**Regola uno: isolamento visivo.** La <a href=\"https:\/\/www.trueiconicdesign.com\/fr\/product\/fenice-nera-da-parete-simbolo-di-rinascita-e-nuovo-inizio\/\">fenice nera da parete<\/a> necessita di respiro. Posizionala al centro di una parete libera, senza affollare lo spazio circostante con quadri o mensole. Nell\u2019ingresso, sopra una console stretta, diventa il primo segno di accoglienza. In camera da letto, centrata sulla testata del letto, si trasforma in scudo notturno.<\/p>\n<p>**Regola due: illuminazione strategica.** Il nero opaco vive di contrasti luminosi. Una luce radente laterale o un faretto dall\u2019alto esaltano il profilo stratificato e la texture granulosa della bioplastica PLA. Senza illuminazione adeguata, il nero si confonde con la parete e perde presenza.<\/p>\n<p>**Regola tre: altezza dello sguardo.** Posiziona la fenice all\u2019altezza degli occhi quando sei in piedi (circa 160-170 cm da terra). Dietro la scrivania dell\u2019ufficio, ricorda la resilienza durante le sfide professionali. In uno spazio creativo, ispira il superamento degli ostacoli.<\/p>\n<div class=\"article-steps\">\n<h3>Montage et pr\u00e9paration du mur<\/h3>\n<ol>\n<li><strong>Pr\u00e9paration :<\/strong> Nettoyez le mur et identifiez le point central \u00e0 l'aide du gabarit de per\u00e7age fourni.<\/li>\n<li><strong>Fixation :<\/strong> Ins\u00e9rez les chevilles dans les fentes arri\u00e8re espac\u00e9es pour garantir la stabilit\u00e9.<\/li>\n<li><strong>V\u00e9rification :<\/strong> V\u00e9rifiez l'orientation horizontale des ailes avant de serrer d\u00e9finitivement.<\/li>\n<\/ol>\n<\/div>\n<h3>Le Noir Dialogue avec la Lumi\u00e8re et la Mati\u00e8re<\/h3>\n<p>*Le noir mat dialogue avec des mat\u00e9riaux et des couleurs sp\u00e9cifiques : le choix de l'association d\u00e9termine l'atmosph\u00e8re finale de l'espace.*<\/p>\n<p>Pour un impact graphique maximal, choisissez un mur blanc ou gris tr\u00e8s clair. Le contraste monochromatique met en valeur la silhouette stylis\u00e9e et en fait une sculpture pure.<\/p>\n<p>Si vous pr\u00e9f\u00e9rez adoucir la force du noir, optez pour des tons neutres chauds : greige, taupe, sable. Ces couleurs enveloppent le ph\u00e9nix dans une atmosph\u00e8re introvertie et \u00e9l\u00e9gante, parfaite pour la chambre \u00e0 coucher.<\/p>\n<div class=\"article-table-wrap\">\n<table class=\"article-table\">\n<thead>\n<tr>\n<th>Palette<\/th>\n<th>Atmosph\u00e8re<\/th>\n<th>Ambiance id\u00e9ale<\/th>\n<\/tr>\n<\/thead>\n<tbody>\n<tr>\n<td>Noir sur blanc<\/td>\n<td>Graphique, essentiel<\/td>\n<td>S\u00e9jour minimal<\/td>\n<\/tr>\n<tr>\n<td>Noir sur greige<\/td>\n<td>Chaude, enveloppante<\/td>\n<td>Chambre \u00e0 coucher<\/td>\n<\/tr>\n<tr>\n<td>Noir sur vert sauge<\/td>\n<td>Naturel, r\u00e9g\u00e9n\u00e9rant<\/td>\n<td>Espace cr\u00e9atif<\/td>\n<\/tr>\n<tr>\n<td>Noir sur gris anthracite<\/td>\n<td>M\u00e9tropolitaine, sophistiqu\u00e9e<\/td>\n<td>Bureau contemporain<\/td>\n<\/tr>\n<\/tbody>\n<\/table>\n<\/div>\n<p>Pour les associations de mati\u00e8res, le bois naturel ou laqu\u00e9 cr\u00e9e un contraste tactile. Le verre et les miroirs amplifient la l\u00e9g\u00e8ret\u00e9 per\u00e7ue. Le m\u00e9tal bross\u00e9 \u2013 laiton ou bronze \u2013 ajoute des accents de lumi\u00e8re chaude qui \u00e9voquent discr\u00e8tement l\u2019\u00e9l\u00e9ment feu du ph\u00e9nix.<\/p>\n<h3>Un Geste pour Ceux qui Changent<\/h3>\n<p>*Offrir un objet symbolique signifie reconna\u00eetre le parcours de l\u2019autre et offrir un talisman tangible pour le voyage.*<\/p>\n<p>Quand quelqu\u2019un traverse un grand changement \u2013 s\u00e9paration, deuil, nouveau travail, d\u00e9m\u00e9nagement \u2013 les mots ne suffisent souvent pas. Un <a href=\"https:\/\/www.trueiconicdesign.com\/fr\/product\/fenice-nera-da-parete-simbolo-di-rinascita-e-nuovo-inizio\/\">symbole de renaissance en bioplastique noire<\/a> devient un message silencieux : \u201c Je te vois. Je sais que tu renais. Voici quelque chose qui te rappellera ta force. \u201d<\/p>\n<p>Le choix du noir est significatif. Ce n\u2019est pas la couleur de la joie imm\u00e9diate, mais de la transformation profonde. C\u2019est la couleur de la nuit avant l\u2019aube, de la terre avant la pousse.<\/p>\n<div class=\"article-box article-box--info\">\n<strong>Occasions pour offrir le ph\u00e9nix noir<\/strong><\/p>\n<p>Nouveau d\u00e9part professionnel, fin d\u2019une relation importante, ach\u00e8vement d\u2019un parcours th\u00e9rapeutique, d\u00e9m\u00e9nagement dans une nouvelle ville, surmonter une maladie, lancement d\u2019un projet personnel longtemps report\u00e9.<\/p>\n<\/div>\n<h3>Ce qui \u00e9teint la pr\u00e9sence de l\u2019objet<\/h3>\n<p>*Trois erreurs courantes transforment un point focal puissant en d\u00e9coration anonyme.*<\/p>\n<p>**Erreur un : surpeuplement.** Entourer le ph\u00e9nix de trop de tableaux, photos ou \u00e9tag\u00e8res \u00e9teint son impact symbolique. Le silence visuel autour d'un symbole amplifie sa voix.<\/p>\n<p>**Erreur deux : \u00e9clairage absent.** Placer le ph\u00e9nix dans des zones excessivement sombres o\u00f9 le noir se confond avec le mur. Le noir mat n\u00e9cessite de la lumi\u00e8re pour exister en tant que contraste.<\/p>\n<p>**Erreur trois : contexte stylistique incoh\u00e9rent.** Ins\u00e9rer le ph\u00e9nix dans des environnements excessivement classiques \u2013 stucs dor\u00e9s, meubles Louis XV \u2013 sans un pont de liaison contemporain. Le design essentiel du ph\u00e9nix appartient au langage contemporain : minimalisme, industrial chic, wabi-sabi, dark academia.<\/p>\n<h3>Mat\u00e9riau et Dimensions<\/h3>\n<p>*Les d\u00e9tails pratiques d\u00e9terminent la faisabilit\u00e9 du projet : mesures, mat\u00e9riau, poids influencent le choix du mur et de la fixation.*<\/p>\n<p>La <a href=\"https:\/\/www.trueiconicdesign.com\/fr\/product\/fenice-nera-da-parete-simbolo-di-rinascita-e-nuovo-inizio\/\">d\u00e9coration murale en PLA noir<\/a> mesure 23 cm de largeur sur 19,5 cm de hauteur, avec une profondeur de 1,5 cm. Les dimensions compactes la rendent adapt\u00e9e \u00e0 tout environnement : chambre, salon, cuisine, bureau, espace cr\u00e9atif.<\/p>\n<p>Le mat\u00e9riau est une bioplastique PLA \u00e0 base de ma\u00efs, produite artisanalement en Italie par impression 3D. La texture granuleuse visible est une trace du processus cr\u00e9atif, non un d\u00e9faut : elle ajoute une valeur artisanale et une dimension tactile.<\/p>\n<p>Le style est contemporain, la couleur noir mat. La l\u00e9g\u00e8ret\u00e9 du PLA permet le montage sur n'importe quel mur, m\u00eame en placo, en utilisant le gabarit de per\u00e7age fourni.<\/p>\n<h3>Habiter le Changement<\/h3>\n<p>D\u00e9corer n'est pas seulement remplir des espaces vides. C'est choisir quelles histoires nous voulons que nos murs racontent, quels symboles nous voulons comme compagnons silencieux dans les journ\u00e9es difficiles.<\/p>\n<p>Le ph\u00e9nix noir sur le mur ne changera pas ta vie. Mais il te rappellera, chaque matin, que tu as d\u00e9j\u00e0 chang\u00e9 mille fois. Et que tu rena\u00eetras encore.<\/p>","protected":false},"excerpt":{"rendered":"<p>Le ph\u00e9nix noir mural est une amulette domestique qui symbolise la renaissance et la transformation int\u00e9rieure. Avec sa silhouette ascendante et le contraste graphique, il devient un point focal qui ancre les intentions dans l'espace, exigeant un isolement visuel pour exprimer toute sa force.<\/p>","protected":false},"author":3,"featured_media":811,"comment_status":"closed","ping_status":"","sticky":false,"template":"","format":"standard","meta":{"foradditive_qa_html":"<section class=\"foradditive-faq\"><div class=\"foradditive-faq-item\"><h3>Qual \u00e8 il significato simbolico della fenice nera?<\/h3><p>La fenice nera rappresenta la capacit\u00e0 di rinascere dalle ceneri dopo una trasformazione personale. Il colore nero opaco simboleggia protezione, forza interiore e potenziale inespresso.<\/p><\/div><div class=\"foradditive-faq-item\"><h3>Dove \u00e8 consigliabile posizionare la fenice nera in casa?<\/h3><p>Il punto ideale \u00e8 al centro di una parete libera, come sopra una console nell&#x27;ingresso o centrata sulla testata del letto in camera. \u00c8 fondamentale lasciare respiro visivo intorno all&#x27;oggetto.<\/p><\/div><div class=\"foradditive-faq-item\"><h3>Che tipo di illuminazione serve per valorizzare la fenice nera?<\/h3><p>Essendo in nero opaco, richiede contrasti luminosi come una luce radente laterale o un faretto dall&#x27;alto. Questa illuminazione esalta il profilo stratificato e la texture granulosa.<\/p><\/div><div class=\"foradditive-faq-item\"><h3>Di quale materiale \u00e8 realizzata la fenice nera descritta?<\/h3><p>L&#x27;articolo specifica che la fenice ha una texture granulosa ed \u00e8 realizzata in bioplastica PLA. Questo materiale permette di ottenere il particolare effetto visivo descritto.<\/p><\/div><div class=\"foradditive-faq-item\"><h3>A quale altezza va installata la fenice nera sulla parete?<\/h3><p>Va posizionata all&#x27;altezza degli occhi quando si \u00e8 in piedi, indicativamente tra i 160 e i 170 cm da terra. Questa collocazione garantisce la massima presenza visiva nello spazio.<\/p><\/div><\/section>","foradditive_qa_html_en":"<section class=\"foradditive-faq\"><div class=\"foradditive-faq-item\"><h3>What is the symbolic meaning of the black phoenix?<\/h3><p>The black phoenix represents the ability to rise from the ashes after a personal transformation. The matte black color symbolizes protection, inner strength, and untapped potential.<\/p><\/div><div class=\"foradditive-faq-item\"><h3>Where is it advisable to place the black phoenix in the home?<\/h3><p>The ideal spot is the center of a free wall, such as above a console in the entryway or centered on the bed headboard in the bedroom. It is essential to leave visual breathing room around the object.<\/p><\/div><div class=\"foradditive-faq-item\"><h3>What type of lighting is needed to enhance the black phoenix?<\/h3><p>Being matte black, it requires bright contrasts such as side grazing light or a spotlight from above. This lighting highlights the layered profile and granular texture.<\/p><\/div><div class=\"foradditive-faq-item\"><h3>What material is the described black phoenix made of?<\/h3><p>The item specifies that the phoenix has a granular texture and is made of PLA bioplastic. This material allows achieving the particular visual effect described.<\/p><\/div><div class=\"foradditive-faq-item\"><h3>At what height should the black phoenix be installed on the wall?<\/h3><p>It should be positioned at eye level when standing, approximately between 160 and 170 cm from the floor. This placement ensures maximum visual presence in the space.<\/p><\/div><\/section>","foradditive_qa_html_fr":"<section class=\"foradditive-faq\"><div class=\"foradditive-faq-item\"><h3>Quel est le sens symbolique du ph\u00e9nix noir ?<\/h3><p>Le ph\u00e9nix noir repr\u00e9sente la capacit\u00e9 de rena\u00eetre de ses cendres apr\u00e8s une transformation personnelle. Sa couleur noire mate symbolise la protection, la force int\u00e9rieure et le potentiel inexploit\u00e9.<\/p><\/div><div class=\"foradditive-faq-item\"><h3>O\u00f9 est-il conseill\u00e9 de placer le ph\u00e9nix noir dans la maison ?<\/h3><p>L&#x27;emplacement id\u00e9al est au centre d&#x27;un mur d\u00e9gag\u00e9, comme au-dessus d&#x27;une console dans l&#x27;entr\u00e9e ou centr\u00e9 sur la t\u00eate de lit dans la chambre. Il est essentiel de laisser un espace visuel autour de l&#x27;objet.<\/p><\/div><div class=\"foradditive-faq-item\"><h3>Quel type d&#x27;\u00e9clairage faut-il pour mettre en valeur le ph\u00e9nix noir ?<\/h3><p>\u00c9tant de couleur noire mate, il n\u00e9cessite des contrastes lumineux tels qu&#x27;une lumi\u00e8re rasante lat\u00e9rale ou un spot dirig\u00e9 depuis le haut. Cet \u00e9clairage met en relief le profil stratifi\u00e9 et la texture granuleuse.<\/p><\/div><div class=\"foradditive-faq-item\"><h3>De quel mat\u00e9riau est fait le ph\u00e9nix noir d\u00e9crit ?<\/h3><p>L&#x27;article pr\u00e9cise que le ph\u00e9nix poss\u00e8de une texture granuleuse et est r\u00e9alis\u00e9 en bioplastique PLA. Ce mat\u00e9riau permet d&#x27;obtenir l&#x27;effet visuel particulier d\u00e9crit.<\/p><\/div><div class=\"foradditive-faq-item\"><h3>\u00c0 quelle hauteur doit-on installer le ph\u00e9nix noir sur le mur ?<\/h3><p>Il doit \u00eatre plac\u00e9 \u00e0 hauteur des yeux lorsque l&#x27;on est debout, soit approximativement entre 160 et 170 cm du sol. Cette position garantit une pr\u00e9sence visuelle maximale dans l&#x27;espace.<\/p><\/div><\/section>","foradditive_qa_html_de":"<section class=\"foradditive-faq\"><div class=\"foradditive-faq-item\"><h3>Was ist die symbolische Bedeutung des schwarzen Ph\u00f6nix?<\/h3><p>Der schwarze Ph\u00f6nix steht f\u00fcr die F\u00e4higkeit, nach einer pers\u00f6nlichen Verwandlung aus der Asche wiedergeboren zu werden. Die matte schwarze Farbe symbolisiert Schutz, innere St\u00e4rke und unentfaltetes Potenzial.<\/p><\/div><div class=\"foradditive-faq-item\"><h3>Wo wird empfohlen, den schwarzen Ph\u00f6nix im Haus zu platzieren?<\/h3><p>Der ideale Ort ist die Mitte einer freien Wand, etwa \u00fcber einer Konsole im Eingangsbereich oder zentriert \u00fcber dem Kopfende des Bettes im Schlafzimmer. Es ist entscheidend, dem Objekt visuellen Atemraum zu lassen.<\/p><\/div><div class=\"foradditive-faq-item\"><h3>Welche Art von Beleuchtung wird ben\u00f6tigt, um den schwarzen Ph\u00f6nix zur Geltung zu bringen?<\/h3><p>Da er matt schwarz ist, ben\u00f6tigt er helle Kontraste wie seitliches Streiflicht oder einen Spot von oben. Diese Beleuchtung hebt das geschichtete Profil und die k\u00f6rnige Textur hervor.<\/p><\/div><div class=\"foradditive-faq-item\"><h3>Aus welchem Material besteht der beschriebene schwarze Ph\u00f6nix?<\/h3><p>Der Artikel gibt an, dass der Ph\u00f6nix eine k\u00f6rnige Textur hat und aus PLA-Biokunststoff gefertigt ist. Dieses Material erm\u00f6glicht den beschriebenen besonderen visuellen Effekt.<\/p><\/div><div class=\"foradditive-faq-item\"><h3>In welcher H\u00f6he sollte der schwarze Ph\u00f6nix an der Wand angebracht werden?<\/h3><p>Er sollte auf Augenh\u00f6he im Stehen positioniert werden, also etwa zwischen 160 und 170 cm \u00fcber dem Boden. Diese Platzierung gew\u00e4hrleistet eine maximale visuelle Pr\u00e4senz im Raum.<\/p><\/div><\/section>","foradditive_qa_html_es":"<section class=\"foradditive-faq\"><div class=\"foradditive-faq-item\"><h3>\u00bfCu\u00e1l es el significado simb\u00f3lico del f\u00e9nix negro?<\/h3><p>El f\u00e9nix negro representa la capacidad de renacer de las cenizas tras una transformaci\u00f3n personal. El color negro mate simboliza protecci\u00f3n, fuerza interior y potencial no expresado.<\/p><\/div><div class=\"foradditive-faq-item\"><h3>\u00bfD\u00f3nde se recomienda colocar el f\u00e9nix negro en casa?<\/h3><p>El lugar ideal es el centro de una pared libre, como encima de una consola en la entrada o centrado sobre el cabecero de la cama en el dormitorio. Es fundamental dejar espacio visual alrededor del objeto.<\/p><\/div><div class=\"foradditive-faq-item\"><h3>\u00bfQu\u00e9 tipo de iluminaci\u00f3n se necesita para realzar el f\u00e9nix negro?<\/h3><p>Al ser de color negro mate, requiere contrastes luminosos como una luz rasante lateral o un foco desde arriba. Esta iluminaci\u00f3n resalta el perfil estratificado y la textura granulada.<\/p><\/div><div class=\"foradditive-faq-item\"><h3>\u00bfDe qu\u00e9 material est\u00e1 hecho el f\u00e9nix negro descrito?<\/h3><p>El art\u00edculo especifica que el f\u00e9nix tiene una textura granulada y est\u00e1 fabricado en biopl\u00e1stico PLA. Este material permite lograr el efecto visual particular descrito.<\/p><\/div><div class=\"foradditive-faq-item\"><h3>\u00bfA qu\u00e9 altura debe instalarse el f\u00e9nix negro en la pared?<\/h3><p>Debe colocarse a la altura de los ojos cuando se est\u00e1 de pie, aproximadamente entre 160 y 170 cm del suelo. Esta ubicaci\u00f3n garantiza la m\u00e1xima presencia visual en el espacio.<\/p><\/div><\/section>","foradditive_qa_jsonld":"{\"@context\":\"https:\/\/schema.org\",\"@type\":\"FAQPage\",\"inLanguage\":\"it\",\"mainEntity\":[{\"@type\":\"Question\",\"name\":\"Qual \u00e8 il significato simbolico della fenice nera?\",\"acceptedAnswer\":{\"@type\":\"Answer\",\"text\":\"La fenice nera rappresenta la capacit\u00e0 di rinascere dalle ceneri dopo una trasformazione personale. Il colore nero opaco simboleggia protezione, forza interiore e potenziale inespresso.\"}},{\"@type\":\"Question\",\"name\":\"Dove \u00e8 consigliabile posizionare la fenice nera in casa?\",\"acceptedAnswer\":{\"@type\":\"Answer\",\"text\":\"Il punto ideale \u00e8 al centro di una parete libera, come sopra una console nell'ingresso o centrata sulla testata del letto in camera. \u00c8 fondamentale lasciare respiro visivo intorno all'oggetto.\"}},{\"@type\":\"Question\",\"name\":\"Che tipo di illuminazione serve per valorizzare la fenice nera?\",\"acceptedAnswer\":{\"@type\":\"Answer\",\"text\":\"Essendo in nero opaco, richiede contrasti luminosi come una luce radente laterale o un faretto dall'alto. Questa illuminazione esalta il profilo stratificato e la texture granulosa.\"}},{\"@type\":\"Question\",\"name\":\"Di quale materiale \u00e8 realizzata la fenice nera descritta?\",\"acceptedAnswer\":{\"@type\":\"Answer\",\"text\":\"L'articolo specifica che la fenice ha una texture granulosa ed \u00e8 realizzata in bioplastica PLA. Questo materiale permette di ottenere il particolare effetto visivo descritto.\"}},{\"@type\":\"Question\",\"name\":\"A quale altezza va installata la fenice nera sulla parete?\",\"acceptedAnswer\":{\"@type\":\"Answer\",\"text\":\"Va posizionata all'altezza degli occhi quando si \u00e8 in piedi, indicativamente tra i 160 e i 170 cm da terra. Questa collocazione garantisce la massima presenza visiva nello spazio.\"}}]}","foradditive_qa_jsonld_en":"{\"@context\":\"https:\/\/schema.org\",\"@type\":\"FAQPage\",\"inLanguage\":\"en\",\"mainEntity\":[{\"@type\":\"Question\",\"name\":\"What is the symbolic meaning of the black phoenix?\",\"acceptedAnswer\":{\"@type\":\"Answer\",\"text\":\"The black phoenix represents the ability to rise from the ashes after a personal transformation. The matte black color symbolizes protection, inner strength, and untapped potential.\"}},{\"@type\":\"Question\",\"name\":\"Where is it advisable to place the black phoenix in the home?\",\"acceptedAnswer\":{\"@type\":\"Answer\",\"text\":\"The ideal spot is the center of a free wall, such as above a console in the entryway or centered on the bed headboard in the bedroom. It is essential to leave visual breathing room around the object.\"}},{\"@type\":\"Question\",\"name\":\"What type of lighting is needed to enhance the black phoenix?\",\"acceptedAnswer\":{\"@type\":\"Answer\",\"text\":\"Being matte black, it requires bright contrasts such as side grazing light or a spotlight from above. This lighting highlights the layered profile and granular texture.\"}},{\"@type\":\"Question\",\"name\":\"What material is the described black phoenix made of?\",\"acceptedAnswer\":{\"@type\":\"Answer\",\"text\":\"The item specifies that the phoenix has a granular texture and is made of PLA bioplastic. This material allows achieving the particular visual effect described.\"}},{\"@type\":\"Question\",\"name\":\"At what height should the black phoenix be installed on the wall?\",\"acceptedAnswer\":{\"@type\":\"Answer\",\"text\":\"It should be positioned at eye level when standing, approximately between 160 and 170 cm from the floor. This placement ensures maximum visual presence in the space.\"}}]}","foradditive_qa_jsonld_fr":"{\"@context\":\"https:\/\/schema.org\",\"@type\":\"FAQPage\",\"inLanguage\":\"fr\",\"mainEntity\":[{\"@type\":\"Question\",\"name\":\"Quel est le sens symbolique du ph\u00e9nix noir ?\",\"acceptedAnswer\":{\"@type\":\"Answer\",\"text\":\"Le ph\u00e9nix noir repr\u00e9sente la capacit\u00e9 de rena\u00eetre de ses cendres apr\u00e8s une transformation personnelle. Sa couleur noire mate symbolise la protection, la force int\u00e9rieure et le potentiel inexploit\u00e9.\"}},{\"@type\":\"Question\",\"name\":\"O\u00f9 est-il conseill\u00e9 de placer le ph\u00e9nix noir dans la maison ?\",\"acceptedAnswer\":{\"@type\":\"Answer\",\"text\":\"L'emplacement id\u00e9al est au centre d'un mur d\u00e9gag\u00e9, comme au-dessus d'une console dans l'entr\u00e9e ou centr\u00e9 sur la t\u00eate de lit dans la chambre. Il est essentiel de laisser un espace visuel autour de l'objet.\"}},{\"@type\":\"Question\",\"name\":\"Quel type d'\u00e9clairage faut-il pour mettre en valeur le ph\u00e9nix noir ?\",\"acceptedAnswer\":{\"@type\":\"Answer\",\"text\":\"\u00c9tant de couleur noire mate, il n\u00e9cessite des contrastes lumineux tels qu'une lumi\u00e8re rasante lat\u00e9rale ou un spot dirig\u00e9 depuis le haut. Cet \u00e9clairage met en relief le profil stratifi\u00e9 et la texture granuleuse.\"}},{\"@type\":\"Question\",\"name\":\"De quel mat\u00e9riau est fait le ph\u00e9nix noir d\u00e9crit ?\",\"acceptedAnswer\":{\"@type\":\"Answer\",\"text\":\"L'article pr\u00e9cise que le ph\u00e9nix poss\u00e8de une texture granuleuse et est r\u00e9alis\u00e9 en bioplastique PLA. Ce mat\u00e9riau permet d'obtenir l'effet visuel particulier d\u00e9crit.\"}},{\"@type\":\"Question\",\"name\":\"\u00c0 quelle hauteur doit-on installer le ph\u00e9nix noir sur le mur ?\",\"acceptedAnswer\":{\"@type\":\"Answer\",\"text\":\"Il doit \u00eatre plac\u00e9 \u00e0 hauteur des yeux lorsque l'on est debout, soit approximativement entre 160 et 170 cm du sol. Cette position garantit une pr\u00e9sence visuelle maximale dans l'espace.\"}}]}","foradditive_qa_jsonld_de":"{\"@context\":\"https:\/\/schema.org\",\"@type\":\"FAQPage\",\"inLanguage\":\"de\",\"mainEntity\":[{\"@type\":\"Question\",\"name\":\"Was ist die symbolische Bedeutung des schwarzen Ph\u00f6nix?\",\"acceptedAnswer\":{\"@type\":\"Answer\",\"text\":\"Der schwarze Ph\u00f6nix steht f\u00fcr die F\u00e4higkeit, nach einer pers\u00f6nlichen Verwandlung aus der Asche wiedergeboren zu werden. Die matte schwarze Farbe symbolisiert Schutz, innere St\u00e4rke und unentfaltetes Potenzial.\"}},{\"@type\":\"Question\",\"name\":\"Wo wird empfohlen, den schwarzen Ph\u00f6nix im Haus zu platzieren?\",\"acceptedAnswer\":{\"@type\":\"Answer\",\"text\":\"Der ideale Ort ist die Mitte einer freien Wand, etwa \u00fcber einer Konsole im Eingangsbereich oder zentriert \u00fcber dem Kopfende des Bettes im Schlafzimmer. Es ist entscheidend, dem Objekt visuellen Atemraum zu lassen.\"}},{\"@type\":\"Question\",\"name\":\"Welche Art von Beleuchtung wird ben\u00f6tigt, um den schwarzen Ph\u00f6nix zur Geltung zu bringen?\",\"acceptedAnswer\":{\"@type\":\"Answer\",\"text\":\"Da er matt schwarz ist, ben\u00f6tigt er helle Kontraste wie seitliches Streiflicht oder einen Spot von oben. Diese Beleuchtung hebt das geschichtete Profil und die k\u00f6rnige Textur hervor.\"}},{\"@type\":\"Question\",\"name\":\"Aus welchem Material besteht der beschriebene schwarze Ph\u00f6nix?\",\"acceptedAnswer\":{\"@type\":\"Answer\",\"text\":\"Der Artikel gibt an, dass der Ph\u00f6nix eine k\u00f6rnige Textur hat und aus PLA-Biokunststoff gefertigt ist. Dieses Material erm\u00f6glicht den beschriebenen besonderen visuellen Effekt.\"}},{\"@type\":\"Question\",\"name\":\"In welcher H\u00f6he sollte der schwarze Ph\u00f6nix an der Wand angebracht werden?\",\"acceptedAnswer\":{\"@type\":\"Answer\",\"text\":\"Er sollte auf Augenh\u00f6he im Stehen positioniert werden, also etwa zwischen 160 und 170 cm \u00fcber dem Boden. Diese Platzierung gew\u00e4hrleistet eine maximale visuelle Pr\u00e4senz im Raum.\"}}]}","foradditive_qa_jsonld_es":"{\"@context\":\"https:\/\/schema.org\",\"@type\":\"FAQPage\",\"inLanguage\":\"es\",\"mainEntity\":[{\"@type\":\"Question\",\"name\":\"\u00bfCu\u00e1l es el significado simb\u00f3lico del f\u00e9nix negro?\",\"acceptedAnswer\":{\"@type\":\"Answer\",\"text\":\"El f\u00e9nix negro representa la capacidad de renacer de las cenizas tras una transformaci\u00f3n personal. El color negro mate simboliza protecci\u00f3n, fuerza interior y potencial no expresado.\"}},{\"@type\":\"Question\",\"name\":\"\u00bfD\u00f3nde se recomienda colocar el f\u00e9nix negro en casa?\",\"acceptedAnswer\":{\"@type\":\"Answer\",\"text\":\"El lugar ideal es el centro de una pared libre, como encima de una consola en la entrada o centrado sobre el cabecero de la cama en el dormitorio. Es fundamental dejar espacio visual alrededor del objeto.\"}},{\"@type\":\"Question\",\"name\":\"\u00bfQu\u00e9 tipo de iluminaci\u00f3n se necesita para realzar el f\u00e9nix negro?\",\"acceptedAnswer\":{\"@type\":\"Answer\",\"text\":\"Al ser de color negro mate, requiere contrastes luminosos como una luz rasante lateral o un foco desde arriba. Esta iluminaci\u00f3n resalta el perfil estratificado y la textura granulada.\"}},{\"@type\":\"Question\",\"name\":\"\u00bfDe qu\u00e9 material est\u00e1 hecho el f\u00e9nix negro descrito?\",\"acceptedAnswer\":{\"@type\":\"Answer\",\"text\":\"El art\u00edculo especifica que el f\u00e9nix tiene una textura granulada y est\u00e1 fabricado en biopl\u00e1stico PLA. Este material permite lograr el efecto visual particular descrito.\"}},{\"@type\":\"Question\",\"name\":\"\u00bfA qu\u00e9 altura debe instalarse el f\u00e9nix negro en la pared?\",\"acceptedAnswer\":{\"@type\":\"Answer\",\"text\":\"Debe colocarse a la altura de los ojos cuando se est\u00e1 de pie, aproximadamente entre 160 y 170 cm del suelo. Esta ubicaci\u00f3n garantiza la m\u00e1xima presencia visual en el espacio.\"}}]}","foradditive_slug_en":"black-phoenix-amulet-rebirth-wall","foradditive_slug_fr":"phoenix-noire-amulette-renaissance-mur","foradditive_slug_de":"schwarzer-phoenix-amulett-wiedergeburt-wand","foradditive_slug_es":"fenix-negra-amuleto-renacimiento-pared","foradditive_audio_summary_it":0,"foradditive_audio_summary_en":0,"foradditive_audio_summary_fr":0,"foradditive_audio_summary_de":0,"foradditive_audio_summary_es":0,"footnotes":""},"categories":[33],"tags":[],"foradditive_tecnologie":[],"foradditive_materiali":[],"foradditive_applicazioni":[],"foradditive_case_studies":[],"foradditive_settori_industriali":[],"class_list":["post-810","post","type-post","status-publish","format-standard","has-post-thumbnail","hentry","category-design"],"yoast_head":"<!-- This site is optimized with the Yoast SEO plugin v28.3 - https:\/\/yoast.com\/product\/yoast-seo-wordpress\/ -->\n<title>Ph\u00e9nix Noir : une amulette de renaissance pour le mur - True Iconic Design<\/title>\n<meta name=\"description\" content=\"D\u00e9couvrez le Ph\u00e9nix Noir : une amulette de renaissance en PLA pour le mur. Guide pour le placement id\u00e9al \u00e0 la maison et au bureau pour transformer l&#039;espace.\" \/>\n<meta name=\"robots\" content=\"index, follow, max-snippet:-1, max-image-preview:large, max-video-preview:-1\" \/>\n<link rel=\"canonical\" href=\"https:\/\/www.trueiconicdesign.com\/fr\/phoenix-noire-amulette-renaissance-mur\/\" \/>\n<meta property=\"og:locale\" content=\"fr_FR\" \/>\n<meta property=\"og:type\" content=\"article\" \/>\n<meta property=\"og:title\" content=\"Ph\u00e9nix Noir : une amulette de renaissance pour le mur - True Iconic Design\" \/>\n<meta property=\"og:description\" content=\"D\u00e9couvrez le Ph\u00e9nix Noir : une amulette de renaissance en PLA pour le mur. Guide pour le placement id\u00e9al \u00e0 la maison et au bureau pour transformer l&#039;espace.\" \/>\n<meta property=\"og:url\" content=\"https:\/\/www.trueiconicdesign.com\/fr\/phoenix-noire-amulette-renaissance-mur\/\" \/>\n<meta property=\"og:site_name\" content=\"True Iconic Design\" \/>\n<meta property=\"article:published_time\" content=\"2026-08-31T09:29:29+00:00\" \/>\n<meta property=\"og:image\" content=\"https:\/\/www.trueiconicdesign.com\/wp-content\/uploads\/2026\/08\/featured-fenice-nera-un-amuleto-di-rinascita-per-la-parete-1024x1024.png\" \/>\n\t<meta property=\"og:image:width\" content=\"1024\" \/>\n\t<meta property=\"og:image:height\" content=\"1024\" \/>\n\t<meta property=\"og:image:type\" content=\"image\/png\" \/>\n<meta name=\"author\" content=\"sync\" \/>\n<meta name=\"twitter:card\" content=\"summary_large_image\" \/>\n<meta name=\"twitter:label1\" content=\"Written by\" \/>\n\t<meta name=\"twitter:data1\" content=\"sync\" \/>\n\t<meta name=\"twitter:label2\" content=\"Est. reading time\" \/>\n\t<meta name=\"twitter:data2\" content=\"5 minutes\" \/>\n<script type=\"application\/ld+json\" class=\"yoast-schema-graph\">{\"@context\":\"https:\\\/\\\/schema.org\",\"@graph\":[{\"@type\":\"Article\",\"@id\":\"https:\\\/\\\/www.trueiconicdesign.com\\\/it\\\/fenice-nera-amuleto-rinascita-parete\\\/#article\",\"isPartOf\":{\"@id\":\"https:\\\/\\\/www.trueiconicdesign.com\\\/it\\\/fenice-nera-amuleto-rinascita-parete\\\/\"},\"author\":{\"name\":\"synchronisation\",\"@id\":\"https:\\\/\\\/wordpress.m.3dbooster.com\\\/it\\\/#\\\/schema\\\/person\\\/5a1c00cc9c7362ff5de0d9bea94fec08\"},\"headline\":\"Ph\u00e9nix Noir : une amulette de renaissance pour le mur\",\"datePublished\":\"2026-08-31T09:29:29+00:00\",\"mainEntityOfPage\":{\"@id\":\"https:\\\/\\\/www.trueiconicdesign.com\\\/it\\\/fenice-nera-amuleto-rinascita-parete\\\/\"},\"wordCount\":1012,\"publisher\":{\"@id\":\"https:\\\/\\\/www.trueiconicdesign.com\\\/en\\\/#organization\"},\"image\":{\"@id\":\"https:\\\/\\\/www.trueiconicdesign.com\\\/it\\\/fenice-nera-amuleto-rinascita-parete\\\/#primaryimage\"},\"thumbnailUrl\":\"https:\\\/\\\/www.trueiconicdesign.com\\\/wp-content\\\/uploads\\\/2026\\\/08\\\/featured-fenice-nera-un-amuleto-di-rinascita-per-la-parete.png\",\"articleSection\":[\"Design\"],\"inLanguage\":\"fr-FR\"},{\"@type\":\"WebPage\",\"@id\":\"https:\\\/\\\/www.trueiconicdesign.com\\\/it\\\/fenice-nera-amuleto-rinascita-parete\\\/\",\"url\":\"https:\\\/\\\/www.trueiconicdesign.com\\\/it\\\/fenice-nera-amuleto-rinascita-parete\\\/\",\"name\":\"Ph\u00e9nix Noir : une amulette de renaissance pour le mur - True Iconic Design\",\"isPartOf\":{\"@id\":\"https:\\\/\\\/www.trueiconicdesign.com\\\/en\\\/#website\"},\"primaryImageOfPage\":{\"@id\":\"https:\\\/\\\/www.trueiconicdesign.com\\\/it\\\/fenice-nera-amuleto-rinascita-parete\\\/#primaryimage\"},\"image\":{\"@id\":\"https:\\\/\\\/www.trueiconicdesign.com\\\/it\\\/fenice-nera-amuleto-rinascita-parete\\\/#primaryimage\"},\"thumbnailUrl\":\"https:\\\/\\\/www.trueiconicdesign.com\\\/wp-content\\\/uploads\\\/2026\\\/08\\\/featured-fenice-nera-un-amuleto-di-rinascita-per-la-parete.png\",\"datePublished\":\"2026-08-31T09:29:29+00:00\",\"description\":\"D\u00e9couvrez le Ph\u00e9nix Noir : une amulette de renaissance en PLA pour le mur. Guide pour le placement id\u00e9al \u00e0 la maison et au bureau pour transformer l'espace.\",\"breadcrumb\":{\"@id\":\"https:\\\/\\\/www.trueiconicdesign.com\\\/it\\\/fenice-nera-amuleto-rinascita-parete\\\/#breadcrumb\"},\"inLanguage\":\"fr-FR\",\"potentialAction\":[{\"@type\":\"ReadAction\",\"target\":[\"https:\\\/\\\/www.trueiconicdesign.com\\\/it\\\/fenice-nera-amuleto-rinascita-parete\\\/\"]}]},{\"@type\":\"ImageObject\",\"inLanguage\":\"fr-FR\",\"@id\":\"https:\\\/\\\/www.trueiconicdesign.com\\\/it\\\/fenice-nera-amuleto-rinascita-parete\\\/#primaryimage\",\"url\":\"https:\\\/\\\/www.trueiconicdesign.com\\\/wp-content\\\/uploads\\\/2026\\\/08\\\/featured-fenice-nera-un-amuleto-di-rinascita-per-la-parete.png\",\"contentUrl\":\"https:\\\/\\\/www.trueiconicdesign.com\\\/wp-content\\\/uploads\\\/2026\\\/08\\\/featured-fenice-nera-un-amuleto-di-rinascita-per-la-parete.png\",\"width\":2192,\"height\":2192},{\"@type\":\"BreadcrumbList\",\"@id\":\"https:\\\/\\\/www.trueiconicdesign.com\\\/it\\\/fenice-nera-amuleto-rinascita-parete\\\/#breadcrumb\",\"itemListElement\":[{\"@type\":\"ListItem\",\"position\":1,\"name\":\"Accueil\",\"item\":\"https:\\\/\\\/www.trueiconicdesign.com\\\/en\\\/\"},{\"@type\":\"ListItem\",\"position\":2,\"name\":\"Ph\u00e9nix Noir : une amulette de renaissance pour le mur\"}]},{\"@type\":\"WebSite\",\"@id\":\"https:\\\/\\\/www.trueiconicdesign.com\\\/en\\\/#website\",\"url\":\"https:\\\/\\\/www.trueiconicdesign.com\\\/en\\\/\",\"name\":\"True Iconic Design\",\"description\":\"design de style symbolique \u00e9motionnel\",\"publisher\":{\"@id\":\"https:\\\/\\\/www.trueiconicdesign.com\\\/en\\\/#organization\"},\"alternateName\":\"4Additive - Blog de fabrication additive\",\"potentialAction\":[{\"@type\":\"SearchAction\",\"target\":{\"@type\":\"EntryPoint\",\"urlTemplate\":\"https:\\\/\\\/www.trueiconicdesign.com\\\/en\\\/?s={search_term_string}\"},\"query-input\":{\"@type\":\"PropertyValueSpecification\",\"valueRequired\":true,\"valueName\":\"search_term_string\"}}],\"inLanguage\":\"fr-FR\"},{\"@type\":\"Organization\",\"@id\":\"https:\\\/\\\/www.trueiconicdesign.com\\\/en\\\/#organization\",\"name\":\"Design symbolique \u00e9motionnel\",\"alternateName\":\"4Additif\",\"url\":\"https:\\\/\\\/www.trueiconicdesign.com\\\/en\\\/\",\"logo\":{\"@type\":\"ImageObject\",\"inLanguage\":\"fr-FR\",\"@id\":\"https:\\\/\\\/wordpress.m.3dbooster.com\\\/it\\\/#\\\/schema\\\/logo\\\/image\\\/\",\"url\":\"https:\\\/\\\/www.trueiconicdesign.com\\\/wp-content\\\/uploads\\\/2026\\\/07\\\/trueiconicdesign-logo.svg\",\"contentUrl\":\"https:\\\/\\\/www.trueiconicdesign.com\\\/wp-content\\\/uploads\\\/2026\\\/07\\\/trueiconicdesign-logo.svg\",\"caption\":\"Design symbolique \u00e9motionnel\"},\"image\":{\"@id\":\"https:\\\/\\\/wordpress.m.3dbooster.com\\\/it\\\/#\\\/schema\\\/logo\\\/image\\\/\"},\"sameAs\":[\"https:\\\/\\\/trueiconicdesign.etsy.com\\\/\"]},{\"@type\":\"Person\",\"@id\":\"https:\\\/\\\/wordpress.m.3dbooster.com\\\/it\\\/#\\\/schema\\\/person\\\/5a1c00cc9c7362ff5de0d9bea94fec08\",\"name\":\"synchronisation\"}]}<\/script>\n<!-- \/ Yoast SEO plugin. -->","yoast_head_json":{"title":"Ph\u00e9nix Noir : une amulette de renaissance pour le mur - True Iconic Design","description":"D\u00e9couvrez le Ph\u00e9nix Noir : une amulette de renaissance en PLA pour le mur. Guide pour le placement id\u00e9al \u00e0 la maison et au bureau pour transformer l'espace.","robots":{"index":"index","follow":"follow","max-snippet":"max-snippet:-1","max-image-preview":"max-image-preview:large","max-video-preview":"max-video-preview:-1"},"canonical":"https:\/\/www.trueiconicdesign.com\/fr\/phoenix-noire-amulette-renaissance-mur\/","og_locale":"fr_FR","og_type":"article","og_title":"Ph\u00e9nix Noir : une amulette de renaissance pour le mur - True Iconic Design","og_description":"D\u00e9couvrez le Ph\u00e9nix Noir : une amulette de renaissance en PLA pour le mur. Guide pour le placement id\u00e9al \u00e0 la maison et au bureau pour transformer l'espace.","og_url":"https:\/\/www.trueiconicdesign.com\/fr\/phoenix-noire-amulette-renaissance-mur\/","og_site_name":"True Iconic Design","article_published_time":"2026-08-31T09:29:29+00:00","og_image":[{"width":1024,"height":1024,"url":"https:\/\/www.trueiconicdesign.com\/wp-content\/uploads\/2026\/08\/featured-fenice-nera-un-amuleto-di-rinascita-per-la-parete-1024x1024.png","type":"image\/png"}],"author":"sync","twitter_card":"summary_large_image","twitter_misc":{"Written by":"sync","Est. reading time":"5 minutes"},"schema":{"@context":"https:\/\/schema.org","@graph":[{"@type":"Article","@id":"https:\/\/www.trueiconicdesign.com\/it\/fenice-nera-amuleto-rinascita-parete\/#article","isPartOf":{"@id":"https:\/\/www.trueiconicdesign.com\/it\/fenice-nera-amuleto-rinascita-parete\/"},"author":{"name":"synchronisation","@id":"https:\/\/wordpress.m.3dbooster.com\/it\/#\/schema\/person\/5a1c00cc9c7362ff5de0d9bea94fec08"},"headline":"Ph\u00e9nix Noir : une amulette de renaissance pour le mur","datePublished":"2026-08-31T09:29:29+00:00","mainEntityOfPage":{"@id":"https:\/\/www.trueiconicdesign.com\/it\/fenice-nera-amuleto-rinascita-parete\/"},"wordCount":1012,"publisher":{"@id":"https:\/\/www.trueiconicdesign.com\/en\/#organization"},"image":{"@id":"https:\/\/www.trueiconicdesign.com\/it\/fenice-nera-amuleto-rinascita-parete\/#primaryimage"},"thumbnailUrl":"https:\/\/www.trueiconicdesign.com\/wp-content\/uploads\/2026\/08\/featured-fenice-nera-un-amuleto-di-rinascita-per-la-parete.png","articleSection":["Design"],"inLanguage":"fr-FR"},{"@type":"WebPage","@id":"https:\/\/www.trueiconicdesign.com\/it\/fenice-nera-amuleto-rinascita-parete\/","url":"https:\/\/www.trueiconicdesign.com\/it\/fenice-nera-amuleto-rinascita-parete\/","name":"Ph\u00e9nix Noir : une amulette de renaissance pour le mur - True Iconic Design","isPartOf":{"@id":"https:\/\/www.trueiconicdesign.com\/en\/#website"},"primaryImageOfPage":{"@id":"https:\/\/www.trueiconicdesign.com\/it\/fenice-nera-amuleto-rinascita-parete\/#primaryimage"},"image":{"@id":"https:\/\/www.trueiconicdesign.com\/it\/fenice-nera-amuleto-rinascita-parete\/#primaryimage"},"thumbnailUrl":"https:\/\/www.trueiconicdesign.com\/wp-content\/uploads\/2026\/08\/featured-fenice-nera-un-amuleto-di-rinascita-per-la-parete.png","datePublished":"2026-08-31T09:29:29+00:00","description":"D\u00e9couvrez le Ph\u00e9nix Noir : une amulette de renaissance en PLA pour le mur. Guide pour le placement id\u00e9al \u00e0 la maison et au bureau pour transformer l'espace.","breadcrumb":{"@id":"https:\/\/www.trueiconicdesign.com\/it\/fenice-nera-amuleto-rinascita-parete\/#breadcrumb"},"inLanguage":"fr-FR","potentialAction":[{"@type":"ReadAction","target":["https:\/\/www.trueiconicdesign.com\/it\/fenice-nera-amuleto-rinascita-parete\/"]}]},{"@type":"ImageObject","inLanguage":"fr-FR","@id":"https:\/\/www.trueiconicdesign.com\/it\/fenice-nera-amuleto-rinascita-parete\/#primaryimage","url":"https:\/\/www.trueiconicdesign.com\/wp-content\/uploads\/2026\/08\/featured-fenice-nera-un-amuleto-di-rinascita-per-la-parete.png","contentUrl":"https:\/\/www.trueiconicdesign.com\/wp-content\/uploads\/2026\/08\/featured-fenice-nera-un-amuleto-di-rinascita-per-la-parete.png","width":2192,"height":2192},{"@type":"BreadcrumbList","@id":"https:\/\/www.trueiconicdesign.com\/it\/fenice-nera-amuleto-rinascita-parete\/#breadcrumb","itemListElement":[{"@type":"ListItem","position":1,"name":"Accueil","item":"https:\/\/www.trueiconicdesign.com\/en\/"},{"@type":"ListItem","position":2,"name":"Ph\u00e9nix Noir : une amulette de renaissance pour le mur"}]},{"@type":"WebSite","@id":"https:\/\/www.trueiconicdesign.com\/en\/#website","url":"https:\/\/www.trueiconicdesign.com\/en\/","name":"True Iconic Design","description":"design de style symbolique \u00e9motionnel","publisher":{"@id":"https:\/\/www.trueiconicdesign.com\/en\/#organization"},"alternateName":"4Additive - Blog de fabrication additive","potentialAction":[{"@type":"SearchAction","target":{"@type":"EntryPoint","urlTemplate":"https:\/\/www.trueiconicdesign.com\/en\/?s={search_term_string}"},"query-input":{"@type":"PropertyValueSpecification","valueRequired":true,"valueName":"search_term_string"}}],"inLanguage":"fr-FR"},{"@type":"Organization","@id":"https:\/\/www.trueiconicdesign.com\/en\/#organization","name":"Design symbolique \u00e9motionnel","alternateName":"4Additif","url":"https:\/\/www.trueiconicdesign.com\/en\/","logo":{"@type":"ImageObject","inLanguage":"fr-FR","@id":"https:\/\/wordpress.m.3dbooster.com\/it\/#\/schema\/logo\/image\/","url":"https:\/\/www.trueiconicdesign.com\/wp-content\/uploads\/2026\/07\/trueiconicdesign-logo.svg","contentUrl":"https:\/\/www.trueiconicdesign.com\/wp-content\/uploads\/2026\/07\/trueiconicdesign-logo.svg","caption":"Design symbolique \u00e9motionnel"},"image":{"@id":"https:\/\/wordpress.m.3dbooster.com\/it\/#\/schema\/logo\/image\/"},"sameAs":["https:\/\/trueiconicdesign.etsy.com\/"]},{"@type":"Person","@id":"https:\/\/wordpress.m.3dbooster.com\/it\/#\/schema\/person\/5a1c00cc9c7362ff5de0d9bea94fec08","name":"synchronisation"}]}},"_links":{"self":[{"href":"https:\/\/www.trueiconicdesign.com\/fr\/wp-json\/wp\/v2\/posts\/810","targetHints":{"allow":["GET"]}}],"collection":[{"href":"https:\/\/www.trueiconicdesign.com\/fr\/wp-json\/wp\/v2\/posts"}],"about":[{"href":"https:\/\/www.trueiconicdesign.com\/fr\/wp-json\/wp\/v2\/types\/post"}],"author":[{"embeddable":true,"href":"https:\/\/www.trueiconicdesign.com\/fr\/wp-json\/wp\/v2\/users\/3"}],"replies":[{"embeddable":true,"href":"https:\/\/www.trueiconicdesign.com\/fr\/wp-json\/wp\/v2\/comments?post=810"}],"version-history":[{"count":1,"href":"https:\/\/www.trueiconicdesign.com\/fr\/wp-json\/wp\/v2\/posts\/810\/revisions"}],"predecessor-version":[{"id":812,"href":"https:\/\/www.trueiconicdesign.com\/fr\/wp-json\/wp\/v2\/posts\/810\/revisions\/812"}],"wp:featuredmedia":[{"embeddable":true,"href":"https:\/\/www.trueiconicdesign.com\/fr\/wp-json\/wp\/v2\/media\/811"}],"wp:attachment":[{"href":"https:\/\/www.trueiconicdesign.com\/fr\/wp-json\/wp\/v2\/media?parent=810"}],"wp:term":[{"taxonomy":"category","embeddable":true,"href":"https:\/\/www.trueiconicdesign.com\/fr\/wp-json\/wp\/v2\/categories?post=810"},{"taxonomy":"post_tag","embeddable":true,"href":"https:\/\/www.trueiconicdesign.com\/fr\/wp-json\/wp\/v2\/tags?post=810"},{"taxonomy":"foradditive_tecnologie","embeddable":true,"href":"https:\/\/www.trueiconicdesign.com\/fr\/wp-json\/wp\/v2\/foradditive_tecnologie?post=810"},{"taxonomy":"foradditive_materiali","embeddable":true,"href":"https:\/\/www.trueiconicdesign.com\/fr\/wp-json\/wp\/v2\/foradditive_materiali?post=810"},{"taxonomy":"foradditive_applicazioni","embeddable":true,"href":"https:\/\/www.trueiconicdesign.com\/fr\/wp-json\/wp\/v2\/foradditive_applicazioni?post=810"},{"taxonomy":"foradditive_case_studies","embeddable":true,"href":"https:\/\/www.trueiconicdesign.com\/fr\/wp-json\/wp\/v2\/foradditive_case_studies?post=810"},{"taxonomy":"foradditive_settori_industriali","embeddable":true,"href":"https:\/\/www.trueiconicdesign.com\/fr\/wp-json\/wp\/v2\/foradditive_settori_industriali?post=810"}],"curies":[{"name":"wp","href":"https:\/\/api.w.org\/{rel}","templated":true}]}}