{"id":784,"date":"2026-08-17T12:15:58","date_gmt":"2026-08-17T10:15:58","guid":{"rendered":"https:\/\/www.trueiconicdesign.com\/it\/?p=784"},"modified":"2026-08-17T12:22:13","modified_gmt":"2026-08-17T10:22:13","slug":"nuvoletta-3d-pla-arredo-fumetto-personalizzato","status":"publish","type":"post","link":"https:\/\/www.trueiconicdesign.com\/fr\/nuvoletta-3d-pla-arredo-fumetto-personalizzato\/","title":{"rendered":"Nuage 3D en PLA : la bande dessin\u00e9e devient une d\u00e9coration personnalis\u00e9e"},"content":{"rendered":"<h2>La Parole qui Sort de la Feuille : Quand la Bande Dessin\u00e9e Devient un \u00c9l\u00e9ment de D\u00e9coration Tridimensionnel<\/h2>\n<p>Il arrive un moment o\u00f9 les mots cessent d'\u00eatre seulement de l'encre sur du papier et deviennent une pr\u00e9sence physique dans l'espace. Une phrase qui accompagne depuis des ann\u00e9es, une pens\u00e9e que l'on veut rendre tangible, trouve enfin sa forme sur le mur. La bulle de bande dessin\u00e9e, symbole graphique reconnaissable, se transforme en objet tridimensionnel. Elle ne brise pas le quatri\u00e8me mur pour \u00e9tonner, mais pour donner un nouveau rythme \u00e0 la maison, transformant l'environnement en une sc\u00e8ne o\u00f9 la voix est choisie par ceux qui habitent.<\/p>\n<h3>De la Feuille au Mur : La Grammaire Visuelle de la Bande Dessin\u00e9e<\/h3>\n<p><em>La bande dessin\u00e9e a toujours parl\u00e9 \u00e0 travers les bulles. Les sortir de la page signifie donner un corps physique au langage lui-m\u00eame.<\/em><\/p>\n<p>La silhouette est imm\u00e9diate : le contour arrondi, la petite queue triangulaire qui indique une direction, le bord noir qui d\u00e9finit l'espace blanc. C'est la grammaire universelle du dialogue dessin\u00e9, celle qui depuis des d\u00e9cennies donne voix aux personnages.<\/p>\n<p>Mais lorsque cette forme bidimensionnelle acquiert une \u00e9paisseur de 1 cm et est r\u00e9alis\u00e9e en bioplastique PLA, la perception change. Le texte n'est plus imprim\u00e9 sur une surface : il est int\u00e9gr\u00e9 dans la mati\u00e8re. Les lettres noires \u00e9mergent du fond blanc avec une pr\u00e9sence tactile, visible m\u00eame de profil, cr\u00e9ant une ombre l\u00e9g\u00e8re sur le mur.<\/p>\n<p>Le contraste chromatique reste fid\u00e8le \u00e0 l'esth\u00e9tique classique de la bande dessin\u00e9e en noir et blanc. Aucune nuance, aucune gradation : seulement le dialogue net entre deux p\u00f4les oppos\u00e9s qui se d\u00e9finissent mutuellement.<\/p>\n<div class=\"article-box article-box--highlight\">\n<strong>Caract\u00e9ristiques distinctives<\/strong><\/p>\n<ul>\n<li>Dimensions maximales 23\u00d723 cm, adaptables au texte choisi<\/li>\n<li>\u00c9paisseur de 1 cm qui cr\u00e9e un relief perceptible<\/li>\n<li>R\u00e9alisation en PLA par impression 3D sur commande<\/li>\n<li>Personnalisation compl\u00e8te du texte et possibilit\u00e9 de modifications suppl\u00e9mentaires<\/li>\n<\/ul>\n<\/div>\n<h3>Choisir les bons mots : la personnalisation comme acte cr\u00e9atif<\/h3>\n<p><em>Chaque espace a une voix. Le petit nuage personnalis\u00e9 vous permet de l'\u00e9crire, litt\u00e9ralement.<\/em><\/p>\n<p>La personnalisation n'est pas un d\u00e9tail accessoire : c'est le c\u0153ur de l'objet. Ins\u00e9rer son propre texte signifie d\u00e9cider quel message accompagnera le quotidien, quelle phrase deviendra partie de l'identit\u00e9 visuelle d'une pi\u00e8ce.<\/p>\n<p>Dans la chambre \u00e0 coucher, un petit nuage au-dessus du lit peut contenir une pens\u00e9e r\u00e9currente ou une note ironique sur le r\u00e9veil. Dans le home office, une phrase devient un pense-b\u00eate visible pendant les heures de travail. Dans l'espace cr\u00e9atif, une citation peut servir de point de rep\u00e8re mental.<\/p>\n<p>Le choix du texte demande de l'\u00e9quilibre. Des phrases trop longues perdent en impact visuel et en lisibilit\u00e9 : le petit nuage fonctionne mieux avec des r\u00e9pliques s\u00e8ches, des aphorismes courts, des exclamations qui frappent au premier regard. C'est un objet qui travaille par synth\u00e8se, non par dissertation.<\/p>\n<h3>Placer la voix : o\u00f9 et comment positionner le petit nuage<\/h3>\n<p><em>Le positionnement d\u00e9termine le sens. Un petit nuage pr\u00e8s de la machine \u00e0 caf\u00e9 ne parle pas comme celui au-dessus du bureau.<\/em><\/p>\n<p>La <a href=\"https:\/\/www.trueiconicdesign.com\/fr\/product\/fumetto-nuvoletta-da-parete-personalizzato-con-testo-a-scelta\/\">petit nuage mural personnalisable<\/a> trouve sa place id\u00e9ale dans cinq environnements principaux : chambre \u00e0 coucher, cuisine et salle \u00e0 manger, salon, espace cr\u00e9atif et bureau. Chaque contexte lui conf\u00e8re un r\u00f4le narratif diff\u00e9rent.<\/p>\n<p>Dans la cuisine, plac\u00e9e pr\u00e8s du coin caf\u00e9, elle peut commenter le besoin quotidien de caf\u00e9ine. Dans le salon, \u00e0 c\u00f4t\u00e9 d'un tableau ou d'une plante, elle cr\u00e9e un dialogue visuel avec les autres \u00e9l\u00e9ments de d\u00e9coration. Dans l'entr\u00e9e, elle fonctionne comme un message de bienvenue ou un avertissement plaisant pour ceux qui entrent.<\/p>\n<p>Le syst\u00e8me de fixation pr\u00e9voit un trou arri\u00e8re pour accrocher \u00e0 un clou ou une vis, ou l'utilisation de ruban adh\u00e9sif double face. La l\u00e9g\u00e8ret\u00e9 du PLA rend<\/p>\n<div class=\"article-box article-box--related\">\n<strong>Lisez aussi<\/strong><\/p>\n<ul>\n<li><a href=\"https:\/\/www.trueiconicdesign.com\/fr\/nuage-bd-mur-dispositif-narratif\/\">Murs parlants : le petit nuage comme dispositif narratif<\/a><\/li>\n<\/ul>\n<\/div>","protected":false},"excerpt":{"rendered":"<p>La bulle de bande dessin\u00e9e en PLA imprim\u00e9e en 3D devient un \u00e9l\u00e9ment de d\u00e9coration tridimensionnel : \u00e9paisseur 1 cm, texte personnalisable, contraste blanc et noir pour donner voix aux murs.<\/p>","protected":false},"author":3,"featured_media":785,"comment_status":"closed","ping_status":"","sticky":false,"template":"","format":"standard","meta":{"foradditive_qa_html":"<section class=\"foradditive-faq\"><div class=\"foradditive-faq-item\"><h3>Di quale materiale \u00e8 realizzata la nuvoletta da fumetto?<\/h3><p>La nuvoletta \u00e8 realizzata interamente in bioplastica PLA tramite stampa 3D su ordinazione. Questo materiale permette di ottenere uno spessore solido di 1 cm mantenendo la leggerezza dell&#x27;oggetto.<\/p><\/div><div class=\"foradditive-faq-item\"><h3>Quali sono le dimensioni massime disponibili per la nuvoletta?<\/h3><p>Le dimensioni massime della nuvoletta sono di 23\u00d723 cm, ma queste possono essere adattate in base alla lunghezza del testo scelto. La forma rimane riconoscibile grazie al contorno arrotondato e alla codetta triangolare.<\/p><\/div><div class=\"foradditive-faq-item\"><h3>\u00c8 possibile personalizzare il testo scritto nella nuvoletta?<\/h3><p>S\u00ec, la personalizzazione del testo \u00e8 completa e rappresenta il cuore creativo dell&#x27;oggetto. Puoi inserire frasi brevi, aforismi o battute secche che meglio esprimono l&#x27;identit\u00e0 della stanza.<\/p><\/div><div class=\"foradditive-faq-item\"><h3>Come appare visivamente il testo sulla nuvoletta 3D?<\/h3><p>Le lettere nere emergono dal fondo bianco con una presenza tattile e visibile anche di profilo, creando una leggera ombra sul muro. Il contrasto cromatico resta fedele all&#x27;estetica classica del fumetto in bianco e nero.<\/p><\/div><div class=\"foradditive-faq-item\"><h3>In quali ambienti si consiglia di posizionare la nuvoletta?<\/h3><p>La nuvoletta \u00e8 ideale in camera da letto per pensieri ricorrenti, nell&#x27;home office come promemoria visibile o negli spazi creativi come punto di riferimento mentale. Il posizionamento determina il significato e l&#x27;impatto della frase scelta.<\/p><\/div><\/section>","foradditive_qa_html_en":"<section class=\"foradditive-faq\"><div class=\"foradditive-faq-item\"><h3>What material is the comic cloud made of?<\/h3><p>The cloud is entirely made of PLA bioplastic via on-demand 3D printing. This material allows for a solid 1 cm thickness while keeping the object lightweight.<\/p><\/div><div class=\"foradditive-faq-item\"><h3>What are the maximum dimensions available for the cloud?<\/h3><p>The cloud&#x27;s maximum dimensions are 23\u00d723 cm, but these can be adapted based on the length of the chosen text. The shape remains recognizable thanks to its rounded outline and triangular tail.<\/p><\/div><div class=\"foradditive-faq-item\"><h3>Is it possible to customize the text written in the cloud?<\/h3><p>Yes, text customization is complete and represents the creative heart of the object. You can insert short phrases, aphorisms, or witty remarks that best express the room&#x27;s identity.<\/p><\/div><div class=\"foradditive-faq-item\"><h3>How does the text visually appear on the 3D cloud?<\/h3><p>The black letters emerge from the white background with a tactile and visible presence even in profile, casting a slight shadow on the wall. The color contrast remains faithful to the classic black-and-white comic aesthetic.<\/p><\/div><div class=\"foradditive-faq-item\"><h3>In which environments is it recommended to place the cloud?<\/h3><p>The cloud is ideal in bedrooms for recurring thoughts, in home offices as a visible reminder, or in creative spaces as a mental reference point. Placement determines the meaning and impact of the chosen phrase.<\/p><\/div><\/section>","foradditive_qa_html_fr":"<section class=\"foradditive-faq\"><div class=\"foradditive-faq-item\"><h3>De quel mat\u00e9riau est faite la bulle de bande dessin\u00e9e ?<\/h3><p>La bulle est enti\u00e8rement r\u00e9alis\u00e9e en bioplastique PLA par impression 3D sur commande. Ce mat\u00e9riau permet d&#x27;obtenir une \u00e9paisseur solide de 1 cm tout en conservant la l\u00e9g\u00e8ret\u00e9 de l&#x27;objet.<\/p><\/div><div class=\"foradditive-faq-item\"><h3>Quelles sont les dimensions maximales disponibles pour la bulle ?<\/h3><p>Les dimensions maximales de la bulle sont de 23\u00d723 cm, mais elles peuvent \u00eatre adapt\u00e9es selon la longueur du texte choisi. La forme reste reconnaissable gr\u00e2ce au contour arrondi et \u00e0 la petite queue triangulaire.<\/p><\/div><div class=\"foradditive-faq-item\"><h3>Est-il possible de personnaliser le texte inscrit dans la bulle ?<\/h3><p>Oui, la personnalisation du texte est totale et constitue le c\u0153ur cr\u00e9atif de l&#x27;objet. Vous pouvez ins\u00e9rer des phrases courtes, des aphorismes ou des r\u00e9pliques percutantes qui expriment au mieux l&#x27;identit\u00e9 de la pi\u00e8ce.<\/p><\/div><div class=\"foradditive-faq-item\"><h3>Comment le texte appara\u00eet-il visuellement sur la bulle 3D ?<\/h3><p>Les lettres noires se d\u00e9tachent du fond blanc avec une pr\u00e9sence tactile et visible m\u00eame de profil, cr\u00e9ant une l\u00e9g\u00e8re ombre sur le mur. Le contraste chromatique reste fid\u00e8le \u00e0 l&#x27;esth\u00e9tique classique de la bande dessin\u00e9e en noir et blanc.<\/p><\/div><div class=\"foradditive-faq-item\"><h3>Dans quels environnements est-il recommand\u00e9 de placer la bulle ?<\/h3><p>La bulle est id\u00e9ale dans une chambre \u00e0 coucher pour des pens\u00e9es r\u00e9currentes, dans un bureau \u00e0 domicile comme aide-m\u00e9moire visible, ou dans des espaces cr\u00e9atifs comme point de rep\u00e8re mental. Le positionnement d\u00e9termine le sens et l&#x27;impact de la phrase choisie.<\/p><\/div><\/section>","foradditive_qa_html_de":"<section class=\"foradditive-faq\"><div class=\"foradditive-faq-item\"><h3>Aus welchem Material besteht die Sprechblase?<\/h3><p>Die Sprechblase wird vollst\u00e4ndig aus PLA-Biokunststoff im 3D-Druck auf Bestellung gefertigt. Dieses Material erm\u00f6glicht eine solide St\u00e4rke von 1 cm bei gleichzeitiger Leichtigkeit des Objekts.<\/p><\/div><div class=\"foradditive-faq-item\"><h3>Welche maximalen Abmessungen sind f\u00fcr die Sprechblase verf\u00fcgbar?<\/h3><p>Die Maximalabmessungen der Sprechblase betragen 23\u00d723 cm, k\u00f6nnen jedoch an die L\u00e4nge des gew\u00e4hlten Textes angepasst werden. Die Form bleibt dank der abgerundeten Kontur und des dreieckigen Schw\u00e4nzchens erkennbar.<\/p><\/div><div class=\"foradditive-faq-item\"><h3>Kann der Text in der Sprechblase personalisiert werden?<\/h3><p>Ja, die Textpersonalisierung ist umfassend und stellt das kreative Herzst\u00fcck des Objekts dar. Sie k\u00f6nnen kurze S\u00e4tze, Aphorismen oder pointierte Witze einf\u00fcgen, die die Identit\u00e4t des Raums am besten ausdr\u00fccken.<\/p><\/div><div class=\"foradditive-faq-item\"><h3>Wie erscheint der Text auf der 3D-Sprechblase visuell?<\/h3><p>Die schwarzen Buchstaben heben sich taktil und sichtbar auch im Profil vom wei\u00dfen Hintergrund ab und werfen einen leichten Schatten an die Wand. Der Farbkontrast bleibt der klassischen \u00c4sthetik schwarz-wei\u00dfer Comics treu.<\/p><\/div><div class=\"foradditive-faq-item\"><h3>In welchen R\u00e4umen wird die Platzierung der Sprechblase empfohlen?<\/h3><p>Die Sprechblase eignet sich ideal f\u00fcr das Schlafzimmer bei wiederkehrenden Gedanken, im Homeoffice als sichtbare Erinnerung oder in kreativen Bereichen als mentaler Bezugspunkt. Die Positionierung bestimmt die Bedeutung und Wirkung des gew\u00e4hlten Satzes.<\/p><\/div><\/section>","foradditive_qa_html_es":"<section class=\"foradditive-faq\"><div class=\"foradditive-faq-item\"><h3>\u00bfDe qu\u00e9 material est\u00e1 hecha la nubecita de c\u00f3mic?<\/h3><p>La nubecita est\u00e1 fabricada \u00edntegramente en biopl\u00e1stico PLA mediante impresi\u00f3n 3D bajo pedido. Este material permite lograr un grosor s\u00f3lido de 1 cm manteniendo la ligereza del objeto.<\/p><\/div><div class=\"foradditive-faq-item\"><h3>\u00bfCu\u00e1les son las dimensiones m\u00e1ximas disponibles para la nubecita?<\/h3><p>Las dimensiones m\u00e1ximas de la nubecita son de 23\u00d723 cm, pero pueden adaptarse seg\u00fan la longitud del texto elegido. La forma permanece reconocible gracias al contorno redondeado y a la colita triangular.<\/p><\/div><div class=\"foradditive-faq-item\"><h3>\u00bfEs posible personalizar el texto escrito en la nubecita?<\/h3><p>S\u00ed, la personalizaci\u00f3n del texto es completa y representa el n\u00facleo creativo del objeto. Puedes incluir frases breves, aforismos o chistes ingeniosos que expresen mejor la identidad de la habitaci\u00f3n.<\/p><\/div><div class=\"foradditive-faq-item\"><h3>\u00bfC\u00f3mo aparece visualmente el texto sobre la nubecita 3D?<\/h3><p>Las letras negras sobresalen del fondo blanco con una presencia t\u00e1ctil y visible incluso de perfil, creando una ligera sombra en la pared. El contraste crom\u00e1tico se mantiene fiel a la est\u00e9tica cl\u00e1sica del c\u00f3mic en blanco y negro.<\/p><\/div><div class=\"foradditive-faq-item\"><h3>\u00bfEn qu\u00e9 espacios se recomienda colocar la nubecita?<\/h3><p>La nubecita es ideal en el dormitorio para pensamientos recurrentes, en el home office como recordatorio visible o en espacios creativos como punto de referencia mental. La ubicaci\u00f3n determina el significado y el impacto de la frase elegida.<\/p><\/div><\/section>","foradditive_qa_jsonld":"{\"@context\":\"https:\/\/schema.org\",\"@type\":\"FAQPage\",\"inLanguage\":\"it\",\"mainEntity\":[{\"@type\":\"Question\",\"name\":\"Di quale materiale \u00e8 realizzata la nuvoletta da fumetto?\",\"acceptedAnswer\":{\"@type\":\"Answer\",\"text\":\"La nuvoletta \u00e8 realizzata interamente in bioplastica PLA tramite stampa 3D su ordinazione. Questo materiale permette di ottenere uno spessore solido di 1 cm mantenendo la leggerezza dell'oggetto.\"}},{\"@type\":\"Question\",\"name\":\"Quali sono le dimensioni massime disponibili per la nuvoletta?\",\"acceptedAnswer\":{\"@type\":\"Answer\",\"text\":\"Le dimensioni massime della nuvoletta sono di 23\u00d723 cm, ma queste possono essere adattate in base alla lunghezza del testo scelto. La forma rimane riconoscibile grazie al contorno arrotondato e alla codetta triangolare.\"}},{\"@type\":\"Question\",\"name\":\"\u00c8 possibile personalizzare il testo scritto nella nuvoletta?\",\"acceptedAnswer\":{\"@type\":\"Answer\",\"text\":\"S\u00ec, la personalizzazione del testo \u00e8 completa e rappresenta il cuore creativo dell'oggetto. Puoi inserire frasi brevi, aforismi o battute secche che meglio esprimono l'identit\u00e0 della stanza.\"}},{\"@type\":\"Question\",\"name\":\"Come appare visivamente il testo sulla nuvoletta 3D?\",\"acceptedAnswer\":{\"@type\":\"Answer\",\"text\":\"Le lettere nere emergono dal fondo bianco con una presenza tattile e visibile anche di profilo, creando una leggera ombra sul muro. Il contrasto cromatico resta fedele all'estetica classica del fumetto in bianco e nero.\"}},{\"@type\":\"Question\",\"name\":\"In quali ambienti si consiglia di posizionare la nuvoletta?\",\"acceptedAnswer\":{\"@type\":\"Answer\",\"text\":\"La nuvoletta \u00e8 ideale in camera da letto per pensieri ricorrenti, nell'home office come promemoria visibile o negli spazi creativi come punto di riferimento mentale. Il posizionamento determina il significato e l'impatto della frase scelta.\"}}]}","foradditive_qa_jsonld_en":"{\"@context\":\"https:\/\/schema.org\",\"@type\":\"FAQPage\",\"inLanguage\":\"en\",\"mainEntity\":[{\"@type\":\"Question\",\"name\":\"What material is the comic cloud made of?\",\"acceptedAnswer\":{\"@type\":\"Answer\",\"text\":\"The cloud is entirely made of PLA bioplastic via on-demand 3D printing. This material allows for a solid 1 cm thickness while keeping the object lightweight.\"}},{\"@type\":\"Question\",\"name\":\"What are the maximum dimensions available for the cloud?\",\"acceptedAnswer\":{\"@type\":\"Answer\",\"text\":\"The cloud's maximum dimensions are 23\u00d723 cm, but these can be adapted based on the length of the chosen text. The shape remains recognizable thanks to its rounded outline and triangular tail.\"}},{\"@type\":\"Question\",\"name\":\"Is it possible to customize the text written in the cloud?\",\"acceptedAnswer\":{\"@type\":\"Answer\",\"text\":\"Yes, text customization is complete and represents the creative heart of the object. You can insert short phrases, aphorisms, or witty remarks that best express the room's identity.\"}},{\"@type\":\"Question\",\"name\":\"How does the text visually appear on the 3D cloud?\",\"acceptedAnswer\":{\"@type\":\"Answer\",\"text\":\"The black letters emerge from the white background with a tactile and visible presence even in profile, casting a slight shadow on the wall. The color contrast remains faithful to the classic black-and-white comic aesthetic.\"}},{\"@type\":\"Question\",\"name\":\"In which environments is it recommended to place the cloud?\",\"acceptedAnswer\":{\"@type\":\"Answer\",\"text\":\"The cloud is ideal in bedrooms for recurring thoughts, in home offices as a visible reminder, or in creative spaces as a mental reference point. Placement determines the meaning and impact of the chosen phrase.\"}}]}","foradditive_qa_jsonld_fr":"{\"@context\":\"https:\/\/schema.org\",\"@type\":\"FAQPage\",\"inLanguage\":\"fr\",\"mainEntity\":[{\"@type\":\"Question\",\"name\":\"De quel mat\u00e9riau est faite la bulle de bande dessin\u00e9e ?\",\"acceptedAnswer\":{\"@type\":\"Answer\",\"text\":\"La bulle est enti\u00e8rement r\u00e9alis\u00e9e en bioplastique PLA par impression 3D sur commande. Ce mat\u00e9riau permet d'obtenir une \u00e9paisseur solide de 1 cm tout en conservant la l\u00e9g\u00e8ret\u00e9 de l'objet.\"}},{\"@type\":\"Question\",\"name\":\"Quelles sont les dimensions maximales disponibles pour la bulle ?\",\"acceptedAnswer\":{\"@type\":\"Answer\",\"text\":\"Les dimensions maximales de la bulle sont de 23\u00d723 cm, mais elles peuvent \u00eatre adapt\u00e9es selon la longueur du texte choisi. La forme reste reconnaissable gr\u00e2ce au contour arrondi et \u00e0 la petite queue triangulaire.\"}},{\"@type\":\"Question\",\"name\":\"Est-il possible de personnaliser le texte inscrit dans la bulle ?\",\"acceptedAnswer\":{\"@type\":\"Answer\",\"text\":\"Oui, la personnalisation du texte est totale et constitue le c\u0153ur cr\u00e9atif de l'objet. Vous pouvez ins\u00e9rer des phrases courtes, des aphorismes ou des r\u00e9pliques percutantes qui expriment au mieux l'identit\u00e9 de la pi\u00e8ce.\"}},{\"@type\":\"Question\",\"name\":\"Comment le texte appara\u00eet-il visuellement sur la bulle 3D ?\",\"acceptedAnswer\":{\"@type\":\"Answer\",\"text\":\"Les lettres noires se d\u00e9tachent du fond blanc avec une pr\u00e9sence tactile et visible m\u00eame de profil, cr\u00e9ant une l\u00e9g\u00e8re ombre sur le mur. Le contraste chromatique reste fid\u00e8le \u00e0 l'esth\u00e9tique classique de la bande dessin\u00e9e en noir et blanc.\"}},{\"@type\":\"Question\",\"name\":\"Dans quels environnements est-il recommand\u00e9 de placer la bulle ?\",\"acceptedAnswer\":{\"@type\":\"Answer\",\"text\":\"La bulle est id\u00e9ale dans une chambre \u00e0 coucher pour des pens\u00e9es r\u00e9currentes, dans un bureau \u00e0 domicile comme aide-m\u00e9moire visible, ou dans des espaces cr\u00e9atifs comme point de rep\u00e8re mental. Le positionnement d\u00e9termine le sens et l'impact de la phrase choisie.\"}}]}","foradditive_qa_jsonld_de":"{\"@context\":\"https:\/\/schema.org\",\"@type\":\"FAQPage\",\"inLanguage\":\"de\",\"mainEntity\":[{\"@type\":\"Question\",\"name\":\"Aus welchem Material besteht die Sprechblase?\",\"acceptedAnswer\":{\"@type\":\"Answer\",\"text\":\"Die Sprechblase wird vollst\u00e4ndig aus PLA-Biokunststoff im 3D-Druck auf Bestellung gefertigt. Dieses Material erm\u00f6glicht eine solide St\u00e4rke von 1 cm bei gleichzeitiger Leichtigkeit des Objekts.\"}},{\"@type\":\"Question\",\"name\":\"Welche maximalen Abmessungen sind f\u00fcr die Sprechblase verf\u00fcgbar?\",\"acceptedAnswer\":{\"@type\":\"Answer\",\"text\":\"Die Maximalabmessungen der Sprechblase betragen 23\u00d723 cm, k\u00f6nnen jedoch an die L\u00e4nge des gew\u00e4hlten Textes angepasst werden. Die Form bleibt dank der abgerundeten Kontur und des dreieckigen Schw\u00e4nzchens erkennbar.\"}},{\"@type\":\"Question\",\"name\":\"Kann der Text in der Sprechblase personalisiert werden?\",\"acceptedAnswer\":{\"@type\":\"Answer\",\"text\":\"Ja, die Textpersonalisierung ist umfassend und stellt das kreative Herzst\u00fcck des Objekts dar. Sie k\u00f6nnen kurze S\u00e4tze, Aphorismen oder pointierte Witze einf\u00fcgen, die die Identit\u00e4t des Raums am besten ausdr\u00fccken.\"}},{\"@type\":\"Question\",\"name\":\"Wie erscheint der Text auf der 3D-Sprechblase visuell?\",\"acceptedAnswer\":{\"@type\":\"Answer\",\"text\":\"Die schwarzen Buchstaben heben sich taktil und sichtbar auch im Profil vom wei\u00dfen Hintergrund ab und werfen einen leichten Schatten an die Wand. Der Farbkontrast bleibt der klassischen \u00c4sthetik schwarz-wei\u00dfer Comics treu.\"}},{\"@type\":\"Question\",\"name\":\"In welchen R\u00e4umen wird die Platzierung der Sprechblase empfohlen?\",\"acceptedAnswer\":{\"@type\":\"Answer\",\"text\":\"Die Sprechblase eignet sich ideal f\u00fcr das Schlafzimmer bei wiederkehrenden Gedanken, im Homeoffice als sichtbare Erinnerung oder in kreativen Bereichen als mentaler Bezugspunkt. Die Positionierung bestimmt die Bedeutung und Wirkung des gew\u00e4hlten Satzes.\"}}]}","foradditive_qa_jsonld_es":"{\"@context\":\"https:\/\/schema.org\",\"@type\":\"FAQPage\",\"inLanguage\":\"es\",\"mainEntity\":[{\"@type\":\"Question\",\"name\":\"\u00bfDe qu\u00e9 material est\u00e1 hecha la nubecita de c\u00f3mic?\",\"acceptedAnswer\":{\"@type\":\"Answer\",\"text\":\"La nubecita est\u00e1 fabricada \u00edntegramente en biopl\u00e1stico PLA mediante impresi\u00f3n 3D bajo pedido. Este material permite lograr un grosor s\u00f3lido de 1 cm manteniendo la ligereza del objeto.\"}},{\"@type\":\"Question\",\"name\":\"\u00bfCu\u00e1les son las dimensiones m\u00e1ximas disponibles para la nubecita?\",\"acceptedAnswer\":{\"@type\":\"Answer\",\"text\":\"Las dimensiones m\u00e1ximas de la nubecita son de 23\u00d723 cm, pero pueden adaptarse seg\u00fan la longitud del texto elegido. La forma permanece reconocible gracias al contorno redondeado y a la colita triangular.\"}},{\"@type\":\"Question\",\"name\":\"\u00bfEs posible personalizar el texto escrito en la nubecita?\",\"acceptedAnswer\":{\"@type\":\"Answer\",\"text\":\"S\u00ed, la personalizaci\u00f3n del texto es completa y representa el n\u00facleo creativo del objeto. Puedes incluir frases breves, aforismos o chistes ingeniosos que expresen mejor la identidad de la habitaci\u00f3n.\"}},{\"@type\":\"Question\",\"name\":\"\u00bfC\u00f3mo aparece visualmente el texto sobre la nubecita 3D?\",\"acceptedAnswer\":{\"@type\":\"Answer\",\"text\":\"Las letras negras sobresalen del fondo blanco con una presencia t\u00e1ctil y visible incluso de perfil, creando una ligera sombra en la pared. El contraste crom\u00e1tico se mantiene fiel a la est\u00e9tica cl\u00e1sica del c\u00f3mic en blanco y negro.\"}},{\"@type\":\"Question\",\"name\":\"\u00bfEn qu\u00e9 espacios se recomienda colocar la nubecita?\",\"acceptedAnswer\":{\"@type\":\"Answer\",\"text\":\"La nubecita es ideal en el dormitorio para pensamientos recurrentes, en el home office como recordatorio visible o en espacios creativos como punto de referencia mental. La ubicaci\u00f3n determina el significado y el impacto de la frase elegida.\"}}]}","foradditive_slug_en":"3d-cloud-pla-cartoon-custom-furniture","foradditive_slug_fr":"nuage-3d-pla-deco-bd-personnalise","foradditive_slug_de":"3d-wolke-pla-moebel-comic-personalisiert","foradditive_slug_es":"nube-3d-pla-decoracion-comic-personalizada","foradditive_audio_summary_it":0,"foradditive_audio_summary_en":0,"foradditive_audio_summary_fr":0,"foradditive_audio_summary_de":0,"foradditive_audio_summary_es":0,"footnotes":""},"categories":[33],"tags":[],"foradditive_tecnologie":[],"foradditive_materiali":[],"foradditive_applicazioni":[],"foradditive_case_studies":[],"foradditive_settori_industriali":[],"class_list":["post-784","post","type-post","status-publish","format-standard","has-post-thumbnail","hentry","category-design"],"yoast_head":"<!-- This site is optimized with the Yoast SEO plugin v28.3 - https:\/\/yoast.com\/product\/yoast-seo-wordpress\/ -->\n<title>Nuvoletta 3D in PLA: il fumetto diventa arredo personalizzato - True Iconic Design<\/title>\n<meta name=\"description\" content=\"Transformez la bande dessin\u00e9e en mobilier avec Nuvoletta 3D en PLA. Personnalisez des phrases uniques pour donner voix \u00e0 vos murs avec un style tridimensionnel.\" \/>\n<meta name=\"robots\" content=\"index, follow, max-snippet:-1, max-image-preview:large, max-video-preview:-1\" \/>\n<link rel=\"canonical\" href=\"https:\/\/www.trueiconicdesign.com\/fr\/nuage-3d-pla-deco-bd-personnalise\/\" \/>\n<meta property=\"og:locale\" content=\"fr_FR\" \/>\n<meta property=\"og:type\" content=\"article\" \/>\n<meta property=\"og:title\" content=\"Nuvoletta 3D in PLA: il fumetto diventa arredo personalizzato - True Iconic Design\" \/>\n<meta property=\"og:description\" content=\"Transformez la bande dessin\u00e9e en mobilier avec Nuvoletta 3D en PLA. Personnalisez des phrases uniques pour donner voix \u00e0 vos murs avec un style tridimensionnel.\" \/>\n<meta property=\"og:url\" content=\"https:\/\/www.trueiconicdesign.com\/fr\/nuage-3d-pla-deco-bd-personnalise\/\" \/>\n<meta property=\"og:site_name\" content=\"True Iconic Design\" \/>\n<meta property=\"article:published_time\" content=\"2026-08-17T10:15:58+00:00\" \/>\n<meta property=\"article:modified_time\" content=\"2026-08-17T10:22:13+00:00\" \/>\n<meta property=\"og:image\" content=\"https:\/\/www.trueiconicdesign.com\/wp-content\/uploads\/2026\/08\/featured-nuvoletta-3d-in-pla-il-fumetto-diventa-arredo-personalizzato-1024x1024.png\" \/>\n\t<meta property=\"og:image:width\" content=\"1024\" \/>\n\t<meta property=\"og:image:height\" content=\"1024\" \/>\n\t<meta property=\"og:image:type\" content=\"image\/png\" \/>\n<meta name=\"author\" content=\"sync\" \/>\n<meta name=\"twitter:card\" content=\"summary_large_image\" \/>\n<meta name=\"twitter:label1\" content=\"Written by\" \/>\n\t<meta name=\"twitter:data1\" content=\"sync\" \/>\n\t<meta name=\"twitter:label2\" content=\"Est. reading time\" \/>\n\t<meta name=\"twitter:data2\" content=\"3 minutes\" \/>\n<script type=\"application\/ld+json\" class=\"yoast-schema-graph\">{\"@context\":\"https:\\\/\\\/schema.org\",\"@graph\":[{\"@type\":\"Article\",\"@id\":\"https:\\\/\\\/www.trueiconicdesign.com\\\/it\\\/nuvoletta-3d-pla-arredo-fumetto-personalizzato\\\/#article\",\"isPartOf\":{\"@id\":\"https:\\\/\\\/www.trueiconicdesign.com\\\/it\\\/nuvoletta-3d-pla-arredo-fumetto-personalizzato\\\/\"},\"author\":{\"name\":\"synchronisation\",\"@id\":\"https:\\\/\\\/wordpress.m.3dbooster.com\\\/it\\\/#\\\/schema\\\/person\\\/5a1c00cc9c7362ff5de0d9bea94fec08\"},\"headline\":\"Nuage 3D en PLA : la bande dessin\u00e9e devient une d\u00e9coration personnalis\u00e9e\",\"datePublished\":\"2026-08-17T10:15:58+00:00\",\"dateModified\":\"2026-08-17T10:22:13+00:00\",\"mainEntityOfPage\":{\"@id\":\"https:\\\/\\\/www.trueiconicdesign.com\\\/it\\\/nuvoletta-3d-pla-arredo-fumetto-personalizzato\\\/\"},\"wordCount\":558,\"publisher\":{\"@id\":\"https:\\\/\\\/www.trueiconicdesign.com\\\/en\\\/#organization\"},\"image\":{\"@id\":\"https:\\\/\\\/www.trueiconicdesign.com\\\/it\\\/nuvoletta-3d-pla-arredo-fumetto-personalizzato\\\/#primaryimage\"},\"thumbnailUrl\":\"https:\\\/\\\/www.trueiconicdesign.com\\\/wp-content\\\/uploads\\\/2026\\\/08\\\/featured-nuvoletta-3d-in-pla-il-fumetto-diventa-arredo-personalizzato.png\",\"articleSection\":[\"Design\"],\"inLanguage\":\"fr-FR\"},{\"@type\":\"WebPage\",\"@id\":\"https:\\\/\\\/www.trueiconicdesign.com\\\/it\\\/nuvoletta-3d-pla-arredo-fumetto-personalizzato\\\/\",\"url\":\"https:\\\/\\\/www.trueiconicdesign.com\\\/it\\\/nuvoletta-3d-pla-arredo-fumetto-personalizzato\\\/\",\"name\":\"Nuvoletta 3D in PLA: il fumetto diventa arredo personalizzato - True Iconic Design\",\"isPartOf\":{\"@id\":\"https:\\\/\\\/www.trueiconicdesign.com\\\/en\\\/#website\"},\"primaryImageOfPage\":{\"@id\":\"https:\\\/\\\/www.trueiconicdesign.com\\\/it\\\/nuvoletta-3d-pla-arredo-fumetto-personalizzato\\\/#primaryimage\"},\"image\":{\"@id\":\"https:\\\/\\\/www.trueiconicdesign.com\\\/it\\\/nuvoletta-3d-pla-arredo-fumetto-personalizzato\\\/#primaryimage\"},\"thumbnailUrl\":\"https:\\\/\\\/www.trueiconicdesign.com\\\/wp-content\\\/uploads\\\/2026\\\/08\\\/featured-nuvoletta-3d-in-pla-il-fumetto-diventa-arredo-personalizzato.png\",\"datePublished\":\"2026-08-17T10:15:58+00:00\",\"dateModified\":\"2026-08-17T10:22:13+00:00\",\"description\":\"Transformez la bande dessin\u00e9e en mobilier avec Nuvoletta 3D en PLA. Personnalisez des phrases uniques pour donner voix \u00e0 vos murs avec un style tridimensionnel.\",\"breadcrumb\":{\"@id\":\"https:\\\/\\\/www.trueiconicdesign.com\\\/it\\\/nuvoletta-3d-pla-arredo-fumetto-personalizzato\\\/#breadcrumb\"},\"inLanguage\":\"fr-FR\",\"potentialAction\":[{\"@type\":\"ReadAction\",\"target\":[\"https:\\\/\\\/www.trueiconicdesign.com\\\/it\\\/nuvoletta-3d-pla-arredo-fumetto-personalizzato\\\/\"]}]},{\"@type\":\"ImageObject\",\"inLanguage\":\"fr-FR\",\"@id\":\"https:\\\/\\\/www.trueiconicdesign.com\\\/it\\\/nuvoletta-3d-pla-arredo-fumetto-personalizzato\\\/#primaryimage\",\"url\":\"https:\\\/\\\/www.trueiconicdesign.com\\\/wp-content\\\/uploads\\\/2026\\\/08\\\/featured-nuvoletta-3d-in-pla-il-fumetto-diventa-arredo-personalizzato.png\",\"contentUrl\":\"https:\\\/\\\/www.trueiconicdesign.com\\\/wp-content\\\/uploads\\\/2026\\\/08\\\/featured-nuvoletta-3d-in-pla-il-fumetto-diventa-arredo-personalizzato.png\",\"width\":2560,\"height\":2560},{\"@type\":\"BreadcrumbList\",\"@id\":\"https:\\\/\\\/www.trueiconicdesign.com\\\/it\\\/nuvoletta-3d-pla-arredo-fumetto-personalizzato\\\/#breadcrumb\",\"itemListElement\":[{\"@type\":\"ListItem\",\"position\":1,\"name\":\"Accueil\",\"item\":\"https:\\\/\\\/www.trueiconicdesign.com\\\/en\\\/\"},{\"@type\":\"ListItem\",\"position\":2,\"name\":\"Nuage 3D en PLA : la bande dessin\u00e9e devient une d\u00e9coration personnalis\u00e9e\"}]},{\"@type\":\"WebSite\",\"@id\":\"https:\\\/\\\/www.trueiconicdesign.com\\\/en\\\/#website\",\"url\":\"https:\\\/\\\/www.trueiconicdesign.com\\\/en\\\/\",\"name\":\"True Iconic Design\",\"description\":\"design de style symbolique \u00e9motionnel\",\"publisher\":{\"@id\":\"https:\\\/\\\/www.trueiconicdesign.com\\\/en\\\/#organization\"},\"alternateName\":\"4Additive - Blog de fabrication additive\",\"potentialAction\":[{\"@type\":\"SearchAction\",\"target\":{\"@type\":\"EntryPoint\",\"urlTemplate\":\"https:\\\/\\\/www.trueiconicdesign.com\\\/en\\\/?s={search_term_string}\"},\"query-input\":{\"@type\":\"PropertyValueSpecification\",\"valueRequired\":true,\"valueName\":\"search_term_string\"}}],\"inLanguage\":\"fr-FR\"},{\"@type\":\"Organization\",\"@id\":\"https:\\\/\\\/www.trueiconicdesign.com\\\/en\\\/#organization\",\"name\":\"Design symbolique \u00e9motionnel\",\"alternateName\":\"4Additif\",\"url\":\"https:\\\/\\\/www.trueiconicdesign.com\\\/en\\\/\",\"logo\":{\"@type\":\"ImageObject\",\"inLanguage\":\"fr-FR\",\"@id\":\"https:\\\/\\\/wordpress.m.3dbooster.com\\\/it\\\/#\\\/schema\\\/logo\\\/image\\\/\",\"url\":\"https:\\\/\\\/www.trueiconicdesign.com\\\/wp-content\\\/uploads\\\/2026\\\/07\\\/trueiconicdesign-logo.svg\",\"contentUrl\":\"https:\\\/\\\/www.trueiconicdesign.com\\\/wp-content\\\/uploads\\\/2026\\\/07\\\/trueiconicdesign-logo.svg\",\"caption\":\"Design symbolique \u00e9motionnel\"},\"image\":{\"@id\":\"https:\\\/\\\/wordpress.m.3dbooster.com\\\/it\\\/#\\\/schema\\\/logo\\\/image\\\/\"},\"sameAs\":[\"https:\\\/\\\/trueiconicdesign.etsy.com\\\/\"]},{\"@type\":\"Person\",\"@id\":\"https:\\\/\\\/wordpress.m.3dbooster.com\\\/it\\\/#\\\/schema\\\/person\\\/5a1c00cc9c7362ff5de0d9bea94fec08\",\"name\":\"synchronisation\"}]}<\/script>\n<!-- \/ Yoast SEO plugin. -->","yoast_head_json":{"title":"Nuvoletta 3D in PLA: il fumetto diventa arredo personalizzato - True Iconic Design","description":"Transformez la bande dessin\u00e9e en mobilier avec Nuvoletta 3D en PLA. Personnalisez des phrases uniques pour donner voix \u00e0 vos murs avec un style tridimensionnel.","robots":{"index":"index","follow":"follow","max-snippet":"max-snippet:-1","max-image-preview":"max-image-preview:large","max-video-preview":"max-video-preview:-1"},"canonical":"https:\/\/www.trueiconicdesign.com\/fr\/nuage-3d-pla-deco-bd-personnalise\/","og_locale":"fr_FR","og_type":"article","og_title":"Nuvoletta 3D in PLA: il fumetto diventa arredo personalizzato - True Iconic Design","og_description":"Transformez la bande dessin\u00e9e en mobilier avec Nuvoletta 3D en PLA. Personnalisez des phrases uniques pour donner voix \u00e0 vos murs avec un style tridimensionnel.","og_url":"https:\/\/www.trueiconicdesign.com\/fr\/nuage-3d-pla-deco-bd-personnalise\/","og_site_name":"True Iconic Design","article_published_time":"2026-08-17T10:15:58+00:00","article_modified_time":"2026-08-17T10:22:13+00:00","og_image":[{"width":1024,"height":1024,"url":"https:\/\/www.trueiconicdesign.com\/wp-content\/uploads\/2026\/08\/featured-nuvoletta-3d-in-pla-il-fumetto-diventa-arredo-personalizzato-1024x1024.png","type":"image\/png"}],"author":"sync","twitter_card":"summary_large_image","twitter_misc":{"Written by":"sync","Est. reading time":"3 minutes"},"schema":{"@context":"https:\/\/schema.org","@graph":[{"@type":"Article","@id":"https:\/\/www.trueiconicdesign.com\/it\/nuvoletta-3d-pla-arredo-fumetto-personalizzato\/#article","isPartOf":{"@id":"https:\/\/www.trueiconicdesign.com\/it\/nuvoletta-3d-pla-arredo-fumetto-personalizzato\/"},"author":{"name":"synchronisation","@id":"https:\/\/wordpress.m.3dbooster.com\/it\/#\/schema\/person\/5a1c00cc9c7362ff5de0d9bea94fec08"},"headline":"Nuage 3D en PLA : la bande dessin\u00e9e devient une d\u00e9coration personnalis\u00e9e","datePublished":"2026-08-17T10:15:58+00:00","dateModified":"2026-08-17T10:22:13+00:00","mainEntityOfPage":{"@id":"https:\/\/www.trueiconicdesign.com\/it\/nuvoletta-3d-pla-arredo-fumetto-personalizzato\/"},"wordCount":558,"publisher":{"@id":"https:\/\/www.trueiconicdesign.com\/en\/#organization"},"image":{"@id":"https:\/\/www.trueiconicdesign.com\/it\/nuvoletta-3d-pla-arredo-fumetto-personalizzato\/#primaryimage"},"thumbnailUrl":"https:\/\/www.trueiconicdesign.com\/wp-content\/uploads\/2026\/08\/featured-nuvoletta-3d-in-pla-il-fumetto-diventa-arredo-personalizzato.png","articleSection":["Design"],"inLanguage":"fr-FR"},{"@type":"WebPage","@id":"https:\/\/www.trueiconicdesign.com\/it\/nuvoletta-3d-pla-arredo-fumetto-personalizzato\/","url":"https:\/\/www.trueiconicdesign.com\/it\/nuvoletta-3d-pla-arredo-fumetto-personalizzato\/","name":"Nuvoletta 3D in PLA: il fumetto diventa arredo personalizzato - True Iconic Design","isPartOf":{"@id":"https:\/\/www.trueiconicdesign.com\/en\/#website"},"primaryImageOfPage":{"@id":"https:\/\/www.trueiconicdesign.com\/it\/nuvoletta-3d-pla-arredo-fumetto-personalizzato\/#primaryimage"},"image":{"@id":"https:\/\/www.trueiconicdesign.com\/it\/nuvoletta-3d-pla-arredo-fumetto-personalizzato\/#primaryimage"},"thumbnailUrl":"https:\/\/www.trueiconicdesign.com\/wp-content\/uploads\/2026\/08\/featured-nuvoletta-3d-in-pla-il-fumetto-diventa-arredo-personalizzato.png","datePublished":"2026-08-17T10:15:58+00:00","dateModified":"2026-08-17T10:22:13+00:00","description":"Transformez la bande dessin\u00e9e en mobilier avec Nuvoletta 3D en PLA. Personnalisez des phrases uniques pour donner voix \u00e0 vos murs avec un style tridimensionnel.","breadcrumb":{"@id":"https:\/\/www.trueiconicdesign.com\/it\/nuvoletta-3d-pla-arredo-fumetto-personalizzato\/#breadcrumb"},"inLanguage":"fr-FR","potentialAction":[{"@type":"ReadAction","target":["https:\/\/www.trueiconicdesign.com\/it\/nuvoletta-3d-pla-arredo-fumetto-personalizzato\/"]}]},{"@type":"ImageObject","inLanguage":"fr-FR","@id":"https:\/\/www.trueiconicdesign.com\/it\/nuvoletta-3d-pla-arredo-fumetto-personalizzato\/#primaryimage","url":"https:\/\/www.trueiconicdesign.com\/wp-content\/uploads\/2026\/08\/featured-nuvoletta-3d-in-pla-il-fumetto-diventa-arredo-personalizzato.png","contentUrl":"https:\/\/www.trueiconicdesign.com\/wp-content\/uploads\/2026\/08\/featured-nuvoletta-3d-in-pla-il-fumetto-diventa-arredo-personalizzato.png","width":2560,"height":2560},{"@type":"BreadcrumbList","@id":"https:\/\/www.trueiconicdesign.com\/it\/nuvoletta-3d-pla-arredo-fumetto-personalizzato\/#breadcrumb","itemListElement":[{"@type":"ListItem","position":1,"name":"Accueil","item":"https:\/\/www.trueiconicdesign.com\/en\/"},{"@type":"ListItem","position":2,"name":"Nuage 3D en PLA : la bande dessin\u00e9e devient une d\u00e9coration personnalis\u00e9e"}]},{"@type":"WebSite","@id":"https:\/\/www.trueiconicdesign.com\/en\/#website","url":"https:\/\/www.trueiconicdesign.com\/en\/","name":"True Iconic Design","description":"design de style symbolique \u00e9motionnel","publisher":{"@id":"https:\/\/www.trueiconicdesign.com\/en\/#organization"},"alternateName":"4Additive - Blog de fabrication additive","potentialAction":[{"@type":"SearchAction","target":{"@type":"EntryPoint","urlTemplate":"https:\/\/www.trueiconicdesign.com\/en\/?s={search_term_string}"},"query-input":{"@type":"PropertyValueSpecification","valueRequired":true,"valueName":"search_term_string"}}],"inLanguage":"fr-FR"},{"@type":"Organization","@id":"https:\/\/www.trueiconicdesign.com\/en\/#organization","name":"Design symbolique \u00e9motionnel","alternateName":"4Additif","url":"https:\/\/www.trueiconicdesign.com\/en\/","logo":{"@type":"ImageObject","inLanguage":"fr-FR","@id":"https:\/\/wordpress.m.3dbooster.com\/it\/#\/schema\/logo\/image\/","url":"https:\/\/www.trueiconicdesign.com\/wp-content\/uploads\/2026\/07\/trueiconicdesign-logo.svg","contentUrl":"https:\/\/www.trueiconicdesign.com\/wp-content\/uploads\/2026\/07\/trueiconicdesign-logo.svg","caption":"Design symbolique \u00e9motionnel"},"image":{"@id":"https:\/\/wordpress.m.3dbooster.com\/it\/#\/schema\/logo\/image\/"},"sameAs":["https:\/\/trueiconicdesign.etsy.com\/"]},{"@type":"Person","@id":"https:\/\/wordpress.m.3dbooster.com\/it\/#\/schema\/person\/5a1c00cc9c7362ff5de0d9bea94fec08","name":"synchronisation"}]}},"_links":{"self":[{"href":"https:\/\/www.trueiconicdesign.com\/fr\/wp-json\/wp\/v2\/posts\/784","targetHints":{"allow":["GET"]}}],"collection":[{"href":"https:\/\/www.trueiconicdesign.com\/fr\/wp-json\/wp\/v2\/posts"}],"about":[{"href":"https:\/\/www.trueiconicdesign.com\/fr\/wp-json\/wp\/v2\/types\/post"}],"author":[{"embeddable":true,"href":"https:\/\/www.trueiconicdesign.com\/fr\/wp-json\/wp\/v2\/users\/3"}],"replies":[{"embeddable":true,"href":"https:\/\/www.trueiconicdesign.com\/fr\/wp-json\/wp\/v2\/comments?post=784"}],"version-history":[{"count":2,"href":"https:\/\/www.trueiconicdesign.com\/fr\/wp-json\/wp\/v2\/posts\/784\/revisions"}],"predecessor-version":[{"id":787,"href":"https:\/\/www.trueiconicdesign.com\/fr\/wp-json\/wp\/v2\/posts\/784\/revisions\/787"}],"wp:featuredmedia":[{"embeddable":true,"href":"https:\/\/www.trueiconicdesign.com\/fr\/wp-json\/wp\/v2\/media\/785"}],"wp:attachment":[{"href":"https:\/\/www.trueiconicdesign.com\/fr\/wp-json\/wp\/v2\/media?parent=784"}],"wp:term":[{"taxonomy":"category","embeddable":true,"href":"https:\/\/www.trueiconicdesign.com\/fr\/wp-json\/wp\/v2\/categories?post=784"},{"taxonomy":"post_tag","embeddable":true,"href":"https:\/\/www.trueiconicdesign.com\/fr\/wp-json\/wp\/v2\/tags?post=784"},{"taxonomy":"foradditive_tecnologie","embeddable":true,"href":"https:\/\/www.trueiconicdesign.com\/fr\/wp-json\/wp\/v2\/foradditive_tecnologie?post=784"},{"taxonomy":"foradditive_materiali","embeddable":true,"href":"https:\/\/www.trueiconicdesign.com\/fr\/wp-json\/wp\/v2\/foradditive_materiali?post=784"},{"taxonomy":"foradditive_applicazioni","embeddable":true,"href":"https:\/\/www.trueiconicdesign.com\/fr\/wp-json\/wp\/v2\/foradditive_applicazioni?post=784"},{"taxonomy":"foradditive_case_studies","embeddable":true,"href":"https:\/\/www.trueiconicdesign.com\/fr\/wp-json\/wp\/v2\/foradditive_case_studies?post=784"},{"taxonomy":"foradditive_settori_industriali","embeddable":true,"href":"https:\/\/www.trueiconicdesign.com\/fr\/wp-json\/wp\/v2\/foradditive_settori_industriali?post=784"}],"curies":[{"name":"wp","href":"https:\/\/api.w.org\/{rel}","templated":true}]}}