{"id":670,"date":"2026-08-08T08:33:20","date_gmt":"2026-08-08T06:33:20","guid":{"rendered":"https:\/\/www.trueiconicdesign.com\/it\/?p=670"},"modified":"2026-08-10T14:18:51","modified_gmt":"2026-08-10T12:18:51","slug":"vaso-nero-scanalato-geometria-materia-dark-minimal","status":"publish","type":"post","link":"https:\/\/www.trueiconicdesign.com\/fr\/vaso-nero-scanalato-geometria-materia-dark-minimal\/","title":{"rendered":"Vase noir cannel\u00e9 : g\u00e9om\u00e9trie et mati\u00e8re pour le dark-minimal"},"content":{"rendered":"<h2>Le vase noir mat cannel\u00e9 : g\u00e9om\u00e9trie verticale et mati\u00e8re contemporaine<\/h2>\n<p>Le noir mat n'est pas absence de couleur, mais pr\u00e9sence silencieuse. Lorsqu'une surface cannel\u00e9e rencontre la lumi\u00e8re sans la restituer, na\u00eet un dialogue entre mati\u00e8re et vide. Un vase n'est pas seulement un contenant : c'est une architecture miniature qui modifie l'espace autour de lui.<\/p>\n<p>Dans la maison contemporaine, choisir le noir mat n'est pas une d\u00e9claration d'intention. C'est une recherche de qui\u00e9tude. Il ne cherche pas l'attention par le brillant, mais par la puret\u00e9 de la forme et la profondeur de la finition. Les cannelures verticales ajoutent un rythme tactile, une texture qui invite le regard \u00e0 s'arr\u00eater.<\/p>\n<h3>Minimalisme sombre : quand le vide devient protagoniste<\/h3>\n<p><em>Le minimalisme n'est pas une soustraction al\u00e9atoire, mais une s\u00e9lection consciente. Chaque \u00e9l\u00e9ment pr\u00e9sent doit justifier sa propre existence dans l'espace.<\/em><\/p>\n<p>Le dark-minimal na\u00eet de la rencontre entre l'esth\u00e9tique japonaise du ma (le vide signifiant) et la pr\u00e9cision g\u00e9om\u00e9trique occidentale. Un objet noir mat dans un espace clair ne dispara\u00eet pas : il s'ancre, cr\u00e9e une gravit\u00e9 visuelle, offre un point de repos \u00e0 l'\u0153il.<\/p>\n<p>La verticalit\u00e9 \u00e9lanc\u00e9e d'un vase cylindrique porte en elle un sentiment de croissance, d'aspiration vers le haut. Les cannelures parall\u00e8les accentuent ce mouvement ascensionnel, tandis que la base circulaire garantit une stabilit\u00e9 physique et \u00e9motionnelle.<\/p>\n<div class=\"article-box article-box--highlight\">\n<strong>\u00c9l\u00e9ments du dark-minimal<\/strong><\/p>\n<ul>\n<li>Surfaces opaques qui absorbent la lumi\u00e8re au lieu de la r\u00e9fl\u00e9chir<\/li>\n<li>G\u00e9om\u00e9tries essentielles avec des d\u00e9tails tactiles mesur\u00e9s<\/li>\n<li>Contraste net entre pleins et vides, sombre et clair<\/li>\n<li>Mat\u00e9riaux contemporains \u00e0 pr\u00e9sence discr\u00e8te<\/li>\n<\/ul>\n<\/div>\n<p>La force du minimalisme sombre r\u00e9side dans sa capacit\u00e9 \u00e0 valoriser ce qu'il contient. Une seule tige de pampa blanche contre une surface noire devient sculpture. Trois branches d'eucalyptus s\u00e9ch\u00e9 acqui\u00e8rent une monumentalit\u00e9.<\/p>\n<h3>Palettes chromatiques : orchestrer le noir mat<\/h3>\n<p><em>Le noir n'est pas neutre : c'est une couleur qui dialogue, contraste, amplifie. Son efficacit\u00e9 d\u00e9pend enti\u00e8rement de ce qui l'entoure.<\/em><\/p>\n<p>Associer le noir mat au blanc chaud cr\u00e9e un contraste graphique, presque \u00e9ditorial. C'est le choix le plus net, celui qui transforme chaque composition en une d\u00e9claration visuelle forte. Cela fonctionne dans les int\u00e9rieurs nordiques ou pour ceux qui recherchent une esth\u00e9tique de galerie d'art.<\/p>\n<p>La combinaison avec des tons terre \u2013 ocre br\u00fbl\u00e9e, terre cuite, sable \u2013 adoucit la duret\u00e9 du noir. Une atmosph\u00e8re d\u00e9sertique et enveloppante na\u00eet, o\u00f9 le vase devient une ancre sombre dans un paysage chaud. Elle s'accorde avec des int\u00e9rieurs qui recherchent un \u00e9quilibre entre rigueur et convivialit\u00e9.<\/p>\n<div class=\"article-table-wrap\">\n<table class=\"article-table\">\n<thead>\n<tr>\n<th>Palette<\/th>\n<th>Atmosph\u00e8re<\/th>\n<th>Mat\u00e9riaux compl\u00e9mentaires<\/th>\n<\/tr>\n<\/thead>\n<tbody>\n<tr>\n<td>Noir + blanc chaud<\/td>\n<td>Graphique et hi\u00e9ratique<\/td>\n<td>Bois blanchi, lin brut<\/td>\n<\/tr>\n<tr>\n<td>Noir + terres br\u00fbl\u00e9es<\/td>\n<td>D\u00e9sertique et enveloppante<\/td>\n<td>Terre cuite, corde naturelle<\/td>\n<\/tr>\n<tr>\n<td>Noir + gris pierre<\/td>\n<td>Nordique et m\u00e9ditative<\/td>\n<td>Ciment, sauge, laine<\/td>\n<\/tr>\n<tr>\n<td>Noir + beige sable<\/td>\n<td>Wabi-sabi contemporain<\/td>\n<td>Bois naturel, coton<\/td>\n<\/tr>\n<\/tbody>\n<\/table>\n<\/div>\n<p>Le gris pierre avec des touches de vert sauge am\u00e8ne le noir vers un minimalisme nordique, m\u00e9ditatif. C'est le choix pour ceux qui recherchent le calme visuel et des atmosph\u00e8res introverties. Le <a href=\"https:\/\/www.trueiconicdesign.com\/fr\/product\/vaso-nero-opaco-scanalato-svasato-18cm-per-fiori-secchi-e-pampas-grass\/\">vase noir cannel\u00e9<\/a> devient un \u00e9l\u00e9ment de liaison entre la froideur de la pierre et la douceur du textile.<\/p>\n<p>La palette beige-taupe-noir embrasse la philosophie wabi-sabi : c\u00e9l\u00e9bration de l\u2019imperfection, de l\u2019essentiel, du temps qui passe. Ici, le noir n\u2019est pas un contraste violent, mais une profondeur qui accueille.<\/p>\n<h3>Mat\u00e9riaux : le PLA comme choix contemporain<\/h3>\n<p><em>La bioplastique PLA apporte la technologie additive dans le quotidien domestique, transformant un processus industriel en objet \u00e9motionnel.<\/em><\/p>\n<p>Le PLA (acide polylactique) provient de ressources renouvelables comme l\u2019amidon de ma\u00efs. Ce n\u2019est pas un choix anodin pour un vase destin\u00e9 \u00e0 des fleurs s\u00e9ch\u00e9es : c\u2019est une coh\u00e9rence entre forme et fonction, entre esth\u00e9tique et usage. L\u2019impression 3D permet de cr\u00e9er des textures complexes \u2013 comme les cannelures verticales \u2013 qui seraient difficiles avec des techniques traditionnelles.<\/p>\n<p>La finition mate du PLA noir a une qualit\u00e9 particuli\u00e8re : elle absorbe la lumi\u00e8re sans cr\u00e9er de reflets g\u00eanants, mais les nervures verticales g\u00e9n\u00e8rent de subtils jeux d\u2019ombre. C\u2019est un mat\u00e9riau qui demande \u00e0 \u00eatre observ\u00e9 de pr\u00e8s, qui r\u00e9compense l\u2019attention.<\/p>\n<div class=\"article-box article-box--info\">\n<strong>Caract\u00e9ristiques du PLA<\/strong><\/p>\n<p>Mat\u00e9riau bioplastique avec finition mate naturelle. Id\u00e9al pour les compositions avec des \u00e9l\u00e9ments secs. La texture stratifi\u00e9e fait partie int\u00e9grante de l\u2019esth\u00e9tique, ce n\u2019est pas un d\u00e9faut \u00e0 cacher.<\/p>\n<\/div>\n<p>La hauteur de 18 cm et le diam\u00e8tre de 6,5 cm d\u00e9finissent des proportions \u00e9lanc\u00e9es, adapt\u00e9es \u00e0 des tiges uniques ou \u00e0 de petits bouquets compacts. Ce n'est pas un vase pour des compositions abondantes, mais pour des natures mortes essentielles.<\/p>\n<h3>Placement et dialogues mat\u00e9riels<\/h3>\n<p><em>Chaque objet modifie l'espace qu'il habite. La question n'est pas \u201c o\u00f9 le placer \u201d, mais \u201c quelle conversation je veux cr\u00e9er \u201d.<\/em><\/p>\n<p>Sur une console d'entr\u00e9e, le <a href=\"https:\/\/www.trueiconicdesign.com\/fr\/product\/vaso-nero-opaco-scanalato-svasato-18cm-per-fiori-secchi-e-pampas-grass\/\">vase cylindrique noir mat<\/a> devient un accueil silencieux. Accompagn\u00e9 de bois naturel ou de m\u00e9tal bross\u00e9, il cr\u00e9e un contraste chaud-froid qui d\u00e9finit imm\u00e9diatement le caract\u00e8re de l'espace.<\/p>\n<p>Sur la table de chevet, sa pr\u00e9sence verticale est rassurante sans \u00eatre envahissante. Une seule branche d'herbe de la pampa blanche devient un compagnon nocturne, \u00e9l\u00e9ment de m\u00e9ditation avant le sommeil.<\/p>\n<div class=\"article-steps\">\n<h3>Composition en trio vertical<\/h3>\n<ol>\n<li><strong>S\u00e9lection :<\/strong> Trois vases de hauteurs d\u00e9croissantes (18 cm, 14 cm, 10 cm) cr\u00e9ent un mouvement architectural.<\/li>\n<li><strong>Positionnement :<\/strong> Disposer en diagonale sur une \u00e9tag\u00e8re ou en ligne sur une table \u00e0 manger.<\/li>\n<li><strong>Remplissage :<\/strong> Varier la densit\u00e9 botanique \u2013 le plus haut avec une seule tige, les plus bas avec de petits bouquets.<\/li>\n<\/ol>\n<\/div>\n<p>Dans une biblioth\u00e8que, entre des volumes horizontaux, il introduit un rythme vertical. Devant un miroir ancien, il cr\u00e9e un dialogue entre les \u00e9poques : la technologie additive contemporaine rencontre la patine du temps.<\/p>\n<p>Sur un bureau home office, le <a href=\"https:\/\/www.trueiconicdesign.com\/fr\/product\/vaso-nero-opaco-scanalato-svasato-18cm-per-fiori-secchi-e-pampas-grass\/\">vase cannel\u00e9 pour herbe de la pampa<\/a> offre une pause visuelle. Il ne distrait pas, mais offre un point d'ancrage lorsque le regard se d\u00e9tache de l'\u00e9cran.<\/p>\n<h3>Erreurs \u00e0 \u00e9viter : respecter la nature de l'objet<\/h3>\n<p><em>Chaque mat\u00e9riau a une vocation. Le forcer vers des usages inappropri\u00e9s signifie trahir son essence.<\/em><\/p>\n<p>Le PLA est sp\u00e9cifique aux compositions s\u00e8ches. Le remplir d'eau pour des fleurs fra\u00eeches signifie ignorer \u00e0 la fois les caract\u00e9ristiques du mat\u00e9riau et l'intention de conception. Les fleurs s\u00e9ch\u00e9es ne sont pas un pis-aller : c'est un choix esth\u00e9tique qui c\u00e9l\u00e8bre la nature suspendue dans le temps.<\/p>\n<p>Encombrer la silhouette \u00e9vas\u00e9e avec trop d'\u00e9l\u00e9ments botaniques annule la puret\u00e9 de la forme. Le vase a une pr\u00e9sence architecturale qui doit \u00eatre respect\u00e9e : mieux vaut une seule tige parfaite qu'un bouquet chaotique.<\/p>\n<p>Le placer dans des contextes excessivement color\u00e9s ou chaotiques disperse sa force. Le noir mat demande un espace de respiration, des surfaces propres, des palettes contr\u00f4l\u00e9es. Dans un environnement d\u00e9j\u00e0 satur\u00e9, il devient un \u00e9l\u00e9ment de plus plut\u00f4t qu'un point d'ancrage.<\/p>\n<p>La lumi\u00e8re est une alli\u00e9e fondamentale. Dans les zones d'ombre totale, les cannelures perdent leur jeu de reliefs. Il faut une lumi\u00e8re lat\u00e9rale ou z\u00e9nithale pour faire ressortir la tridimensionnalit\u00e9 de la texture.<\/p>\n<h3>La po\u00e9tique de l'\u00e9ph\u00e9m\u00e8re encadr\u00e9<\/h3>\n<p>Le v\u00e9ritable r\u00f4le d'un vase noir mat cannel\u00e9 n'est pas de contenir, mais d'encadrer. Il offre une structure au d\u00e9sordre organique des fleurs s\u00e9ch\u00e9es, une g\u00e9om\u00e9trie au hasard des branches. C'est la fronti\u00e8re entre le contr\u00f4le humain et l'impr\u00e9visibilit\u00e9 naturelle.<\/p>\n<p>La finition mate absorbe le regard, invite au toucher, cr\u00e9e l'intimit\u00e9. Ce n'est pas un objet qui crie sa pr\u00e9sence, mais qui la murmure. Avec le temps, il devient une pr\u00e9sence famili\u00e8re, un point de rep\u00e8re visuel qui rythme l'espace domestique.<\/p>\n<p>Choisir un vase en PLA noir avec une texture cannel\u00e9e signifie embrasser une esth\u00e9tique contemporaine qui ne renonce pas \u00e0 l'\u00e9motion. C'est de la technologie qui devient chaleur, de la pr\u00e9cision industrielle qui devient geste domestique. C'est le minimalisme qui n'exclut pas, mais accueille \u2013 \u00e0 condition que ce qu'il accueille soit choisi avec le m\u00eame soin que celui avec lequel l'objet lui-m\u00eame a \u00e9t\u00e9 con\u00e7u.<\/p>","protected":false},"excerpt":{"rendered":"<p>Le vase noir opaque cannel\u00e9 unit g\u00e9om\u00e9trie verticale et mati\u00e8re contemporaine, cr\u00e9ant un dialogue entre lumi\u00e8re et vide. Dans le dark-minimal, les surfaces opaques absorbent la lumi\u00e8re, tandis que les cannelures ajoutent un rythme tactile et un \u00e9lan ascensionnel, valorisant m\u00eame une seule tige.<\/p>","protected":false},"author":3,"featured_media":720,"comment_status":"closed","ping_status":"","sticky":false,"template":"","format":"standard","meta":{"foradditive_qa_html":"<section class=\"foradditive-faq\"><div class=\"foradditive-faq-item\"><h3>Cos&#x27;\u00e8 lo stile dark-minimal descritto nell&#x27;articolo?<\/h3><p>Il dark-minimal nasce dall&#x27;incontro tra l&#x27;estetica giapponese del ma (il vuoto significante) e la precisione geometrica occidentale. \u00c8 caratterizzato da superfici opache che assorbono la luce e geometrie essenziali con dettagli tattili misurati.<\/p><\/div><div class=\"foradditive-faq-item\"><h3>Qual \u00e8 l&#x27;effetto visivo delle scanalature verticali sul vaso?<\/h3><p>Le scanalature verticali aggiungono un ritmo tattile e accentuano un movimento ascensionale, invitando lo sguardo a fermarsi sulla texture. Questa verticalit\u00e0 slanciata trasmette un senso di crescita e aspirazione verso l&#x27;alto.<\/p><\/div><div class=\"foradditive-faq-item\"><h3>Come si comporta il nero opaco in uno spazio chiaro?<\/h3><p>In uno spazio chiaro, un oggetto nero opaco non scompare ma si ancora, creando gravit\u00e0 visiva e offrendo un punto di riposo all&#x27;occhio. La sua funzione \u00e8 quella di modificare lo spazio circostante attraverso la profondit\u00e0 della finitura.<\/p><\/div><div class=\"foradditive-faq-item\"><h3>Quale atmosfera crea l&#x27;abbinamento del nero con le tonalit\u00e0 terra?<\/h3><p>Accostare il nero opaco a tonalit\u00e0 terra come ocra bruciata o terracotta ammorbidisce la durezza del colore, generando un&#x27;atmosfera desertica e avvolgente. Questo equilibrio \u00e8 ideale per interni che cercano di conciliare rigore e accoglienza.<\/p><\/div><div class=\"foradditive-faq-item\"><h3>Quali elementi vegetali valorizza meglio questo tipo di vaso?<\/h3><p>La forza del minimalismo scuro risiede nella capacit\u00e0 di valorizzare ci\u00f2 che contiene, trasformando composizioni semplici in sculture. Un singolo stelo di pampas grass bianco o tre rami di eucalipto essiccato acquistano immediata monumentalit\u00e0.<\/p><\/div><\/section>","foradditive_qa_html_en":"<section class=\"foradditive-faq\"><div class=\"foradditive-faq-item\"><h3>What is the dark-minimal style described in the article?<\/h3><p>Dark-minimalism emerges from the fusion of Japanese ma aesthetics (meaningful void) and Western geometric precision. It features matte surfaces that absorb light and essential geometries with measured tactile details.<\/p><\/div><div class=\"foradditive-faq-item\"><h3>What is the visual effect of vertical grooves on the vase?<\/h3><p>Vertical grooves add a tactile rhythm and accentuate an upward movement, inviting the eye to rest on the texture. This slender verticality conveys a sense of growth and aspiration upwards.<\/p><\/div><div class=\"foradditive-faq-item\"><h3>How does matte black behave in a light space?<\/h3><p>In a light space, a matte black object does not disappear but anchors itself, creating visual gravity and offering a resting point for the eye. Its function is to modify the surrounding space through the depth of its finish.<\/p><\/div><div class=\"foradditive-faq-item\"><h3>What atmosphere does pairing black with earth tones create?<\/h3><p>Pairing matte black with earth tones like burnt ochre or terracotta softens the color&#x27;s harshness, generating a desert-like, enveloping atmosphere. This balance is ideal for interiors seeking to reconcile rigor with warmth.<\/p><\/div><div class=\"foradditive-faq-item\"><h3>Which botanical elements does this type of vase enhance best?<\/h3><p>The strength of dark minimalism lies in its ability to highlight what it holds, transforming simple compositions into sculptures. A single stem of white pampas grass or three branches of dried eucalyptus instantly gain monumentality.<\/p><\/div><\/section>","foradditive_qa_html_fr":"<section class=\"foradditive-faq\"><div class=\"foradditive-faq-item\"><h3>Qu&#x27;est-ce que le style dark-minimal d\u00e9crit dans l&#x27;article ?<\/h3><p>Le dark-minimal na\u00eet de la rencontre entre l&#x27;esth\u00e9tique japonaise du ma (le vide signifiant) et la pr\u00e9cision g\u00e9om\u00e9trique occidentale. Il se caract\u00e9rise par des surfaces mates qui absorbent la lumi\u00e8re et des g\u00e9om\u00e9tries \u00e9pur\u00e9es aux d\u00e9tails tactiles mesur\u00e9s.<\/p><\/div><div class=\"foradditive-faq-item\"><h3>Quel est l&#x27;effet visuel des rainures verticales sur le vase ?<\/h3><p>Les rainures verticales ajoutent un rythme tactile et accentuent un mouvement ascensionnel, invitant le regard \u00e0 s&#x27;arr\u00eater sur la texture. Cette verticalit\u00e9 \u00e9lanc\u00e9e transmet une sensation de croissance et d&#x27;aspiration vers le haut.<\/p><\/div><div class=\"foradditive-faq-item\"><h3>Comment le noir mat se comporte-t-il dans un espace clair ?<\/h3><p>Dans un espace clair, un objet noir mat ne dispara\u00eet pas mais s&#x27;ancre, cr\u00e9ant une gravit\u00e9 visuelle et offrant un point de repos \u00e0 l&#x27;\u0153il. Sa fonction est de modifier l&#x27;espace environnant gr\u00e2ce \u00e0 la profondeur de sa finition.<\/p><\/div><div class=\"foradditive-faq-item\"><h3>Quelle atmosph\u00e8re cr\u00e9e l&#x27;association du noir avec les tons terre ?<\/h3><p>Associer le noir mat \u00e0 des tons terre comme l&#x27;ocre br\u00fbl\u00e9 ou la terracotta adoucit la duret\u00e9 de la couleur, g\u00e9n\u00e9rant une atmosph\u00e8re d\u00e9sertique et enveloppante. Cet \u00e9quilibre est id\u00e9al pour des int\u00e9rieurs cherchant \u00e0 concilier rigueur et accueil.<\/p><\/div><div class=\"foradditive-faq-item\"><h3>Quels \u00e9l\u00e9ments v\u00e9g\u00e9taux ce type de vase met-il le mieux en valeur ?<\/h3><p>La force du minimalisme sombre r\u00e9side dans sa capacit\u00e9 \u00e0 valoriser son contenu, transformant des compositions simples en sculptures. Une seule tige de pampas blanche ou trois branches d&#x27;eucalyptus s\u00e9ch\u00e9 acqui\u00e8rent imm\u00e9diatement une monumentalit\u00e9.<\/p><\/div><\/section>","foradditive_qa_html_de":"<section class=\"foradditive-faq\"><div class=\"foradditive-faq-item\"><h3>Was ist der im Artikel beschriebene Dark-Minimal-Stil?<\/h3><p>Der Dark-Minimal-Stil entsteht aus der Verbindung der japanischen \u00c4sthetik des Ma (der bedeutungsvollen Leere) mit westlicher geometrischer Pr\u00e4zision. Er zeichnet sich durch matte, lichtabsorbierende Oberfl\u00e4chen und essentielle Geometrien mit dosierten taktilen Details aus.<\/p><\/div><div class=\"foradditive-faq-item\"><h3>Welche visuelle Wirkung haben die vertikalen Rillen auf der Vase?<\/h3><p>Die vertikalen Rillen f\u00fcgen einen taktilen Rhythmus hinzu und betonen eine aufsteigende Bewegung, wodurch der Blick eingeladen wird, auf der Textur zu verweilen. Diese schlanke Vertikalit\u00e4t vermittelt ein Gef\u00fchl von Wachstum und Streben nach oben.<\/p><\/div><div class=\"foradditive-faq-item\"><h3>Wie verh\u00e4lt sich mattes Schwarz in einem hellen Raum?<\/h3><p>In einem hellen Raum verschwindet ein mattes schwarzes Objekt nicht, sondern verankert sich, schafft visuelle Schwere und bietet dem Auge einen Ruhepunkt. Seine Funktion besteht darin, den umgebenden Raum durch die Tiefe des Finishs zu ver\u00e4ndern.<\/p><\/div><div class=\"foradditive-faq-item\"><h3>Welche Atmosph\u00e4re erzeugt die Kombination von Schwarz mit Erdt\u00f6nen?<\/h3><p>Die Kombination von mattem Schwarz mit Erdt\u00f6nen wie verbranntem Ocker oder Terrakotta mildert die H\u00e4rte der Farbe und erzeugt eine w\u00fcstenhafte, einh\u00fcllende Atmosph\u00e4re. Dieses Gleichgewicht ist ideal f\u00fcr Innenr\u00e4ume, die Strenge und Gem\u00fctlichkeit vereinen m\u00f6chten.<\/p><\/div><div class=\"foradditive-faq-item\"><h3>Welche pflanzlichen Elemente werden durch diese Art von Vase am besten zur Geltung gebracht?<\/h3><p>Die St\u00e4rke des dunklen Minimalismus liegt in der F\u00e4higkeit, das Enthaltene hervorzuheben und einfache Kompositionen in Skulpturen zu verwandeln. Ein einzelner wei\u00dfer Pampasgras-St\u00e4ngel oder drei Zweige getrockneter Eukalyptus gewinnen sofort an Monumentalit\u00e4t.<\/p><\/div><\/section>","foradditive_qa_html_es":"<section class=\"foradditive-faq\"><div class=\"foradditive-faq-item\"><h3>\u00bfQu\u00e9 es el estilo dark-minimal descrito en el art\u00edculo?<\/h3><p>El dark-minimal surge del encuentro entre la est\u00e9tica japonesa del ma (el vac\u00edo significativo) y la precisi\u00f3n geom\u00e9trica occidental. Se caracteriza por superficies mates que absorben la luz y geometr\u00edas esenciales con detalles t\u00e1ctiles medidos.<\/p><\/div><div class=\"foradditive-faq-item\"><h3>\u00bfCu\u00e1l es el efecto visual de las estr\u00edas verticales en el jarr\u00f3n?<\/h3><p>Las estr\u00edas verticales a\u00f1aden un ritmo t\u00e1ctil y acent\u00faan un movimiento ascendente, invitando a la mirada a detenerse en la textura. Esta verticalidad esbelta transmite una sensaci\u00f3n de crecimiento y aspiraci\u00f3n hacia lo alto.<\/p><\/div><div class=\"foradditive-faq-item\"><h3>\u00bfC\u00f3mo se comporta el negro mate en un espacio claro?<\/h3><p>En un espacio claro, un objeto negro mate no desaparece, sino que se ancla, creando gravedad visual y ofreciendo un punto de descanso para la vista. Su funci\u00f3n es modificar el espacio circundante mediante la profundidad del acabado.<\/p><\/div><div class=\"foradditive-faq-item\"><h3>\u00bfQu\u00e9 atm\u00f3sfera crea la combinaci\u00f3n del negro con los tonos tierra?<\/h3><p>Combinar el negro mate con tonos tierra como ocre quemado o terracota suaviza la dureza del color, generando una atm\u00f3sfera des\u00e9rtica y envolvente. Este equilibrio es ideal para interiores que buscan conciliar rigor y acogida.<\/p><\/div><div class=\"foradditive-faq-item\"><h3>\u00bfQu\u00e9 elementos vegetales realza mejor este tipo de jarr\u00f3n?<\/h3><p>La fuerza del minimalismo oscuro reside en su capacidad para valorizar lo que contiene, transformando composiciones simples en esculturas. Un solo tallo de pampas grass blanco o tres ramas de eucalipto seco adquieren inmediata monumentalidad.<\/p><\/div><\/section>","foradditive_qa_jsonld":"{\"@context\":\"https:\/\/schema.org\",\"@type\":\"FAQPage\",\"inLanguage\":\"it\",\"mainEntity\":[{\"@type\":\"Question\",\"name\":\"Cos'\u00e8 lo stile dark-minimal descritto nell'articolo?\",\"acceptedAnswer\":{\"@type\":\"Answer\",\"text\":\"Il dark-minimal nasce dall'incontro tra l'estetica giapponese del ma (il vuoto significante) e la precisione geometrica occidentale. \u00c8 caratterizzato da superfici opache che assorbono la luce e geometrie essenziali con dettagli tattili misurati.\"}},{\"@type\":\"Question\",\"name\":\"Qual \u00e8 l'effetto visivo delle scanalature verticali sul vaso?\",\"acceptedAnswer\":{\"@type\":\"Answer\",\"text\":\"Le scanalature verticali aggiungono un ritmo tattile e accentuano un movimento ascensionale, invitando lo sguardo a fermarsi sulla texture. Questa verticalit\u00e0 slanciata trasmette un senso di crescita e aspirazione verso l'alto.\"}},{\"@type\":\"Question\",\"name\":\"Come si comporta il nero opaco in uno spazio chiaro?\",\"acceptedAnswer\":{\"@type\":\"Answer\",\"text\":\"In uno spazio chiaro, un oggetto nero opaco non scompare ma si ancora, creando gravit\u00e0 visiva e offrendo un punto di riposo all'occhio. La sua funzione \u00e8 quella di modificare lo spazio circostante attraverso la profondit\u00e0 della finitura.\"}},{\"@type\":\"Question\",\"name\":\"Quale atmosfera crea l'abbinamento del nero con le tonalit\u00e0 terra?\",\"acceptedAnswer\":{\"@type\":\"Answer\",\"text\":\"Accostare il nero opaco a tonalit\u00e0 terra come ocra bruciata o terracotta ammorbidisce la durezza del colore, generando un'atmosfera desertica e avvolgente. Questo equilibrio \u00e8 ideale per interni che cercano di conciliare rigore e accoglienza.\"}},{\"@type\":\"Question\",\"name\":\"Quali elementi vegetali valorizza meglio questo tipo di vaso?\",\"acceptedAnswer\":{\"@type\":\"Answer\",\"text\":\"La forza del minimalismo scuro risiede nella capacit\u00e0 di valorizzare ci\u00f2 che contiene, trasformando composizioni semplici in sculture. Un singolo stelo di pampas grass bianco o tre rami di eucalipto essiccato acquistano immediata monumentalit\u00e0.\"}}]}","foradditive_qa_jsonld_en":"{\"@context\":\"https:\/\/schema.org\",\"@type\":\"FAQPage\",\"inLanguage\":\"en\",\"mainEntity\":[{\"@type\":\"Question\",\"name\":\"What is the dark-minimal style described in the article?\",\"acceptedAnswer\":{\"@type\":\"Answer\",\"text\":\"Dark-minimalism emerges from the fusion of Japanese ma aesthetics (meaningful void) and Western geometric precision. It features matte surfaces that absorb light and essential geometries with measured tactile details.\"}},{\"@type\":\"Question\",\"name\":\"What is the visual effect of vertical grooves on the vase?\",\"acceptedAnswer\":{\"@type\":\"Answer\",\"text\":\"Vertical grooves add a tactile rhythm and accentuate an upward movement, inviting the eye to rest on the texture. This slender verticality conveys a sense of growth and aspiration upwards.\"}},{\"@type\":\"Question\",\"name\":\"How does matte black behave in a light space?\",\"acceptedAnswer\":{\"@type\":\"Answer\",\"text\":\"In a light space, a matte black object does not disappear but anchors itself, creating visual gravity and offering a resting point for the eye. Its function is to modify the surrounding space through the depth of its finish.\"}},{\"@type\":\"Question\",\"name\":\"What atmosphere does pairing black with earth tones create?\",\"acceptedAnswer\":{\"@type\":\"Answer\",\"text\":\"Pairing matte black with earth tones like burnt ochre or terracotta softens the color's harshness, generating a desert-like, enveloping atmosphere. This balance is ideal for interiors seeking to reconcile rigor with warmth.\"}},{\"@type\":\"Question\",\"name\":\"Which botanical elements does this type of vase enhance best?\",\"acceptedAnswer\":{\"@type\":\"Answer\",\"text\":\"The strength of dark minimalism lies in its ability to highlight what it holds, transforming simple compositions into sculptures. A single stem of white pampas grass or three branches of dried eucalyptus instantly gain monumentality.\"}}]}","foradditive_qa_jsonld_fr":"{\"@context\":\"https:\/\/schema.org\",\"@type\":\"FAQPage\",\"inLanguage\":\"fr\",\"mainEntity\":[{\"@type\":\"Question\",\"name\":\"Qu'est-ce que le style dark-minimal d\u00e9crit dans l'article ?\",\"acceptedAnswer\":{\"@type\":\"Answer\",\"text\":\"Le dark-minimal na\u00eet de la rencontre entre l'esth\u00e9tique japonaise du ma (le vide signifiant) et la pr\u00e9cision g\u00e9om\u00e9trique occidentale. Il se caract\u00e9rise par des surfaces mates qui absorbent la lumi\u00e8re et des g\u00e9om\u00e9tries \u00e9pur\u00e9es aux d\u00e9tails tactiles mesur\u00e9s.\"}},{\"@type\":\"Question\",\"name\":\"Quel est l'effet visuel des rainures verticales sur le vase ?\",\"acceptedAnswer\":{\"@type\":\"Answer\",\"text\":\"Les rainures verticales ajoutent un rythme tactile et accentuent un mouvement ascensionnel, invitant le regard \u00e0 s'arr\u00eater sur la texture. Cette verticalit\u00e9 \u00e9lanc\u00e9e transmet une sensation de croissance et d'aspiration vers le haut.\"}},{\"@type\":\"Question\",\"name\":\"Comment le noir mat se comporte-t-il dans un espace clair ?\",\"acceptedAnswer\":{\"@type\":\"Answer\",\"text\":\"Dans un espace clair, un objet noir mat ne dispara\u00eet pas mais s'ancre, cr\u00e9ant une gravit\u00e9 visuelle et offrant un point de repos \u00e0 l'\u0153il. Sa fonction est de modifier l'espace environnant gr\u00e2ce \u00e0 la profondeur de sa finition.\"}},{\"@type\":\"Question\",\"name\":\"Quelle atmosph\u00e8re cr\u00e9e l'association du noir avec les tons terre ?\",\"acceptedAnswer\":{\"@type\":\"Answer\",\"text\":\"Associer le noir mat \u00e0 des tons terre comme l'ocre br\u00fbl\u00e9 ou la terracotta adoucit la duret\u00e9 de la couleur, g\u00e9n\u00e9rant une atmosph\u00e8re d\u00e9sertique et enveloppante. Cet \u00e9quilibre est id\u00e9al pour des int\u00e9rieurs cherchant \u00e0 concilier rigueur et accueil.\"}},{\"@type\":\"Question\",\"name\":\"Quels \u00e9l\u00e9ments v\u00e9g\u00e9taux ce type de vase met-il le mieux en valeur ?\",\"acceptedAnswer\":{\"@type\":\"Answer\",\"text\":\"La force du minimalisme sombre r\u00e9side dans sa capacit\u00e9 \u00e0 valoriser son contenu, transformant des compositions simples en sculptures. Une seule tige de pampas blanche ou trois branches d'eucalyptus s\u00e9ch\u00e9 acqui\u00e8rent imm\u00e9diatement une monumentalit\u00e9.\"}}]}","foradditive_qa_jsonld_de":"{\"@context\":\"https:\/\/schema.org\",\"@type\":\"FAQPage\",\"inLanguage\":\"de\",\"mainEntity\":[{\"@type\":\"Question\",\"name\":\"Was ist der im Artikel beschriebene Dark-Minimal-Stil?\",\"acceptedAnswer\":{\"@type\":\"Answer\",\"text\":\"Der Dark-Minimal-Stil entsteht aus der Verbindung der japanischen \u00c4sthetik des Ma (der bedeutungsvollen Leere) mit westlicher geometrischer Pr\u00e4zision. Er zeichnet sich durch matte, lichtabsorbierende Oberfl\u00e4chen und essentielle Geometrien mit dosierten taktilen Details aus.\"}},{\"@type\":\"Question\",\"name\":\"Welche visuelle Wirkung haben die vertikalen Rillen auf der Vase?\",\"acceptedAnswer\":{\"@type\":\"Answer\",\"text\":\"Die vertikalen Rillen f\u00fcgen einen taktilen Rhythmus hinzu und betonen eine aufsteigende Bewegung, wodurch der Blick eingeladen wird, auf der Textur zu verweilen. Diese schlanke Vertikalit\u00e4t vermittelt ein Gef\u00fchl von Wachstum und Streben nach oben.\"}},{\"@type\":\"Question\",\"name\":\"Wie verh\u00e4lt sich mattes Schwarz in einem hellen Raum?\",\"acceptedAnswer\":{\"@type\":\"Answer\",\"text\":\"In einem hellen Raum verschwindet ein mattes schwarzes Objekt nicht, sondern verankert sich, schafft visuelle Schwere und bietet dem Auge einen Ruhepunkt. Seine Funktion besteht darin, den umgebenden Raum durch die Tiefe des Finishs zu ver\u00e4ndern.\"}},{\"@type\":\"Question\",\"name\":\"Welche Atmosph\u00e4re erzeugt die Kombination von Schwarz mit Erdt\u00f6nen?\",\"acceptedAnswer\":{\"@type\":\"Answer\",\"text\":\"Die Kombination von mattem Schwarz mit Erdt\u00f6nen wie verbranntem Ocker oder Terrakotta mildert die H\u00e4rte der Farbe und erzeugt eine w\u00fcstenhafte, einh\u00fcllende Atmosph\u00e4re. Dieses Gleichgewicht ist ideal f\u00fcr Innenr\u00e4ume, die Strenge und Gem\u00fctlichkeit vereinen m\u00f6chten.\"}},{\"@type\":\"Question\",\"name\":\"Welche pflanzlichen Elemente werden durch diese Art von Vase am besten zur Geltung gebracht?\",\"acceptedAnswer\":{\"@type\":\"Answer\",\"text\":\"Die St\u00e4rke des dunklen Minimalismus liegt in der F\u00e4higkeit, das Enthaltene hervorzuheben und einfache Kompositionen in Skulpturen zu verwandeln. Ein einzelner wei\u00dfer Pampasgras-St\u00e4ngel oder drei Zweige getrockneter Eukalyptus gewinnen sofort an Monumentalit\u00e4t.\"}}]}","foradditive_qa_jsonld_es":"{\"@context\":\"https:\/\/schema.org\",\"@type\":\"FAQPage\",\"inLanguage\":\"es\",\"mainEntity\":[{\"@type\":\"Question\",\"name\":\"\u00bfQu\u00e9 es el estilo dark-minimal descrito en el art\u00edculo?\",\"acceptedAnswer\":{\"@type\":\"Answer\",\"text\":\"El dark-minimal surge del encuentro entre la est\u00e9tica japonesa del ma (el vac\u00edo significativo) y la precisi\u00f3n geom\u00e9trica occidental. Se caracteriza por superficies mates que absorben la luz y geometr\u00edas esenciales con detalles t\u00e1ctiles medidos.\"}},{\"@type\":\"Question\",\"name\":\"\u00bfCu\u00e1l es el efecto visual de las estr\u00edas verticales en el jarr\u00f3n?\",\"acceptedAnswer\":{\"@type\":\"Answer\",\"text\":\"Las estr\u00edas verticales a\u00f1aden un ritmo t\u00e1ctil y acent\u00faan un movimiento ascendente, invitando a la mirada a detenerse en la textura. Esta verticalidad esbelta transmite una sensaci\u00f3n de crecimiento y aspiraci\u00f3n hacia lo alto.\"}},{\"@type\":\"Question\",\"name\":\"\u00bfC\u00f3mo se comporta el negro mate en un espacio claro?\",\"acceptedAnswer\":{\"@type\":\"Answer\",\"text\":\"En un espacio claro, un objeto negro mate no desaparece, sino que se ancla, creando gravedad visual y ofreciendo un punto de descanso para la vista. Su funci\u00f3n es modificar el espacio circundante mediante la profundidad del acabado.\"}},{\"@type\":\"Question\",\"name\":\"\u00bfQu\u00e9 atm\u00f3sfera crea la combinaci\u00f3n del negro con los tonos tierra?\",\"acceptedAnswer\":{\"@type\":\"Answer\",\"text\":\"Combinar el negro mate con tonos tierra como ocre quemado o terracota suaviza la dureza del color, generando una atm\u00f3sfera des\u00e9rtica y envolvente. Este equilibrio es ideal para interiores que buscan conciliar rigor y acogida.\"}},{\"@type\":\"Question\",\"name\":\"\u00bfQu\u00e9 elementos vegetales realza mejor este tipo de jarr\u00f3n?\",\"acceptedAnswer\":{\"@type\":\"Answer\",\"text\":\"La fuerza del minimalismo oscuro reside en su capacidad para valorizar lo que contiene, transformando composiciones simples en esculturas. Un solo tallo de pampas grass blanco o tres ramas de eucalipto seco adquieren inmediata monumentalidad.\"}}]}","foradditive_slug_en":"black-fluted-vessel-geometry-matter-dark-minimal","foradditive_slug_fr":"vase-noir-cannele-geometrie-matiere-dark-minimal","foradditive_slug_de":"schwarzer-gerillter-topf-geometrie-materie-dark-minimal","foradditive_slug_es":"jarron-negro-acanalado-geometria-materia-dark-minimal","foradditive_audio_summary_it":0,"foradditive_audio_summary_en":0,"foradditive_audio_summary_fr":0,"foradditive_audio_summary_de":0,"foradditive_audio_summary_es":0,"footnotes":""},"categories":[33],"tags":[],"foradditive_tecnologie":[],"foradditive_materiali":[],"foradditive_applicazioni":[],"foradditive_case_studies":[],"foradditive_settori_industriali":[],"class_list":["post-670","post","type-post","status-publish","format-standard","has-post-thumbnail","hentry","category-design"],"yoast_head":"<!-- This site is optimized with the Yoast SEO plugin v28.3 - https:\/\/yoast.com\/product\/yoast-seo-wordpress\/ -->\n<title>Vase noir cannel\u00e9 : g\u00e9om\u00e9trie et mati\u00e8re pour le dark-minimal - True Iconic Design<\/title>\n<meta name=\"description\" content=\"D\u00e9couvrez le vase noir mat cannel\u00e9 : g\u00e9om\u00e9trie verticale et mati\u00e8re pour le dark-minimal. Guide des palettes, styles et associations pour un design essentiel.\" \/>\n<meta name=\"robots\" content=\"index, follow, max-snippet:-1, max-image-preview:large, max-video-preview:-1\" \/>\n<link rel=\"canonical\" href=\"https:\/\/www.trueiconicdesign.com\/fr\/vase-noir-cannele-geometrie-matiere-dark-minimal\/\" \/>\n<meta property=\"og:locale\" content=\"fr_FR\" \/>\n<meta property=\"og:type\" content=\"article\" \/>\n<meta property=\"og:title\" content=\"Vase noir cannel\u00e9 : g\u00e9om\u00e9trie et mati\u00e8re pour le dark-minimal - True Iconic Design\" \/>\n<meta property=\"og:description\" content=\"D\u00e9couvrez le vase noir mat cannel\u00e9 : g\u00e9om\u00e9trie verticale et mati\u00e8re pour le dark-minimal. Guide des palettes, styles et associations pour un design essentiel.\" \/>\n<meta property=\"og:url\" content=\"https:\/\/www.trueiconicdesign.com\/fr\/vase-noir-cannele-geometrie-matiere-dark-minimal\/\" \/>\n<meta property=\"og:site_name\" content=\"True Iconic Design\" \/>\n<meta property=\"article:published_time\" content=\"2026-08-08T06:33:20+00:00\" \/>\n<meta property=\"article:modified_time\" content=\"2026-08-10T12:18:51+00:00\" \/>\n<meta property=\"og:image\" content=\"https:\/\/www.trueiconicdesign.com\/wp-content\/uploads\/2026\/08\/featured-vaso-nero-scanalato-geometria-e-materia-per-il-dark-minimal-2-1024x1024.png\" \/>\n\t<meta property=\"og:image:width\" content=\"1024\" \/>\n\t<meta property=\"og:image:height\" content=\"1024\" \/>\n\t<meta property=\"og:image:type\" content=\"image\/png\" \/>\n<meta name=\"author\" content=\"sync\" \/>\n<meta name=\"twitter:card\" content=\"summary_large_image\" \/>\n<meta name=\"twitter:label1\" content=\"Written by\" \/>\n\t<meta name=\"twitter:data1\" content=\"sync\" \/>\n\t<meta name=\"twitter:label2\" content=\"Est. reading time\" \/>\n\t<meta name=\"twitter:data2\" content=\"6 minutes\" \/>\n<script type=\"application\/ld+json\" class=\"yoast-schema-graph\">{\"@context\":\"https:\\\/\\\/schema.org\",\"@graph\":[{\"@type\":\"Article\",\"@id\":\"https:\\\/\\\/www.trueiconicdesign.com\\\/it\\\/vaso-nero-scanalato-geometria-materia-dark-minimal\\\/#article\",\"isPartOf\":{\"@id\":\"https:\\\/\\\/www.trueiconicdesign.com\\\/it\\\/vaso-nero-scanalato-geometria-materia-dark-minimal\\\/\"},\"author\":{\"name\":\"synchronisation\",\"@id\":\"https:\\\/\\\/wordpress.m.3dbooster.com\\\/it\\\/#\\\/schema\\\/person\\\/5a1c00cc9c7362ff5de0d9bea94fec08\"},\"headline\":\"Vase noir cannel\u00e9 : g\u00e9om\u00e9trie et mati\u00e8re pour le dark-minimal\",\"datePublished\":\"2026-08-08T06:33:20+00:00\",\"dateModified\":\"2026-08-10T12:18:51+00:00\",\"mainEntityOfPage\":{\"@id\":\"https:\\\/\\\/www.trueiconicdesign.com\\\/it\\\/vaso-nero-scanalato-geometria-materia-dark-minimal\\\/\"},\"wordCount\":1146,\"publisher\":{\"@id\":\"https:\\\/\\\/www.trueiconicdesign.com\\\/en\\\/#organization\"},\"image\":{\"@id\":\"https:\\\/\\\/www.trueiconicdesign.com\\\/it\\\/vaso-nero-scanalato-geometria-materia-dark-minimal\\\/#primaryimage\"},\"thumbnailUrl\":\"https:\\\/\\\/www.trueiconicdesign.com\\\/wp-content\\\/uploads\\\/2026\\\/08\\\/featured-vaso-nero-scanalato-geometria-e-materia-per-il-dark-minimal-2.png\",\"articleSection\":[\"Design\"],\"inLanguage\":\"fr-FR\"},{\"@type\":\"WebPage\",\"@id\":\"https:\\\/\\\/www.trueiconicdesign.com\\\/it\\\/vaso-nero-scanalato-geometria-materia-dark-minimal\\\/\",\"url\":\"https:\\\/\\\/www.trueiconicdesign.com\\\/it\\\/vaso-nero-scanalato-geometria-materia-dark-minimal\\\/\",\"name\":\"Vase noir cannel\u00e9 : g\u00e9om\u00e9trie et mati\u00e8re pour le dark-minimal - True Iconic Design\",\"isPartOf\":{\"@id\":\"https:\\\/\\\/www.trueiconicdesign.com\\\/en\\\/#website\"},\"primaryImageOfPage\":{\"@id\":\"https:\\\/\\\/www.trueiconicdesign.com\\\/it\\\/vaso-nero-scanalato-geometria-materia-dark-minimal\\\/#primaryimage\"},\"image\":{\"@id\":\"https:\\\/\\\/www.trueiconicdesign.com\\\/it\\\/vaso-nero-scanalato-geometria-materia-dark-minimal\\\/#primaryimage\"},\"thumbnailUrl\":\"https:\\\/\\\/www.trueiconicdesign.com\\\/wp-content\\\/uploads\\\/2026\\\/08\\\/featured-vaso-nero-scanalato-geometria-e-materia-per-il-dark-minimal-2.png\",\"datePublished\":\"2026-08-08T06:33:20+00:00\",\"dateModified\":\"2026-08-10T12:18:51+00:00\",\"description\":\"D\u00e9couvrez le vase noir mat cannel\u00e9 : g\u00e9om\u00e9trie verticale et mati\u00e8re pour le dark-minimal. Guide des palettes, styles et associations pour un design essentiel.\",\"breadcrumb\":{\"@id\":\"https:\\\/\\\/www.trueiconicdesign.com\\\/it\\\/vaso-nero-scanalato-geometria-materia-dark-minimal\\\/#breadcrumb\"},\"inLanguage\":\"fr-FR\",\"potentialAction\":[{\"@type\":\"ReadAction\",\"target\":[\"https:\\\/\\\/www.trueiconicdesign.com\\\/it\\\/vaso-nero-scanalato-geometria-materia-dark-minimal\\\/\"]}]},{\"@type\":\"ImageObject\",\"inLanguage\":\"fr-FR\",\"@id\":\"https:\\\/\\\/www.trueiconicdesign.com\\\/it\\\/vaso-nero-scanalato-geometria-materia-dark-minimal\\\/#primaryimage\",\"url\":\"https:\\\/\\\/www.trueiconicdesign.com\\\/wp-content\\\/uploads\\\/2026\\\/08\\\/featured-vaso-nero-scanalato-geometria-e-materia-per-il-dark-minimal-2.png\",\"contentUrl\":\"https:\\\/\\\/www.trueiconicdesign.com\\\/wp-content\\\/uploads\\\/2026\\\/08\\\/featured-vaso-nero-scanalato-geometria-e-materia-per-il-dark-minimal-2.png\",\"width\":2496,\"height\":2496},{\"@type\":\"BreadcrumbList\",\"@id\":\"https:\\\/\\\/www.trueiconicdesign.com\\\/it\\\/vaso-nero-scanalato-geometria-materia-dark-minimal\\\/#breadcrumb\",\"itemListElement\":[{\"@type\":\"ListItem\",\"position\":1,\"name\":\"Accueil\",\"item\":\"https:\\\/\\\/www.trueiconicdesign.com\\\/en\\\/\"},{\"@type\":\"ListItem\",\"position\":2,\"name\":\"Vase noir cannel\u00e9 : g\u00e9om\u00e9trie et mati\u00e8re pour le dark-minimal\"}]},{\"@type\":\"WebSite\",\"@id\":\"https:\\\/\\\/www.trueiconicdesign.com\\\/en\\\/#website\",\"url\":\"https:\\\/\\\/www.trueiconicdesign.com\\\/en\\\/\",\"name\":\"True Iconic Design\",\"description\":\"design de style symbolique \u00e9motionnel\",\"publisher\":{\"@id\":\"https:\\\/\\\/www.trueiconicdesign.com\\\/en\\\/#organization\"},\"alternateName\":\"4Additive - Blog de fabrication additive\",\"potentialAction\":[{\"@type\":\"SearchAction\",\"target\":{\"@type\":\"EntryPoint\",\"urlTemplate\":\"https:\\\/\\\/www.trueiconicdesign.com\\\/en\\\/?s={search_term_string}\"},\"query-input\":{\"@type\":\"PropertyValueSpecification\",\"valueRequired\":true,\"valueName\":\"search_term_string\"}}],\"inLanguage\":\"fr-FR\"},{\"@type\":\"Organization\",\"@id\":\"https:\\\/\\\/www.trueiconicdesign.com\\\/en\\\/#organization\",\"name\":\"Design symbolique \u00e9motionnel\",\"alternateName\":\"4Additif\",\"url\":\"https:\\\/\\\/www.trueiconicdesign.com\\\/en\\\/\",\"logo\":{\"@type\":\"ImageObject\",\"inLanguage\":\"fr-FR\",\"@id\":\"https:\\\/\\\/wordpress.m.3dbooster.com\\\/it\\\/#\\\/schema\\\/logo\\\/image\\\/\",\"url\":\"https:\\\/\\\/www.trueiconicdesign.com\\\/wp-content\\\/uploads\\\/2026\\\/07\\\/trueiconicdesign-logo.svg\",\"contentUrl\":\"https:\\\/\\\/www.trueiconicdesign.com\\\/wp-content\\\/uploads\\\/2026\\\/07\\\/trueiconicdesign-logo.svg\",\"caption\":\"Design symbolique \u00e9motionnel\"},\"image\":{\"@id\":\"https:\\\/\\\/wordpress.m.3dbooster.com\\\/it\\\/#\\\/schema\\\/logo\\\/image\\\/\"},\"sameAs\":[\"https:\\\/\\\/trueiconicdesign.etsy.com\\\/\"]},{\"@type\":\"Person\",\"@id\":\"https:\\\/\\\/wordpress.m.3dbooster.com\\\/it\\\/#\\\/schema\\\/person\\\/5a1c00cc9c7362ff5de0d9bea94fec08\",\"name\":\"synchronisation\"}]}<\/script>\n<!-- \/ Yoast SEO plugin. -->","yoast_head_json":{"title":"Vase noir cannel\u00e9 : g\u00e9om\u00e9trie et mati\u00e8re pour le dark-minimal - True Iconic Design","description":"D\u00e9couvrez le vase noir mat cannel\u00e9 : g\u00e9om\u00e9trie verticale et mati\u00e8re pour le dark-minimal. Guide des palettes, styles et associations pour un design essentiel.","robots":{"index":"index","follow":"follow","max-snippet":"max-snippet:-1","max-image-preview":"max-image-preview:large","max-video-preview":"max-video-preview:-1"},"canonical":"https:\/\/www.trueiconicdesign.com\/fr\/vase-noir-cannele-geometrie-matiere-dark-minimal\/","og_locale":"fr_FR","og_type":"article","og_title":"Vase noir cannel\u00e9 : g\u00e9om\u00e9trie et mati\u00e8re pour le dark-minimal - True Iconic Design","og_description":"D\u00e9couvrez le vase noir mat cannel\u00e9 : g\u00e9om\u00e9trie verticale et mati\u00e8re pour le dark-minimal. Guide des palettes, styles et associations pour un design essentiel.","og_url":"https:\/\/www.trueiconicdesign.com\/fr\/vase-noir-cannele-geometrie-matiere-dark-minimal\/","og_site_name":"True Iconic Design","article_published_time":"2026-08-08T06:33:20+00:00","article_modified_time":"2026-08-10T12:18:51+00:00","og_image":[{"width":1024,"height":1024,"url":"https:\/\/www.trueiconicdesign.com\/wp-content\/uploads\/2026\/08\/featured-vaso-nero-scanalato-geometria-e-materia-per-il-dark-minimal-2-1024x1024.png","type":"image\/png"}],"author":"sync","twitter_card":"summary_large_image","twitter_misc":{"Written by":"sync","Est. reading time":"6 minutes"},"schema":{"@context":"https:\/\/schema.org","@graph":[{"@type":"Article","@id":"https:\/\/www.trueiconicdesign.com\/it\/vaso-nero-scanalato-geometria-materia-dark-minimal\/#article","isPartOf":{"@id":"https:\/\/www.trueiconicdesign.com\/it\/vaso-nero-scanalato-geometria-materia-dark-minimal\/"},"author":{"name":"synchronisation","@id":"https:\/\/wordpress.m.3dbooster.com\/it\/#\/schema\/person\/5a1c00cc9c7362ff5de0d9bea94fec08"},"headline":"Vase noir cannel\u00e9 : g\u00e9om\u00e9trie et mati\u00e8re pour le dark-minimal","datePublished":"2026-08-08T06:33:20+00:00","dateModified":"2026-08-10T12:18:51+00:00","mainEntityOfPage":{"@id":"https:\/\/www.trueiconicdesign.com\/it\/vaso-nero-scanalato-geometria-materia-dark-minimal\/"},"wordCount":1146,"publisher":{"@id":"https:\/\/www.trueiconicdesign.com\/en\/#organization"},"image":{"@id":"https:\/\/www.trueiconicdesign.com\/it\/vaso-nero-scanalato-geometria-materia-dark-minimal\/#primaryimage"},"thumbnailUrl":"https:\/\/www.trueiconicdesign.com\/wp-content\/uploads\/2026\/08\/featured-vaso-nero-scanalato-geometria-e-materia-per-il-dark-minimal-2.png","articleSection":["Design"],"inLanguage":"fr-FR"},{"@type":"WebPage","@id":"https:\/\/www.trueiconicdesign.com\/it\/vaso-nero-scanalato-geometria-materia-dark-minimal\/","url":"https:\/\/www.trueiconicdesign.com\/it\/vaso-nero-scanalato-geometria-materia-dark-minimal\/","name":"Vase noir cannel\u00e9 : g\u00e9om\u00e9trie et mati\u00e8re pour le dark-minimal - True Iconic Design","isPartOf":{"@id":"https:\/\/www.trueiconicdesign.com\/en\/#website"},"primaryImageOfPage":{"@id":"https:\/\/www.trueiconicdesign.com\/it\/vaso-nero-scanalato-geometria-materia-dark-minimal\/#primaryimage"},"image":{"@id":"https:\/\/www.trueiconicdesign.com\/it\/vaso-nero-scanalato-geometria-materia-dark-minimal\/#primaryimage"},"thumbnailUrl":"https:\/\/www.trueiconicdesign.com\/wp-content\/uploads\/2026\/08\/featured-vaso-nero-scanalato-geometria-e-materia-per-il-dark-minimal-2.png","datePublished":"2026-08-08T06:33:20+00:00","dateModified":"2026-08-10T12:18:51+00:00","description":"D\u00e9couvrez le vase noir mat cannel\u00e9 : g\u00e9om\u00e9trie verticale et mati\u00e8re pour le dark-minimal. Guide des palettes, styles et associations pour un design essentiel.","breadcrumb":{"@id":"https:\/\/www.trueiconicdesign.com\/it\/vaso-nero-scanalato-geometria-materia-dark-minimal\/#breadcrumb"},"inLanguage":"fr-FR","potentialAction":[{"@type":"ReadAction","target":["https:\/\/www.trueiconicdesign.com\/it\/vaso-nero-scanalato-geometria-materia-dark-minimal\/"]}]},{"@type":"ImageObject","inLanguage":"fr-FR","@id":"https:\/\/www.trueiconicdesign.com\/it\/vaso-nero-scanalato-geometria-materia-dark-minimal\/#primaryimage","url":"https:\/\/www.trueiconicdesign.com\/wp-content\/uploads\/2026\/08\/featured-vaso-nero-scanalato-geometria-e-materia-per-il-dark-minimal-2.png","contentUrl":"https:\/\/www.trueiconicdesign.com\/wp-content\/uploads\/2026\/08\/featured-vaso-nero-scanalato-geometria-e-materia-per-il-dark-minimal-2.png","width":2496,"height":2496},{"@type":"BreadcrumbList","@id":"https:\/\/www.trueiconicdesign.com\/it\/vaso-nero-scanalato-geometria-materia-dark-minimal\/#breadcrumb","itemListElement":[{"@type":"ListItem","position":1,"name":"Accueil","item":"https:\/\/www.trueiconicdesign.com\/en\/"},{"@type":"ListItem","position":2,"name":"Vase noir cannel\u00e9 : g\u00e9om\u00e9trie et mati\u00e8re pour le dark-minimal"}]},{"@type":"WebSite","@id":"https:\/\/www.trueiconicdesign.com\/en\/#website","url":"https:\/\/www.trueiconicdesign.com\/en\/","name":"True Iconic Design","description":"design de style symbolique \u00e9motionnel","publisher":{"@id":"https:\/\/www.trueiconicdesign.com\/en\/#organization"},"alternateName":"4Additive - Blog de fabrication additive","potentialAction":[{"@type":"SearchAction","target":{"@type":"EntryPoint","urlTemplate":"https:\/\/www.trueiconicdesign.com\/en\/?s={search_term_string}"},"query-input":{"@type":"PropertyValueSpecification","valueRequired":true,"valueName":"search_term_string"}}],"inLanguage":"fr-FR"},{"@type":"Organization","@id":"https:\/\/www.trueiconicdesign.com\/en\/#organization","name":"Design symbolique \u00e9motionnel","alternateName":"4Additif","url":"https:\/\/www.trueiconicdesign.com\/en\/","logo":{"@type":"ImageObject","inLanguage":"fr-FR","@id":"https:\/\/wordpress.m.3dbooster.com\/it\/#\/schema\/logo\/image\/","url":"https:\/\/www.trueiconicdesign.com\/wp-content\/uploads\/2026\/07\/trueiconicdesign-logo.svg","contentUrl":"https:\/\/www.trueiconicdesign.com\/wp-content\/uploads\/2026\/07\/trueiconicdesign-logo.svg","caption":"Design symbolique \u00e9motionnel"},"image":{"@id":"https:\/\/wordpress.m.3dbooster.com\/it\/#\/schema\/logo\/image\/"},"sameAs":["https:\/\/trueiconicdesign.etsy.com\/"]},{"@type":"Person","@id":"https:\/\/wordpress.m.3dbooster.com\/it\/#\/schema\/person\/5a1c00cc9c7362ff5de0d9bea94fec08","name":"synchronisation"}]}},"_links":{"self":[{"href":"https:\/\/www.trueiconicdesign.com\/fr\/wp-json\/wp\/v2\/posts\/670","targetHints":{"allow":["GET"]}}],"collection":[{"href":"https:\/\/www.trueiconicdesign.com\/fr\/wp-json\/wp\/v2\/posts"}],"about":[{"href":"https:\/\/www.trueiconicdesign.com\/fr\/wp-json\/wp\/v2\/types\/post"}],"author":[{"embeddable":true,"href":"https:\/\/www.trueiconicdesign.com\/fr\/wp-json\/wp\/v2\/users\/3"}],"replies":[{"embeddable":true,"href":"https:\/\/www.trueiconicdesign.com\/fr\/wp-json\/wp\/v2\/comments?post=670"}],"version-history":[{"count":3,"href":"https:\/\/www.trueiconicdesign.com\/fr\/wp-json\/wp\/v2\/posts\/670\/revisions"}],"predecessor-version":[{"id":684,"href":"https:\/\/www.trueiconicdesign.com\/fr\/wp-json\/wp\/v2\/posts\/670\/revisions\/684"}],"wp:featuredmedia":[{"embeddable":true,"href":"https:\/\/www.trueiconicdesign.com\/fr\/wp-json\/wp\/v2\/media\/720"}],"wp:attachment":[{"href":"https:\/\/www.trueiconicdesign.com\/fr\/wp-json\/wp\/v2\/media?parent=670"}],"wp:term":[{"taxonomy":"category","embeddable":true,"href":"https:\/\/www.trueiconicdesign.com\/fr\/wp-json\/wp\/v2\/categories?post=670"},{"taxonomy":"post_tag","embeddable":true,"href":"https:\/\/www.trueiconicdesign.com\/fr\/wp-json\/wp\/v2\/tags?post=670"},{"taxonomy":"foradditive_tecnologie","embeddable":true,"href":"https:\/\/www.trueiconicdesign.com\/fr\/wp-json\/wp\/v2\/foradditive_tecnologie?post=670"},{"taxonomy":"foradditive_materiali","embeddable":true,"href":"https:\/\/www.trueiconicdesign.com\/fr\/wp-json\/wp\/v2\/foradditive_materiali?post=670"},{"taxonomy":"foradditive_applicazioni","embeddable":true,"href":"https:\/\/www.trueiconicdesign.com\/fr\/wp-json\/wp\/v2\/foradditive_applicazioni?post=670"},{"taxonomy":"foradditive_case_studies","embeddable":true,"href":"https:\/\/www.trueiconicdesign.com\/fr\/wp-json\/wp\/v2\/foradditive_case_studies?post=670"},{"taxonomy":"foradditive_settori_industriali","embeddable":true,"href":"https:\/\/www.trueiconicdesign.com\/fr\/wp-json\/wp\/v2\/foradditive_settori_industriali?post=670"}],"curies":[{"name":"wp","href":"https:\/\/api.w.org\/{rel}","templated":true}]}}