{"id":810,"date":"2026-08-31T11:29:29","date_gmt":"2026-08-31T09:29:29","guid":{"rendered":"https:\/\/www.trueiconicdesign.com\/it\/?p=810"},"modified":"2026-08-31T11:29:29","modified_gmt":"2026-08-31T09:29:29","slug":"fenice-nera-amuleto-rinascita-parete","status":"publish","type":"post","link":"https:\/\/www.trueiconicdesign.com\/es\/fenice-nera-amuleto-rinascita-parete\/","title":{"rendered":"F\u00e9nix Negro: un amuleto de renacimiento para la pared"},"content":{"rendered":"<h2>La F\u00e9nix Negra: Presencia de Renacimiento en la Pared<\/h2>\n<p>Cuando atravesamos una transformaci\u00f3n \u2013 el fin de un v\u00ednculo, un nuevo trabajo, una mudanza \u2013 el espacio que habitamos deja de ser solo un contenedor y se convierte en testigo. Una pared vac\u00eda puede transformarse en punto focal de fuerza interior, si elegimos habitarla con un signo que hable a nuestro camino.<\/p>\n<p>La f\u00e9nix negra no es simple decoraci\u00f3n: es un amuleto dom\u00e9stico que recuerda la capacidad de renacer de las cenizas.<\/p>\n<h3>El S\u00edmbolo como Anclaje en el Espacio<\/h3>\n<p>*El simbolismo dom\u00e9stico no es superstici\u00f3n, sino una forma concreta de anclar las intenciones en el espacio f\u00edsico y transformar el ambiente en aliado emocional.*<\/p>\n<p>En la arquitectura contempor\u00e1nea, como demuestra el proyecto de Papundekl Architects para una casa modular en la Rep\u00fablica Checa, la apertura hacia el exterior \u2013 a trav\u00e9s de amplios ventanales orientados al bosque \u2013 disuelve el l\u00edmite entre interior y exterior. Del mismo modo, un s\u00edmbolo en la pared puede disolver el l\u00edmite entre espacio f\u00edsico y dimensi\u00f3n emocional.<\/p>\n<p>La f\u00e9nix representa desde hace milenios el ciclo de muerte y renacimiento. Cuando este arquetipo toma forma en negro opaco, la elegancia se funde con la fuerza interior. El negro no es sombr\u00edo: es protecci\u00f3n, transformaci\u00f3n, potencial inexpresado.<\/p>\n<div class=\"article-box article-box--highlight\">\n<strong>Por qu\u00e9 la f\u00e9nix negra funciona como punto focal<\/strong><\/p>\n<ul>\n<li>Silueta reconocible que capta la mirada inmediatamente<\/li>\n<li>Color negro que crea contraste gr\u00e1fico en cualquier pared clara<\/li>\n<li>Postura ascendente que gu\u00eda la mirada hacia arriba, infundiendo elevaci\u00f3n<\/li>\n<li>Significado universal que transforma el objeto en conversaci\u00f3n<\/li>\n<\/ul>\n<\/div>\n<h3>D\u00f3nde Dar Respiro al F\u00e9nix<\/h3>\n<p>*La ubicaci\u00f3n determina si un objeto simb\u00f3lico se convierte en protagonista o se pierde en el ruido visual. Tres reglas gu\u00edan la elecci\u00f3n.*<\/p>\n<p>**Regla uno: aislamiento visual.** El <a href=\"https:\/\/www.trueiconicdesign.com\/es\/product\/fenice-nera-da-parete-simbolo-di-rinascita-e-nuovo-inizio\/\">f\u00e9nix negro de pared<\/a> necesita de respiro. Col\u00f3calo en el centro de una pared libre, sin abarrotar el espacio circundante con cuadros o estantes. En la entrada, sobre una consola estrecha, se convierte en el primer signo de bienvenida. En el dormitorio, centrado en el cabecero de la cama, se transforma en escudo nocturno.<\/p>\n<p>**Regla dos: iluminaci\u00f3n estrat\u00e9gica.** El negro mate vive de contrastes luminosos. Una luz rasante lateral o un foco desde arriba resaltan el perfil estratificado y la textura granulosa de la biopl\u00e1stica PLA. Sin iluminaci\u00f3n adecuada, el negro se confunde con la pared y pierde presencia.<\/p>\n<p>**Regla tres: altura de la mirada.** Coloca el f\u00e9nix a la altura de los ojos cuando est\u00e9s de pie (aproximadamente 160-170 cm del suelo). Detr\u00e1s del escritorio de la oficina, recuerda la resiliencia durante los desaf\u00edos profesionales. En un espacio creativo, inspira la superaci\u00f3n de los obst\u00e1culos.<\/p>\n<div class=\"article-steps\">\n<h3>Montaje y preparaci\u00f3n de la pared<\/h3>\n<ol>\n<li><strong>Preparaci\u00f3n:<\/strong> Limpia la pared e identifica el punto central usando la plantilla de perforaci\u00f3n proporcionada.<\/li>\n<li><strong>Fijaci\u00f3n:<\/strong> Inserta los tacos en las ranuras traseras espaciadas para garantizar estabilidad.<\/li>\n<li><strong>Verificaci\u00f3n:<\/strong> Comprueba la orientaci\u00f3n horizontal de las alas antes de apretar definitivamente.<\/li>\n<\/ol>\n<\/div>\n<h3>El Negro Dialoga con la Luz y la Materia<\/h3>\n<p>*El negro opaco dialoga con materiales y colores espec\u00edficos: la elecci\u00f3n de la combinaci\u00f3n determina la atm\u00f3sfera final del espacio.*<\/p>\n<p>Para un m\u00e1ximo impacto gr\u00e1fico, elige una pared blanca o gris muy claro. El contraste monocrom\u00e1tico enfatiza la silueta estilizada y la convierte en escultura pura.<\/p>\n<p>Si prefieres suavizar la fuerza del negro, opta por tonos neutros c\u00e1lidos: greige, tortora, arena. Estos colores envuelven al f\u00e9nix en una atm\u00f3sfera introvertida y elegante, perfecta para el dormitorio.<\/p>\n<div class=\"article-table-wrap\">\n<table class=\"article-table\">\n<thead>\n<tr>\n<th>Paleta<\/th>\n<th>Atm\u00f3sfera<\/th>\n<th>Ambiente ideal<\/th>\n<\/tr>\n<\/thead>\n<tbody>\n<tr>\n<td>Negro sobre blanco<\/td>\n<td>Gr\u00e1fica, esencial<\/td>\n<td>Sal\u00f3n minimal<\/td>\n<\/tr>\n<tr>\n<td>Negro sobre greige<\/td>\n<td>C\u00e1lida, envolvente<\/td>\n<td>Dormitorio<\/td>\n<\/tr>\n<tr>\n<td>Negro sobre verde salvia<\/td>\n<td>Natural, regenerante<\/td>\n<td>Espacio creativo<\/td>\n<\/tr>\n<tr>\n<td>Negro sobre gris antracita<\/td>\n<td>Metropolitana, sofisticada<\/td>\n<td>Oficina contempor\u00e1nea<\/td>\n<\/tr>\n<\/tbody>\n<\/table>\n<\/div>\n<p>Para las combinaciones de materiales, la madera natural o lacada crea contraste t\u00e1ctil. El vidrio y los espejos amplifican la ligereza percibida. El metal cepillado \u2013 lat\u00f3n o bronce \u2013 a\u00f1ade acentos de luz c\u00e1lida que evocan discretamente el elemento fuego del f\u00e9nix.<\/p>\n<h3>Un Gesto para Quien Cambia<\/h3>\n<p>*Regalar un objeto simb\u00f3lico significa reconocer el camino del otro y ofrecer un talism\u00e1n tangible para el viaje.*<\/p>\n<p>Cuando alguien atraviesa un gran cambio \u2013 separaci\u00f3n, duelo, nuevo trabajo, mudanza \u2013 las palabras a menudo no bastan. Un <a href=\"https:\/\/www.trueiconicdesign.com\/es\/product\/fenice-nera-da-parete-simbolo-di-rinascita-e-nuovo-inizio\/\">s\u00edmbolo de renacimiento en biopl\u00e1stico negro<\/a> se convierte en mensaje silencioso: \u201cTe veo. S\u00e9 que est\u00e1s renaciendo. He aqu\u00ed algo que te recordar\u00e1 tu fuerza.\u201d<\/p>\n<p>La elecci\u00f3n del negro es significativa. No es el color de la alegr\u00eda inmediata, sino de la transformaci\u00f3n profunda. Es el color de la noche antes del amanecer, de la tierra antes del brote.<\/p>\n<div class=\"article-box article-box--info\">\n<strong>Ocasiones para regalar el f\u00e9nix negro<\/strong><\/p>\n<p>Nuevo comienzo profesional, fin de una relaci\u00f3n importante, finalizaci\u00f3n de un proceso terap\u00e9utico, mudanza a una nueva ciudad, superaci\u00f3n de una enfermedad, inicio de un proyecto personal largamente postergado.<\/p>\n<\/div>\n<h3>Qu\u00e9 Apaga la Presencia del Objeto<\/h3>\n<p>*Tres errores comunes transforman un punto focal potente en decoraci\u00f3n an\u00f3nima.*<\/p>\n<p>**Error uno: sobrecarga.** Rodear al f\u00e9nix con demasiados cuadros, fotos o estantes apaga su impacto simb\u00f3lico. El silencio visual alrededor de un s\u00edmbolo amplifica su voz.<\/p>\n<p>**Error dos: iluminaci\u00f3n ausente.** Colocar al f\u00e9nix en zonas excesivamente oscuras donde el negro se confunde con la pared. El negro opaco necesita luz para existir como contraste.<\/p>\n<p>**Error tres: contexto estil\u00edstico incoherente.** Insertar al f\u00e9nix en ambientes excesivamente cl\u00e1sicos \u2013 estucos dorados, muebles Luis XV \u2013 sin un puente de conexi\u00f3n contempor\u00e1neo. El dise\u00f1o esencial del f\u00e9nix pertenece al lenguaje contempor\u00e1neo: minimalismo, industrial chic, wabi-sabi, dark academia.<\/p>\n<h3>Material y Medidas<\/h3>\n<p>*Los detalles pr\u00e1cticos determinan la viabilidad del proyecto: medidas, material, peso influyen en la elecci\u00f3n de la pared y de la fijaci\u00f3n.*<\/p>\n<p>La <a href=\"https:\/\/www.trueiconicdesign.com\/es\/product\/fenice-nera-da-parete-simbolo-di-rinascita-e-nuovo-inizio\/\">decoraci\u00f3n de pared en PLA negro<\/a> mide 23 cm de ancho por 19,5 cm de alto, con una profundidad de 1,5 cm. Las dimensiones compactas la hacen adecuada para cualquier ambiente: dormitorio, sal\u00f3n, cocina, oficina, espacio creativo.<\/p>\n<p>El material es biopl\u00e1stico PLA a base de ma\u00edz, producido artesanalmente en Italia con impresi\u00f3n 3D. La textura granulosa visible es huella del proceso creativo, no defecto: a\u00f1ade valor artesanal y tactilidad.<\/p>\n<p>El estilo es contempor\u00e1neo, el color negro mate. La ligereza del PLA permite el montaje en cualquier pared, incluso en cart\u00f3n yeso, usando la plantilla de perforaci\u00f3n proporcionada.<\/p>\n<h3>Habitar el Cambio<\/h3>\n<p>Amueblar no es solo llenar espacios vac\u00edos. Es elegir qu\u00e9 historias queremos que nuestras paredes cuenten, qu\u00e9 s\u00edmbolos queremos como compa\u00f1eros silenciosos en los d\u00edas dif\u00edciles.<\/p>\n<p>El f\u00e9nix negro en la pared no cambiar\u00e1 tu vida. Pero te recordar\u00e1, cada ma\u00f1ana, que ya has cambiado mil veces. Y que renacer\u00e1s de nuevo.<\/p>","protected":false},"excerpt":{"rendered":"<p>La f\u00e9nix negra de pared es un amuleto dom\u00e9stico que simboliza el renacimiento y la transformaci\u00f3n interior. Con su silueta ascendente y el contraste gr\u00e1fico, se convierte en un punto focal que ancla las intenciones en el espacio, requiriendo aislamiento visual para expresar toda su fuerza.<\/p>","protected":false},"author":3,"featured_media":811,"comment_status":"closed","ping_status":"","sticky":false,"template":"","format":"standard","meta":{"foradditive_qa_html":"<section class=\"foradditive-faq\"><div class=\"foradditive-faq-item\"><h3>Qual \u00e8 il significato simbolico della fenice nera?<\/h3><p>La fenice nera rappresenta la capacit\u00e0 di rinascere dalle ceneri dopo una trasformazione personale. Il colore nero opaco simboleggia protezione, forza interiore e potenziale inespresso.<\/p><\/div><div class=\"foradditive-faq-item\"><h3>Dove \u00e8 consigliabile posizionare la fenice nera in casa?<\/h3><p>Il punto ideale \u00e8 al centro di una parete libera, come sopra una console nell&#x27;ingresso o centrata sulla testata del letto in camera. \u00c8 fondamentale lasciare respiro visivo intorno all&#x27;oggetto.<\/p><\/div><div class=\"foradditive-faq-item\"><h3>Che tipo di illuminazione serve per valorizzare la fenice nera?<\/h3><p>Essendo in nero opaco, richiede contrasti luminosi come una luce radente laterale o un faretto dall&#x27;alto. Questa illuminazione esalta il profilo stratificato e la texture granulosa.<\/p><\/div><div class=\"foradditive-faq-item\"><h3>Di quale materiale \u00e8 realizzata la fenice nera descritta?<\/h3><p>L&#x27;articolo specifica che la fenice ha una texture granulosa ed \u00e8 realizzata in bioplastica PLA. Questo materiale permette di ottenere il particolare effetto visivo descritto.<\/p><\/div><div class=\"foradditive-faq-item\"><h3>A quale altezza va installata la fenice nera sulla parete?<\/h3><p>Va posizionata all&#x27;altezza degli occhi quando si \u00e8 in piedi, indicativamente tra i 160 e i 170 cm da terra. Questa collocazione garantisce la massima presenza visiva nello spazio.<\/p><\/div><\/section>","foradditive_qa_html_en":"<section class=\"foradditive-faq\"><div class=\"foradditive-faq-item\"><h3>What is the symbolic meaning of the black phoenix?<\/h3><p>The black phoenix represents the ability to rise from the ashes after a personal transformation. The matte black color symbolizes protection, inner strength, and untapped potential.<\/p><\/div><div class=\"foradditive-faq-item\"><h3>Where is it advisable to place the black phoenix in the home?<\/h3><p>The ideal spot is the center of a free wall, such as above a console in the entryway or centered on the bed headboard in the bedroom. It is essential to leave visual breathing room around the object.<\/p><\/div><div class=\"foradditive-faq-item\"><h3>What type of lighting is needed to enhance the black phoenix?<\/h3><p>Being matte black, it requires bright contrasts such as side grazing light or a spotlight from above. This lighting highlights the layered profile and granular texture.<\/p><\/div><div class=\"foradditive-faq-item\"><h3>What material is the described black phoenix made of?<\/h3><p>The item specifies that the phoenix has a granular texture and is made of PLA bioplastic. This material allows achieving the particular visual effect described.<\/p><\/div><div class=\"foradditive-faq-item\"><h3>At what height should the black phoenix be installed on the wall?<\/h3><p>It should be positioned at eye level when standing, approximately between 160 and 170 cm from the floor. This placement ensures maximum visual presence in the space.<\/p><\/div><\/section>","foradditive_qa_html_fr":"<section class=\"foradditive-faq\"><div class=\"foradditive-faq-item\"><h3>Quel est le sens symbolique du ph\u00e9nix noir ?<\/h3><p>Le ph\u00e9nix noir repr\u00e9sente la capacit\u00e9 de rena\u00eetre de ses cendres apr\u00e8s une transformation personnelle. Sa couleur noire mate symbolise la protection, la force int\u00e9rieure et le potentiel inexploit\u00e9.<\/p><\/div><div class=\"foradditive-faq-item\"><h3>O\u00f9 est-il conseill\u00e9 de placer le ph\u00e9nix noir dans la maison ?<\/h3><p>L&#x27;emplacement id\u00e9al est au centre d&#x27;un mur d\u00e9gag\u00e9, comme au-dessus d&#x27;une console dans l&#x27;entr\u00e9e ou centr\u00e9 sur la t\u00eate de lit dans la chambre. Il est essentiel de laisser un espace visuel autour de l&#x27;objet.<\/p><\/div><div class=\"foradditive-faq-item\"><h3>Quel type d&#x27;\u00e9clairage faut-il pour mettre en valeur le ph\u00e9nix noir ?<\/h3><p>\u00c9tant de couleur noire mate, il n\u00e9cessite des contrastes lumineux tels qu&#x27;une lumi\u00e8re rasante lat\u00e9rale ou un spot dirig\u00e9 depuis le haut. Cet \u00e9clairage met en relief le profil stratifi\u00e9 et la texture granuleuse.<\/p><\/div><div class=\"foradditive-faq-item\"><h3>De quel mat\u00e9riau est fait le ph\u00e9nix noir d\u00e9crit ?<\/h3><p>L&#x27;article pr\u00e9cise que le ph\u00e9nix poss\u00e8de une texture granuleuse et est r\u00e9alis\u00e9 en bioplastique PLA. Ce mat\u00e9riau permet d&#x27;obtenir l&#x27;effet visuel particulier d\u00e9crit.<\/p><\/div><div class=\"foradditive-faq-item\"><h3>\u00c0 quelle hauteur doit-on installer le ph\u00e9nix noir sur le mur ?<\/h3><p>Il doit \u00eatre plac\u00e9 \u00e0 hauteur des yeux lorsque l&#x27;on est debout, soit approximativement entre 160 et 170 cm du sol. Cette position garantit une pr\u00e9sence visuelle maximale dans l&#x27;espace.<\/p><\/div><\/section>","foradditive_qa_html_de":"<section class=\"foradditive-faq\"><div class=\"foradditive-faq-item\"><h3>Was ist die symbolische Bedeutung des schwarzen Ph\u00f6nix?<\/h3><p>Der schwarze Ph\u00f6nix steht f\u00fcr die F\u00e4higkeit, nach einer pers\u00f6nlichen Verwandlung aus der Asche wiedergeboren zu werden. Die matte schwarze Farbe symbolisiert Schutz, innere St\u00e4rke und unentfaltetes Potenzial.<\/p><\/div><div class=\"foradditive-faq-item\"><h3>Wo wird empfohlen, den schwarzen Ph\u00f6nix im Haus zu platzieren?<\/h3><p>Der ideale Ort ist die Mitte einer freien Wand, etwa \u00fcber einer Konsole im Eingangsbereich oder zentriert \u00fcber dem Kopfende des Bettes im Schlafzimmer. Es ist entscheidend, dem Objekt visuellen Atemraum zu lassen.<\/p><\/div><div class=\"foradditive-faq-item\"><h3>Welche Art von Beleuchtung wird ben\u00f6tigt, um den schwarzen Ph\u00f6nix zur Geltung zu bringen?<\/h3><p>Da er matt schwarz ist, ben\u00f6tigt er helle Kontraste wie seitliches Streiflicht oder einen Spot von oben. Diese Beleuchtung hebt das geschichtete Profil und die k\u00f6rnige Textur hervor.<\/p><\/div><div class=\"foradditive-faq-item\"><h3>Aus welchem Material besteht der beschriebene schwarze Ph\u00f6nix?<\/h3><p>Der Artikel gibt an, dass der Ph\u00f6nix eine k\u00f6rnige Textur hat und aus PLA-Biokunststoff gefertigt ist. Dieses Material erm\u00f6glicht den beschriebenen besonderen visuellen Effekt.<\/p><\/div><div class=\"foradditive-faq-item\"><h3>In welcher H\u00f6he sollte der schwarze Ph\u00f6nix an der Wand angebracht werden?<\/h3><p>Er sollte auf Augenh\u00f6he im Stehen positioniert werden, also etwa zwischen 160 und 170 cm \u00fcber dem Boden. Diese Platzierung gew\u00e4hrleistet eine maximale visuelle Pr\u00e4senz im Raum.<\/p><\/div><\/section>","foradditive_qa_html_es":"<section class=\"foradditive-faq\"><div class=\"foradditive-faq-item\"><h3>\u00bfCu\u00e1l es el significado simb\u00f3lico del f\u00e9nix negro?<\/h3><p>El f\u00e9nix negro representa la capacidad de renacer de las cenizas tras una transformaci\u00f3n personal. El color negro mate simboliza protecci\u00f3n, fuerza interior y potencial no expresado.<\/p><\/div><div class=\"foradditive-faq-item\"><h3>\u00bfD\u00f3nde se recomienda colocar el f\u00e9nix negro en casa?<\/h3><p>El lugar ideal es el centro de una pared libre, como encima de una consola en la entrada o centrado sobre el cabecero de la cama en el dormitorio. Es fundamental dejar espacio visual alrededor del objeto.<\/p><\/div><div class=\"foradditive-faq-item\"><h3>\u00bfQu\u00e9 tipo de iluminaci\u00f3n se necesita para realzar el f\u00e9nix negro?<\/h3><p>Al ser de color negro mate, requiere contrastes luminosos como una luz rasante lateral o un foco desde arriba. Esta iluminaci\u00f3n resalta el perfil estratificado y la textura granulada.<\/p><\/div><div class=\"foradditive-faq-item\"><h3>\u00bfDe qu\u00e9 material est\u00e1 hecho el f\u00e9nix negro descrito?<\/h3><p>El art\u00edculo especifica que el f\u00e9nix tiene una textura granulada y est\u00e1 fabricado en biopl\u00e1stico PLA. Este material permite lograr el efecto visual particular descrito.<\/p><\/div><div class=\"foradditive-faq-item\"><h3>\u00bfA qu\u00e9 altura debe instalarse el f\u00e9nix negro en la pared?<\/h3><p>Debe colocarse a la altura de los ojos cuando se est\u00e1 de pie, aproximadamente entre 160 y 170 cm del suelo. Esta ubicaci\u00f3n garantiza la m\u00e1xima presencia visual en el espacio.<\/p><\/div><\/section>","foradditive_qa_jsonld":"{\"@context\":\"https:\/\/schema.org\",\"@type\":\"FAQPage\",\"inLanguage\":\"it\",\"mainEntity\":[{\"@type\":\"Question\",\"name\":\"Qual \u00e8 il significato simbolico della fenice nera?\",\"acceptedAnswer\":{\"@type\":\"Answer\",\"text\":\"La fenice nera rappresenta la capacit\u00e0 di rinascere dalle ceneri dopo una trasformazione personale. Il colore nero opaco simboleggia protezione, forza interiore e potenziale inespresso.\"}},{\"@type\":\"Question\",\"name\":\"Dove \u00e8 consigliabile posizionare la fenice nera in casa?\",\"acceptedAnswer\":{\"@type\":\"Answer\",\"text\":\"Il punto ideale \u00e8 al centro di una parete libera, come sopra una console nell'ingresso o centrata sulla testata del letto in camera. \u00c8 fondamentale lasciare respiro visivo intorno all'oggetto.\"}},{\"@type\":\"Question\",\"name\":\"Che tipo di illuminazione serve per valorizzare la fenice nera?\",\"acceptedAnswer\":{\"@type\":\"Answer\",\"text\":\"Essendo in nero opaco, richiede contrasti luminosi come una luce radente laterale o un faretto dall'alto. Questa illuminazione esalta il profilo stratificato e la texture granulosa.\"}},{\"@type\":\"Question\",\"name\":\"Di quale materiale \u00e8 realizzata la fenice nera descritta?\",\"acceptedAnswer\":{\"@type\":\"Answer\",\"text\":\"L'articolo specifica che la fenice ha una texture granulosa ed \u00e8 realizzata in bioplastica PLA. Questo materiale permette di ottenere il particolare effetto visivo descritto.\"}},{\"@type\":\"Question\",\"name\":\"A quale altezza va installata la fenice nera sulla parete?\",\"acceptedAnswer\":{\"@type\":\"Answer\",\"text\":\"Va posizionata all'altezza degli occhi quando si \u00e8 in piedi, indicativamente tra i 160 e i 170 cm da terra. Questa collocazione garantisce la massima presenza visiva nello spazio.\"}}]}","foradditive_qa_jsonld_en":"{\"@context\":\"https:\/\/schema.org\",\"@type\":\"FAQPage\",\"inLanguage\":\"en\",\"mainEntity\":[{\"@type\":\"Question\",\"name\":\"What is the symbolic meaning of the black phoenix?\",\"acceptedAnswer\":{\"@type\":\"Answer\",\"text\":\"The black phoenix represents the ability to rise from the ashes after a personal transformation. The matte black color symbolizes protection, inner strength, and untapped potential.\"}},{\"@type\":\"Question\",\"name\":\"Where is it advisable to place the black phoenix in the home?\",\"acceptedAnswer\":{\"@type\":\"Answer\",\"text\":\"The ideal spot is the center of a free wall, such as above a console in the entryway or centered on the bed headboard in the bedroom. It is essential to leave visual breathing room around the object.\"}},{\"@type\":\"Question\",\"name\":\"What type of lighting is needed to enhance the black phoenix?\",\"acceptedAnswer\":{\"@type\":\"Answer\",\"text\":\"Being matte black, it requires bright contrasts such as side grazing light or a spotlight from above. This lighting highlights the layered profile and granular texture.\"}},{\"@type\":\"Question\",\"name\":\"What material is the described black phoenix made of?\",\"acceptedAnswer\":{\"@type\":\"Answer\",\"text\":\"The item specifies that the phoenix has a granular texture and is made of PLA bioplastic. This material allows achieving the particular visual effect described.\"}},{\"@type\":\"Question\",\"name\":\"At what height should the black phoenix be installed on the wall?\",\"acceptedAnswer\":{\"@type\":\"Answer\",\"text\":\"It should be positioned at eye level when standing, approximately between 160 and 170 cm from the floor. This placement ensures maximum visual presence in the space.\"}}]}","foradditive_qa_jsonld_fr":"{\"@context\":\"https:\/\/schema.org\",\"@type\":\"FAQPage\",\"inLanguage\":\"fr\",\"mainEntity\":[{\"@type\":\"Question\",\"name\":\"Quel est le sens symbolique du ph\u00e9nix noir ?\",\"acceptedAnswer\":{\"@type\":\"Answer\",\"text\":\"Le ph\u00e9nix noir repr\u00e9sente la capacit\u00e9 de rena\u00eetre de ses cendres apr\u00e8s une transformation personnelle. Sa couleur noire mate symbolise la protection, la force int\u00e9rieure et le potentiel inexploit\u00e9.\"}},{\"@type\":\"Question\",\"name\":\"O\u00f9 est-il conseill\u00e9 de placer le ph\u00e9nix noir dans la maison ?\",\"acceptedAnswer\":{\"@type\":\"Answer\",\"text\":\"L'emplacement id\u00e9al est au centre d'un mur d\u00e9gag\u00e9, comme au-dessus d'une console dans l'entr\u00e9e ou centr\u00e9 sur la t\u00eate de lit dans la chambre. Il est essentiel de laisser un espace visuel autour de l'objet.\"}},{\"@type\":\"Question\",\"name\":\"Quel type d'\u00e9clairage faut-il pour mettre en valeur le ph\u00e9nix noir ?\",\"acceptedAnswer\":{\"@type\":\"Answer\",\"text\":\"\u00c9tant de couleur noire mate, il n\u00e9cessite des contrastes lumineux tels qu'une lumi\u00e8re rasante lat\u00e9rale ou un spot dirig\u00e9 depuis le haut. Cet \u00e9clairage met en relief le profil stratifi\u00e9 et la texture granuleuse.\"}},{\"@type\":\"Question\",\"name\":\"De quel mat\u00e9riau est fait le ph\u00e9nix noir d\u00e9crit ?\",\"acceptedAnswer\":{\"@type\":\"Answer\",\"text\":\"L'article pr\u00e9cise que le ph\u00e9nix poss\u00e8de une texture granuleuse et est r\u00e9alis\u00e9 en bioplastique PLA. Ce mat\u00e9riau permet d'obtenir l'effet visuel particulier d\u00e9crit.\"}},{\"@type\":\"Question\",\"name\":\"\u00c0 quelle hauteur doit-on installer le ph\u00e9nix noir sur le mur ?\",\"acceptedAnswer\":{\"@type\":\"Answer\",\"text\":\"Il doit \u00eatre plac\u00e9 \u00e0 hauteur des yeux lorsque l'on est debout, soit approximativement entre 160 et 170 cm du sol. Cette position garantit une pr\u00e9sence visuelle maximale dans l'espace.\"}}]}","foradditive_qa_jsonld_de":"{\"@context\":\"https:\/\/schema.org\",\"@type\":\"FAQPage\",\"inLanguage\":\"de\",\"mainEntity\":[{\"@type\":\"Question\",\"name\":\"Was ist die symbolische Bedeutung des schwarzen Ph\u00f6nix?\",\"acceptedAnswer\":{\"@type\":\"Answer\",\"text\":\"Der schwarze Ph\u00f6nix steht f\u00fcr die F\u00e4higkeit, nach einer pers\u00f6nlichen Verwandlung aus der Asche wiedergeboren zu werden. Die matte schwarze Farbe symbolisiert Schutz, innere St\u00e4rke und unentfaltetes Potenzial.\"}},{\"@type\":\"Question\",\"name\":\"Wo wird empfohlen, den schwarzen Ph\u00f6nix im Haus zu platzieren?\",\"acceptedAnswer\":{\"@type\":\"Answer\",\"text\":\"Der ideale Ort ist die Mitte einer freien Wand, etwa \u00fcber einer Konsole im Eingangsbereich oder zentriert \u00fcber dem Kopfende des Bettes im Schlafzimmer. Es ist entscheidend, dem Objekt visuellen Atemraum zu lassen.\"}},{\"@type\":\"Question\",\"name\":\"Welche Art von Beleuchtung wird ben\u00f6tigt, um den schwarzen Ph\u00f6nix zur Geltung zu bringen?\",\"acceptedAnswer\":{\"@type\":\"Answer\",\"text\":\"Da er matt schwarz ist, ben\u00f6tigt er helle Kontraste wie seitliches Streiflicht oder einen Spot von oben. Diese Beleuchtung hebt das geschichtete Profil und die k\u00f6rnige Textur hervor.\"}},{\"@type\":\"Question\",\"name\":\"Aus welchem Material besteht der beschriebene schwarze Ph\u00f6nix?\",\"acceptedAnswer\":{\"@type\":\"Answer\",\"text\":\"Der Artikel gibt an, dass der Ph\u00f6nix eine k\u00f6rnige Textur hat und aus PLA-Biokunststoff gefertigt ist. Dieses Material erm\u00f6glicht den beschriebenen besonderen visuellen Effekt.\"}},{\"@type\":\"Question\",\"name\":\"In welcher H\u00f6he sollte der schwarze Ph\u00f6nix an der Wand angebracht werden?\",\"acceptedAnswer\":{\"@type\":\"Answer\",\"text\":\"Er sollte auf Augenh\u00f6he im Stehen positioniert werden, also etwa zwischen 160 und 170 cm \u00fcber dem Boden. Diese Platzierung gew\u00e4hrleistet eine maximale visuelle Pr\u00e4senz im Raum.\"}}]}","foradditive_qa_jsonld_es":"{\"@context\":\"https:\/\/schema.org\",\"@type\":\"FAQPage\",\"inLanguage\":\"es\",\"mainEntity\":[{\"@type\":\"Question\",\"name\":\"\u00bfCu\u00e1l es el significado simb\u00f3lico del f\u00e9nix negro?\",\"acceptedAnswer\":{\"@type\":\"Answer\",\"text\":\"El f\u00e9nix negro representa la capacidad de renacer de las cenizas tras una transformaci\u00f3n personal. El color negro mate simboliza protecci\u00f3n, fuerza interior y potencial no expresado.\"}},{\"@type\":\"Question\",\"name\":\"\u00bfD\u00f3nde se recomienda colocar el f\u00e9nix negro en casa?\",\"acceptedAnswer\":{\"@type\":\"Answer\",\"text\":\"El lugar ideal es el centro de una pared libre, como encima de una consola en la entrada o centrado sobre el cabecero de la cama en el dormitorio. Es fundamental dejar espacio visual alrededor del objeto.\"}},{\"@type\":\"Question\",\"name\":\"\u00bfQu\u00e9 tipo de iluminaci\u00f3n se necesita para realzar el f\u00e9nix negro?\",\"acceptedAnswer\":{\"@type\":\"Answer\",\"text\":\"Al ser de color negro mate, requiere contrastes luminosos como una luz rasante lateral o un foco desde arriba. Esta iluminaci\u00f3n resalta el perfil estratificado y la textura granulada.\"}},{\"@type\":\"Question\",\"name\":\"\u00bfDe qu\u00e9 material est\u00e1 hecho el f\u00e9nix negro descrito?\",\"acceptedAnswer\":{\"@type\":\"Answer\",\"text\":\"El art\u00edculo especifica que el f\u00e9nix tiene una textura granulada y est\u00e1 fabricado en biopl\u00e1stico PLA. Este material permite lograr el efecto visual particular descrito.\"}},{\"@type\":\"Question\",\"name\":\"\u00bfA qu\u00e9 altura debe instalarse el f\u00e9nix negro en la pared?\",\"acceptedAnswer\":{\"@type\":\"Answer\",\"text\":\"Debe colocarse a la altura de los ojos cuando se est\u00e1 de pie, aproximadamente entre 160 y 170 cm del suelo. Esta ubicaci\u00f3n garantiza la m\u00e1xima presencia visual en el espacio.\"}}]}","foradditive_slug_en":"black-phoenix-amulet-rebirth-wall","foradditive_slug_fr":"phoenix-noire-amulette-renaissance-mur","foradditive_slug_de":"schwarzer-phoenix-amulett-wiedergeburt-wand","foradditive_slug_es":"fenix-negra-amuleto-renacimiento-pared","foradditive_audio_summary_it":0,"foradditive_audio_summary_en":0,"foradditive_audio_summary_fr":0,"foradditive_audio_summary_de":0,"foradditive_audio_summary_es":0,"footnotes":""},"categories":[33],"tags":[],"foradditive_tecnologie":[],"foradditive_materiali":[],"foradditive_applicazioni":[],"foradditive_case_studies":[],"foradditive_settori_industriali":[],"class_list":["post-810","post","type-post","status-publish","format-standard","has-post-thumbnail","hentry","category-design"],"yoast_head":"<!-- This site is optimized with the Yoast SEO plugin v28.3 - https:\/\/yoast.com\/product\/yoast-seo-wordpress\/ -->\n<title>Fenice Nera: un amuleto di rinascita per la parete - True Iconic Design<\/title>\n<meta name=\"description\" content=\"Descubre el F\u00e9nix Negro: un amuleto de renacimiento en PLA para la pared. Gu\u00eda para la colocaci\u00f3n ideal en casa y oficina para transformar el espacio.\" \/>\n<meta name=\"robots\" content=\"index, follow, max-snippet:-1, max-image-preview:large, max-video-preview:-1\" \/>\n<link rel=\"canonical\" href=\"https:\/\/www.trueiconicdesign.com\/es\/fenix-negra-amuleto-renacimiento-pared\/\" \/>\n<meta property=\"og:locale\" content=\"es_ES\" \/>\n<meta property=\"og:type\" content=\"article\" \/>\n<meta property=\"og:title\" content=\"Fenice Nera: un amuleto di rinascita per la parete - True Iconic Design\" \/>\n<meta property=\"og:description\" content=\"Descubre el F\u00e9nix Negro: un amuleto de renacimiento en PLA para la pared. Gu\u00eda para la colocaci\u00f3n ideal en casa y oficina para transformar el espacio.\" \/>\n<meta property=\"og:url\" content=\"https:\/\/www.trueiconicdesign.com\/es\/fenix-negra-amuleto-renacimiento-pared\/\" \/>\n<meta property=\"og:site_name\" content=\"True Iconic Design\" \/>\n<meta property=\"article:published_time\" content=\"2026-08-31T09:29:29+00:00\" \/>\n<meta property=\"og:image\" content=\"https:\/\/www.trueiconicdesign.com\/wp-content\/uploads\/2026\/08\/featured-fenice-nera-un-amuleto-di-rinascita-per-la-parete-1024x1024.png\" \/>\n\t<meta property=\"og:image:width\" content=\"1024\" \/>\n\t<meta property=\"og:image:height\" content=\"1024\" \/>\n\t<meta property=\"og:image:type\" content=\"image\/png\" \/>\n<meta name=\"author\" content=\"sync\" \/>\n<meta name=\"twitter:card\" content=\"summary_large_image\" \/>\n<meta name=\"twitter:label1\" content=\"Written by\" \/>\n\t<meta name=\"twitter:data1\" content=\"sync\" \/>\n\t<meta name=\"twitter:label2\" content=\"Est. reading time\" \/>\n\t<meta name=\"twitter:data2\" content=\"5 minutes\" \/>\n<script type=\"application\/ld+json\" class=\"yoast-schema-graph\">{\"@context\":\"https:\\\/\\\/schema.org\",\"@graph\":[{\"@type\":\"Article\",\"@id\":\"https:\\\/\\\/www.trueiconicdesign.com\\\/it\\\/fenice-nera-amuleto-rinascita-parete\\\/#article\",\"isPartOf\":{\"@id\":\"https:\\\/\\\/www.trueiconicdesign.com\\\/it\\\/fenice-nera-amuleto-rinascita-parete\\\/\"},\"author\":{\"name\":\"sincronizaci\u00f3n\",\"@id\":\"https:\\\/\\\/wordpress.m.3dbooster.com\\\/it\\\/#\\\/schema\\\/person\\\/5a1c00cc9c7362ff5de0d9bea94fec08\"},\"headline\":\"F\u00e9nix Negro: un amuleto de renacimiento para la pared\",\"datePublished\":\"2026-08-31T09:29:29+00:00\",\"mainEntityOfPage\":{\"@id\":\"https:\\\/\\\/www.trueiconicdesign.com\\\/it\\\/fenice-nera-amuleto-rinascita-parete\\\/\"},\"wordCount\":1012,\"publisher\":{\"@id\":\"https:\\\/\\\/www.trueiconicdesign.com\\\/en\\\/#organization\"},\"image\":{\"@id\":\"https:\\\/\\\/www.trueiconicdesign.com\\\/it\\\/fenice-nera-amuleto-rinascita-parete\\\/#primaryimage\"},\"thumbnailUrl\":\"https:\\\/\\\/www.trueiconicdesign.com\\\/wp-content\\\/uploads\\\/2026\\\/08\\\/featured-fenice-nera-un-amuleto-di-rinascita-per-la-parete.png\",\"articleSection\":[\"Design\"],\"inLanguage\":\"es-ES\"},{\"@type\":\"WebPage\",\"@id\":\"https:\\\/\\\/www.trueiconicdesign.com\\\/it\\\/fenice-nera-amuleto-rinascita-parete\\\/\",\"url\":\"https:\\\/\\\/www.trueiconicdesign.com\\\/it\\\/fenice-nera-amuleto-rinascita-parete\\\/\",\"name\":\"Fenice Nera: un amuleto di rinascita per la parete - True Iconic Design\",\"isPartOf\":{\"@id\":\"https:\\\/\\\/www.trueiconicdesign.com\\\/en\\\/#website\"},\"primaryImageOfPage\":{\"@id\":\"https:\\\/\\\/www.trueiconicdesign.com\\\/it\\\/fenice-nera-amuleto-rinascita-parete\\\/#primaryimage\"},\"image\":{\"@id\":\"https:\\\/\\\/www.trueiconicdesign.com\\\/it\\\/fenice-nera-amuleto-rinascita-parete\\\/#primaryimage\"},\"thumbnailUrl\":\"https:\\\/\\\/www.trueiconicdesign.com\\\/wp-content\\\/uploads\\\/2026\\\/08\\\/featured-fenice-nera-un-amuleto-di-rinascita-per-la-parete.png\",\"datePublished\":\"2026-08-31T09:29:29+00:00\",\"description\":\"Descubre el F\u00e9nix Negro: un amuleto de renacimiento en PLA para la pared. Gu\u00eda para la colocaci\u00f3n ideal en casa y oficina para transformar el espacio.\",\"breadcrumb\":{\"@id\":\"https:\\\/\\\/www.trueiconicdesign.com\\\/it\\\/fenice-nera-amuleto-rinascita-parete\\\/#breadcrumb\"},\"inLanguage\":\"es-ES\",\"potentialAction\":[{\"@type\":\"ReadAction\",\"target\":[\"https:\\\/\\\/www.trueiconicdesign.com\\\/it\\\/fenice-nera-amuleto-rinascita-parete\\\/\"]}]},{\"@type\":\"ImageObject\",\"inLanguage\":\"es-ES\",\"@id\":\"https:\\\/\\\/www.trueiconicdesign.com\\\/it\\\/fenice-nera-amuleto-rinascita-parete\\\/#primaryimage\",\"url\":\"https:\\\/\\\/www.trueiconicdesign.com\\\/wp-content\\\/uploads\\\/2026\\\/08\\\/featured-fenice-nera-un-amuleto-di-rinascita-per-la-parete.png\",\"contentUrl\":\"https:\\\/\\\/www.trueiconicdesign.com\\\/wp-content\\\/uploads\\\/2026\\\/08\\\/featured-fenice-nera-un-amuleto-di-rinascita-per-la-parete.png\",\"width\":2192,\"height\":2192},{\"@type\":\"BreadcrumbList\",\"@id\":\"https:\\\/\\\/www.trueiconicdesign.com\\\/it\\\/fenice-nera-amuleto-rinascita-parete\\\/#breadcrumb\",\"itemListElement\":[{\"@type\":\"ListItem\",\"position\":1,\"name\":\"Inicio\",\"item\":\"https:\\\/\\\/www.trueiconicdesign.com\\\/en\\\/\"},{\"@type\":\"ListItem\",\"position\":2,\"name\":\"F\u00e9nix Negro: un amuleto de renacimiento para la pared\"}]},{\"@type\":\"WebSite\",\"@id\":\"https:\\\/\\\/www.trueiconicdesign.com\\\/en\\\/#website\",\"url\":\"https:\\\/\\\/www.trueiconicdesign.com\\\/en\\\/\",\"name\":\"Aut\u00e9ntico dise\u00f1o ic\u00f3nico\",\"description\":\"dise\u00f1o de estilo simb\u00f3lico emocional\",\"publisher\":{\"@id\":\"https:\\\/\\\/www.trueiconicdesign.com\\\/en\\\/#organization\"},\"alternateName\":\"4Additive - Blog de fabricaci\u00f3n aditiva\",\"potentialAction\":[{\"@type\":\"SearchAction\",\"target\":{\"@type\":\"EntryPoint\",\"urlTemplate\":\"https:\\\/\\\/www.trueiconicdesign.com\\\/en\\\/?s={search_term_string}\"},\"query-input\":{\"@type\":\"PropertyValueSpecification\",\"valueRequired\":true,\"valueName\":\"search_term_string\"}}],\"inLanguage\":\"es-ES\"},{\"@type\":\"Organization\",\"@id\":\"https:\\\/\\\/www.trueiconicdesign.com\\\/en\\\/#organization\",\"name\":\"Dise\u00f1o Simb\u00f3lico Emocional\",\"alternateName\":\"4Additive\",\"url\":\"https:\\\/\\\/www.trueiconicdesign.com\\\/en\\\/\",\"logo\":{\"@type\":\"ImageObject\",\"inLanguage\":\"es-ES\",\"@id\":\"https:\\\/\\\/wordpress.m.3dbooster.com\\\/it\\\/#\\\/schema\\\/logo\\\/image\\\/\",\"url\":\"https:\\\/\\\/www.trueiconicdesign.com\\\/wp-content\\\/uploads\\\/2026\\\/07\\\/trueiconicdesign-logo.svg\",\"contentUrl\":\"https:\\\/\\\/www.trueiconicdesign.com\\\/wp-content\\\/uploads\\\/2026\\\/07\\\/trueiconicdesign-logo.svg\",\"caption\":\"Dise\u00f1o Simb\u00f3lico Emocional\"},\"image\":{\"@id\":\"https:\\\/\\\/wordpress.m.3dbooster.com\\\/it\\\/#\\\/schema\\\/logo\\\/image\\\/\"},\"sameAs\":[\"https:\\\/\\\/trueiconicdesign.etsy.com\\\/\"]},{\"@type\":\"Person\",\"@id\":\"https:\\\/\\\/wordpress.m.3dbooster.com\\\/it\\\/#\\\/schema\\\/person\\\/5a1c00cc9c7362ff5de0d9bea94fec08\",\"name\":\"sincronizaci\u00f3n\"}]}<\/script>\n<!-- \/ Yoast SEO plugin. -->","yoast_head_json":{"title":"Fenice Nera: un amuleto di rinascita per la parete - True Iconic Design","description":"Descubre el F\u00e9nix Negro: un amuleto de renacimiento en PLA para la pared. Gu\u00eda para la colocaci\u00f3n ideal en casa y oficina para transformar el espacio.","robots":{"index":"index","follow":"follow","max-snippet":"max-snippet:-1","max-image-preview":"max-image-preview:large","max-video-preview":"max-video-preview:-1"},"canonical":"https:\/\/www.trueiconicdesign.com\/es\/fenix-negra-amuleto-renacimiento-pared\/","og_locale":"es_ES","og_type":"article","og_title":"Fenice Nera: un amuleto di rinascita per la parete - True Iconic Design","og_description":"Descubre el F\u00e9nix Negro: un amuleto de renacimiento en PLA para la pared. Gu\u00eda para la colocaci\u00f3n ideal en casa y oficina para transformar el espacio.","og_url":"https:\/\/www.trueiconicdesign.com\/es\/fenix-negra-amuleto-renacimiento-pared\/","og_site_name":"True Iconic Design","article_published_time":"2026-08-31T09:29:29+00:00","og_image":[{"width":1024,"height":1024,"url":"https:\/\/www.trueiconicdesign.com\/wp-content\/uploads\/2026\/08\/featured-fenice-nera-un-amuleto-di-rinascita-per-la-parete-1024x1024.png","type":"image\/png"}],"author":"sync","twitter_card":"summary_large_image","twitter_misc":{"Written by":"sync","Est. reading time":"5 minutes"},"schema":{"@context":"https:\/\/schema.org","@graph":[{"@type":"Article","@id":"https:\/\/www.trueiconicdesign.com\/it\/fenice-nera-amuleto-rinascita-parete\/#article","isPartOf":{"@id":"https:\/\/www.trueiconicdesign.com\/it\/fenice-nera-amuleto-rinascita-parete\/"},"author":{"name":"sincronizaci\u00f3n","@id":"https:\/\/wordpress.m.3dbooster.com\/it\/#\/schema\/person\/5a1c00cc9c7362ff5de0d9bea94fec08"},"headline":"F\u00e9nix Negro: un amuleto de renacimiento para la pared","datePublished":"2026-08-31T09:29:29+00:00","mainEntityOfPage":{"@id":"https:\/\/www.trueiconicdesign.com\/it\/fenice-nera-amuleto-rinascita-parete\/"},"wordCount":1012,"publisher":{"@id":"https:\/\/www.trueiconicdesign.com\/en\/#organization"},"image":{"@id":"https:\/\/www.trueiconicdesign.com\/it\/fenice-nera-amuleto-rinascita-parete\/#primaryimage"},"thumbnailUrl":"https:\/\/www.trueiconicdesign.com\/wp-content\/uploads\/2026\/08\/featured-fenice-nera-un-amuleto-di-rinascita-per-la-parete.png","articleSection":["Design"],"inLanguage":"es-ES"},{"@type":"WebPage","@id":"https:\/\/www.trueiconicdesign.com\/it\/fenice-nera-amuleto-rinascita-parete\/","url":"https:\/\/www.trueiconicdesign.com\/it\/fenice-nera-amuleto-rinascita-parete\/","name":"Fenice Nera: un amuleto di rinascita per la parete - True Iconic Design","isPartOf":{"@id":"https:\/\/www.trueiconicdesign.com\/en\/#website"},"primaryImageOfPage":{"@id":"https:\/\/www.trueiconicdesign.com\/it\/fenice-nera-amuleto-rinascita-parete\/#primaryimage"},"image":{"@id":"https:\/\/www.trueiconicdesign.com\/it\/fenice-nera-amuleto-rinascita-parete\/#primaryimage"},"thumbnailUrl":"https:\/\/www.trueiconicdesign.com\/wp-content\/uploads\/2026\/08\/featured-fenice-nera-un-amuleto-di-rinascita-per-la-parete.png","datePublished":"2026-08-31T09:29:29+00:00","description":"Descubre el F\u00e9nix Negro: un amuleto de renacimiento en PLA para la pared. Gu\u00eda para la colocaci\u00f3n ideal en casa y oficina para transformar el espacio.","breadcrumb":{"@id":"https:\/\/www.trueiconicdesign.com\/it\/fenice-nera-amuleto-rinascita-parete\/#breadcrumb"},"inLanguage":"es-ES","potentialAction":[{"@type":"ReadAction","target":["https:\/\/www.trueiconicdesign.com\/it\/fenice-nera-amuleto-rinascita-parete\/"]}]},{"@type":"ImageObject","inLanguage":"es-ES","@id":"https:\/\/www.trueiconicdesign.com\/it\/fenice-nera-amuleto-rinascita-parete\/#primaryimage","url":"https:\/\/www.trueiconicdesign.com\/wp-content\/uploads\/2026\/08\/featured-fenice-nera-un-amuleto-di-rinascita-per-la-parete.png","contentUrl":"https:\/\/www.trueiconicdesign.com\/wp-content\/uploads\/2026\/08\/featured-fenice-nera-un-amuleto-di-rinascita-per-la-parete.png","width":2192,"height":2192},{"@type":"BreadcrumbList","@id":"https:\/\/www.trueiconicdesign.com\/it\/fenice-nera-amuleto-rinascita-parete\/#breadcrumb","itemListElement":[{"@type":"ListItem","position":1,"name":"Inicio","item":"https:\/\/www.trueiconicdesign.com\/en\/"},{"@type":"ListItem","position":2,"name":"F\u00e9nix Negro: un amuleto de renacimiento para la pared"}]},{"@type":"WebSite","@id":"https:\/\/www.trueiconicdesign.com\/en\/#website","url":"https:\/\/www.trueiconicdesign.com\/en\/","name":"Aut\u00e9ntico dise\u00f1o ic\u00f3nico","description":"dise\u00f1o de estilo simb\u00f3lico emocional","publisher":{"@id":"https:\/\/www.trueiconicdesign.com\/en\/#organization"},"alternateName":"4Additive - Blog de fabricaci\u00f3n aditiva","potentialAction":[{"@type":"SearchAction","target":{"@type":"EntryPoint","urlTemplate":"https:\/\/www.trueiconicdesign.com\/en\/?s={search_term_string}"},"query-input":{"@type":"PropertyValueSpecification","valueRequired":true,"valueName":"search_term_string"}}],"inLanguage":"es-ES"},{"@type":"Organization","@id":"https:\/\/www.trueiconicdesign.com\/en\/#organization","name":"Dise\u00f1o Simb\u00f3lico Emocional","alternateName":"4Additive","url":"https:\/\/www.trueiconicdesign.com\/en\/","logo":{"@type":"ImageObject","inLanguage":"es-ES","@id":"https:\/\/wordpress.m.3dbooster.com\/it\/#\/schema\/logo\/image\/","url":"https:\/\/www.trueiconicdesign.com\/wp-content\/uploads\/2026\/07\/trueiconicdesign-logo.svg","contentUrl":"https:\/\/www.trueiconicdesign.com\/wp-content\/uploads\/2026\/07\/trueiconicdesign-logo.svg","caption":"Dise\u00f1o Simb\u00f3lico Emocional"},"image":{"@id":"https:\/\/wordpress.m.3dbooster.com\/it\/#\/schema\/logo\/image\/"},"sameAs":["https:\/\/trueiconicdesign.etsy.com\/"]},{"@type":"Person","@id":"https:\/\/wordpress.m.3dbooster.com\/it\/#\/schema\/person\/5a1c00cc9c7362ff5de0d9bea94fec08","name":"sincronizaci\u00f3n"}]}},"_links":{"self":[{"href":"https:\/\/www.trueiconicdesign.com\/es\/wp-json\/wp\/v2\/posts\/810","targetHints":{"allow":["GET"]}}],"collection":[{"href":"https:\/\/www.trueiconicdesign.com\/es\/wp-json\/wp\/v2\/posts"}],"about":[{"href":"https:\/\/www.trueiconicdesign.com\/es\/wp-json\/wp\/v2\/types\/post"}],"author":[{"embeddable":true,"href":"https:\/\/www.trueiconicdesign.com\/es\/wp-json\/wp\/v2\/users\/3"}],"replies":[{"embeddable":true,"href":"https:\/\/www.trueiconicdesign.com\/es\/wp-json\/wp\/v2\/comments?post=810"}],"version-history":[{"count":1,"href":"https:\/\/www.trueiconicdesign.com\/es\/wp-json\/wp\/v2\/posts\/810\/revisions"}],"predecessor-version":[{"id":812,"href":"https:\/\/www.trueiconicdesign.com\/es\/wp-json\/wp\/v2\/posts\/810\/revisions\/812"}],"wp:featuredmedia":[{"embeddable":true,"href":"https:\/\/www.trueiconicdesign.com\/es\/wp-json\/wp\/v2\/media\/811"}],"wp:attachment":[{"href":"https:\/\/www.trueiconicdesign.com\/es\/wp-json\/wp\/v2\/media?parent=810"}],"wp:term":[{"taxonomy":"category","embeddable":true,"href":"https:\/\/www.trueiconicdesign.com\/es\/wp-json\/wp\/v2\/categories?post=810"},{"taxonomy":"post_tag","embeddable":true,"href":"https:\/\/www.trueiconicdesign.com\/es\/wp-json\/wp\/v2\/tags?post=810"},{"taxonomy":"foradditive_tecnologie","embeddable":true,"href":"https:\/\/www.trueiconicdesign.com\/es\/wp-json\/wp\/v2\/foradditive_tecnologie?post=810"},{"taxonomy":"foradditive_materiali","embeddable":true,"href":"https:\/\/www.trueiconicdesign.com\/es\/wp-json\/wp\/v2\/foradditive_materiali?post=810"},{"taxonomy":"foradditive_applicazioni","embeddable":true,"href":"https:\/\/www.trueiconicdesign.com\/es\/wp-json\/wp\/v2\/foradditive_applicazioni?post=810"},{"taxonomy":"foradditive_case_studies","embeddable":true,"href":"https:\/\/www.trueiconicdesign.com\/es\/wp-json\/wp\/v2\/foradditive_case_studies?post=810"},{"taxonomy":"foradditive_settori_industriali","embeddable":true,"href":"https:\/\/www.trueiconicdesign.com\/es\/wp-json\/wp\/v2\/foradditive_settori_industriali?post=810"}],"curies":[{"name":"wp","href":"https:\/\/api.w.org\/{rel}","templated":true}]}}