{"id":803,"date":"2026-08-26T08:50:41","date_gmt":"2026-08-26T06:50:41","guid":{"rendered":"https:\/\/www.trueiconicdesign.com\/it\/?p=803"},"modified":"2026-08-26T08:50:41","modified_gmt":"2026-08-26T06:50:41","slug":"rame-scanalato-verticalita-scolpisce-luce","status":"publish","type":"post","link":"https:\/\/www.trueiconicdesign.com\/es\/rame-scanalato-verticalita-scolpisce-luce\/","title":{"rendered":"Cobre acanalado: la verticalidad que esculpe la luz"},"content":{"rendered":"<h2>La Eternidad del Cobre: Cuando la Luz Esculpe el Silencio<\/h2>\n<p>La luz no atraviesa simplemente un espacio: lo habita. Cuando encuentra una superficie acanalada por el calor del cobre, se fragmenta en reflejos que calientan el ambiente con una presencia silenciosa. Es en este di\u00e1logo entre materia y luminosidad donde nace el valor de un objeto vertical, capaz de hacer visible el rinc\u00f3n m\u00e1s olvidado de la casa.<\/p>\n<p>El cobre no es solo un color: es una promesa de calor dom\u00e9stico, un eco de tradiciones que se funden con la limpieza formal del dise\u00f1o contempor\u00e1neo. Las acanaladuras verticales no son simples decoraciones, sino arquitecturas en miniatura que capturan y liberan la luz en un ritmo continuo, creando una atm\u00f3sfera que cambia con el paso de las horas.<\/p>\n<h3>El Lenguaje Vertical de la Materia<\/h3>\n<p><em>Las superficies acanaladas crean un di\u00e1logo entre luz y sombra que transforma la est\u00e1tica en movimiento, ofreciendo profundidad visual a los ambientes minimalistas.<\/em><\/p>\n<p>La verticalidad es un lenguaje arquitect\u00f3nico poderoso. Eleva la mirada hacia arriba, interrumpe la horizontalidad dominante de los muebles bajos, crea respiro en los espacios comprimidos. Cuando esta verticalidad se viste de una textura estriada, el juego se vuelve m\u00e1s complejo: cada nervadura se convierte en una peque\u00f1a quinta teatral donde la luz dibuja sombras alargadas.<\/p>\n<p>El cobre met\u00e1lico amplifica este efecto. Su tonalidad c\u00e1lida \u2013 suspendida entre el rojo ladrillo y el bronce antiguo \u2013 captura incluso la m\u00e1s t\u00edmida fuente de luz y la devuelve multiplicada, difusa, suavizada por el acabado mate con reflejos met\u00e1licos en las crestas de las acanaladuras.<\/p>\n<div class=\"article-box article-box--highlight\">\n<strong>Por qu\u00e9 funcionan las acanaladuras verticales<\/strong><\/p>\n<ul>\n<li>Crean ritmo visual que gu\u00eda la mirada hacia arriba<\/li>\n<li>Capturan la luz lateral y la transforman en juegos de sombra din\u00e1micos<\/li>\n<li>A\u00f1aden profundidad t\u00e1ctil incluso a distancia<\/li>\n<li>Rompen la monoton\u00eda de las superficies lisas t\u00edpicas del minimalismo<\/li>\n<\/ul>\n<\/div>\n<h3>Flores Secas: Belleza Suspendida en el Tiempo<\/h3>\n<p><em>Las flores secas no son nostalgia del pasado, sino celebraci\u00f3n de una belleza que se sustrae al ciclo del deterioro, convirti\u00e9ndose en s\u00edmbolo de eternidad dom\u00e9stica.<\/em><\/p>\n<p>Hay algo profundamente reconfortante en la presencia de vegetaci\u00f3n seca. Las pampas, con sus plumas a\u00e9reas, parecen capturar la luz como lo hacen las estr\u00edas del metal: la retienen, la difunden, la hacen parte de la composici\u00f3n. No piden cuidados diarios, no se marchitan, no traicionan. Permanecen, fieles testigos de una elecci\u00f3n est\u00e9tica que privilegia la duraci\u00f3n sobre la fugacidad.<\/p>\n<p>El <a href=\"https:\/\/www.trueiconicdesign.com\/es\/product\/vaso-effetto-rame-metallico-scanalato-svasato-18cm-per-fiori-secchi-e-pampas\/\">jarr\u00f3n acanalado efecto cobre de 18 cm<\/a> se convierte en el anclaje vertical perfecto para estas composiciones et\u00e9reas. Su altura de 18 cm y el di\u00e1metro contenido de 6,5 cm ofrecen el soporte estructural ideal para dar impulso a uno o pocos tallos, maximizando el efecto escult\u00f3rico sin recargar la vista.<\/p>\n<p>El materiale PLA con acabado efecto cobre crea un puente entre la precisi\u00f3n contempor\u00e1nea y el calor material. La superficie de rayas verticales dialoga con la textura natural de las pampas, creando una armon\u00eda de l\u00edneas que se persiguen sin superponerse.<\/p>\n<h3>Ubicaci\u00f3n y Di\u00e1logos Crom\u00e1ticos<\/h3>\n<p><em>El posicionamiento estrat\u00e9gico transforma un simple jarr\u00f3n en un catalizador de atm\u00f3sfera, capaz de modificar la percepci\u00f3n t\u00e9rmica y luminosa de una habitaci\u00f3n entera.<\/em><\/p>\n<p>La consola de entrada es el primer teatro de este encuentro entre luz y materia. Colocado frente a una ventana o bajo una fuente de luz indirecta, el <a href=\"https:\/\/www.trueiconicdesign.com\/es\/product\/vaso-effetto-rame-metallico-scanalato-svasato-18cm-per-fiori-secchi-e-pampas\/\">jarr\u00f3n cil\u00edndrico alto de estilo contempor\u00e1neo<\/a> captura los rayos y los transforma en una acogida simb\u00f3lica para quien entra. Un solo tallo de pampas se convierte en un gesto de bienvenida silencioso pero elocuente.<\/p>\n<p>Sobre la mesita de noche en el dormitorio, el mismo objeto asume un papel diferente: punto focal luminoso en un rinc\u00f3n de sombra, presencia tranquilizadora que acompa\u00f1a el despertar con sus reflejos c\u00e1lidos. El tono cobre dialoga naturalmente con tejidos de lino crudo, madera natural clara como el abedul o el haya, cer\u00e1mica esmaltada blanca que realza por contraste la<\/p>","protected":false},"excerpt":{"rendered":"<p>Las ranuras verticales de una superficie de cobre met\u00e1lico capturan la luz y la transforman en juegos de sombras din\u00e1micos, a\u00f1adiendo profundidad t\u00e1ctil a los ambientes minimalistas y elevando la mirada hacia arriba con un ritmo visual c\u00e1lido y silencioso.<\/p>","protected":false},"author":3,"featured_media":804,"comment_status":"closed","ping_status":"","sticky":false,"template":"","format":"standard","meta":{"foradditive_qa_html":"<section class=\"foradditive-faq\"><div class=\"foradditive-faq-item\"><h3>Qual \u00e8 l&#x27;effetto delle scanalature verticali sul rame?<\/h3><p>Le scanalature verticali creano un dialogo tra luce e ombra che trasforma la staticit\u00e0 in movimento, offrendo profondit\u00e0 visiva. Ogni costola agisce come una quinta teatrale dove la luce disegna ombre allungate e dinamiche.<\/p><\/div><div class=\"foradditive-faq-item\"><h3>Perch\u00e9 il rame \u00e8 ideale per illuminare gli ambienti?<\/h3><p>Il rame metallico amplifica l&#x27;effetto luminoso grazie alla sua tonalit\u00e0 calda, sospesa tra rosso mattone e bronzo antico. Cattura anche le fonti luminose pi\u00f9 timide e le restituisce moltiplicate e diffuse.<\/p><\/div><div class=\"foradditive-faq-item\"><h3>Quali vantaggi offrono le superfici scanalate nel minimalismo?<\/h3><p>Le superfici scanalate rompono la monotonia delle superfici lisce tipiche del minimalismo aggiungendo profondit\u00e0 tattile. Creano inoltre un ritmo visivo che guida lo sguardo verso l&#x27;alto, slanciando la percezione dello spazio.<\/p><\/div><div class=\"foradditive-faq-item\"><h3>Perch\u00e9 i fiori secchi sono adatti a questi vasi?<\/h3><p>I fiori essiccati celebrano una bellezza che si sottrae al deperimento, diventando simbolo di eternit\u00e0 domestica senza richiedere cure quotidiane. Le loro forme aeree, come le pampas, trattengono e diffondono la luce similmente alle scanalature del metallo.<\/p><\/div><div class=\"foradditive-faq-item\"><h3>Quali sono le dimensioni del vaso in rame citato?<\/h3><p>Il vaso scanalato effetto rame descritto ha un&#x27;altezza di 18 cm e un diametro contenuto di 6,5 cm. Queste misure offrono il supporto strutturale ideale per dare slancio a composizioni di fiori secchi.<\/p><\/div><\/section>","foradditive_qa_html_en":"<section class=\"foradditive-faq\"><div class=\"foradditive-faq-item\"><h3>What is the effect of vertical grooves on copper?<\/h3><p>The vertical grooves create a dialogue between light and shadow that transforms stillness into movement, offering visual depth. Each rib acts as a theatrical backdrop where light draws elongated, dynamic shadows.<\/p><\/div><div class=\"foradditive-faq-item\"><h3>Why is copper ideal for illuminating spaces?<\/h3><p>Metallic copper amplifies the luminous effect thanks to its warm hue, suspended between brick red and antique bronze. It captures even the shyest light sources and returns them multiplied and diffused.<\/p><\/div><div class=\"foradditive-faq-item\"><h3>What advantages do grooved surfaces offer in minimalism?<\/h3><p>Grooved surfaces break the monotony of smooth finishes typical of minimalism by adding tactile depth. They also create a visual rhythm that guides the eye upward, enhancing the perception of space.<\/p><\/div><div class=\"foradditive-faq-item\"><h3>Why are dried flowers suitable for these vases?<\/h3><p>Dried flowers celebrate a beauty that escapes decay, becoming a symbol of domestic eternity without requiring daily care. Their airy forms, like pampas grass, trap and diffuse light similarly to the metal&#x27;s grooves.<\/p><\/div><div class=\"foradditive-faq-item\"><h3>What are the dimensions of the mentioned copper vase?<\/h3><p>The described grooved copper-effect vase has a height of 18 cm and a compact diameter of 6.5 cm. These dimensions provide the ideal structural support to give lift to dried flower arrangements.<\/p><\/div><\/section>","foradditive_qa_html_fr":"<section class=\"foradditive-faq\"><div class=\"foradditive-faq-item\"><h3>Quel est l&#x27;effet des rainures verticales sur le cuivre ?<\/h3><p>Les rainures verticales cr\u00e9ent un dialogue entre lumi\u00e8re et ombre qui transforme la staticit\u00e9 en mouvement, offrant une profondeur visuelle. Chaque nervure agit comme un d\u00e9cor de th\u00e9\u00e2tre o\u00f9 la lumi\u00e8re dessine des ombres allong\u00e9es et dynamiques.<\/p><\/div><div class=\"foradditive-faq-item\"><h3>Pourquoi le cuivre est-il id\u00e9al pour \u00e9clairer les espaces ?<\/h3><p>Le cuivre m\u00e9tallique amplifie l&#x27;effet lumineux gr\u00e2ce \u00e0 sa teinte chaude, suspendue entre le rouge brique et le bronze ancien. Il capte m\u00eame les sources lumineuses les plus timides et les restitue multipli\u00e9es et diffus\u00e9es.<\/p><\/div><div class=\"foradditive-faq-item\"><h3>Quels avantages les surfaces rainur\u00e9es offrent-elles dans le minimalisme ?<\/h3><p>Les surfaces rainur\u00e9es brisent la monotonie des surfaces lisses typiques du minimalisme en ajoutant une profondeur tactile. Elles cr\u00e9ent \u00e9galement un rythme visuel qui guide le regard vers le haut, \u00e9lancant la perception de l&#x27;espace.<\/p><\/div><div class=\"foradditive-faq-item\"><h3>Pourquoi les fleurs s\u00e9ch\u00e9es conviennent-elles \u00e0 ces vases ?<\/h3><p>Les fleurs s\u00e9ch\u00e9es c\u00e9l\u00e8brent une beaut\u00e9 qui \u00e9chappe au d\u00e9p\u00e9rissement, devenant symbole d&#x27;\u00e9ternit\u00e9 domestique sans n\u00e9cessiter de soins quotidiens. Leurs formes a\u00e9riennes, comme les pampas, retiennent et diffusent la lumi\u00e8re similairement aux rainures du m\u00e9tal.<\/p><\/div><div class=\"foradditive-faq-item\"><h3>Quelles sont les dimensions du vase en cuivre cit\u00e9 ?<\/h3><p>Le vase rainur\u00e9 effet cuivre d\u00e9crit mesure 18 cm de hauteur et un diam\u00e8tre contenu de 6,5 cm. Ces dimensions offrent le support structurel id\u00e9al pour \u00e9lancer des compositions de fleurs s\u00e9ch\u00e9es.<\/p><\/div><\/section>","foradditive_qa_html_de":"<section class=\"foradditive-faq\"><div class=\"foradditive-faq-item\"><h3>Welche Wirkung haben die vertikalen Rillen auf das Kupfer?<\/h3><p>Die vertikalen Rillen schaffen einen Dialog zwischen Licht und Schatten, der die Statik in Bewegung verwandelt und visuelle Tiefe bietet. Jede Rippe wirkt wie eine Theaterkulisse, auf der das Licht lange, dynamische Schatten zeichnet.<\/p><\/div><div class=\"foradditive-faq-item\"><h3>Warum ist Kupfer ideal zur Beleuchtung von R\u00e4umen?<\/h3><p>Das metallische Kupfer verst\u00e4rkt den Lichteffekt dank seines warmen Tons, der zwischen Ziegelrot und antiker Bronze schwebt. Es f\u00e4ngt selbst die sch\u00fcchternsten Lichtquellen ein und gibt sie vervielfacht und diffus wieder.<\/p><\/div><div class=\"foradditive-faq-item\"><h3>Welche Vorteile bieten geriffelte Oberfl\u00e4chen im Minimalismus?<\/h3><p>Geriffelte Oberfl\u00e4chen durchbrechen die Monotonie glatter Fl\u00e4chen, die f\u00fcr den Minimalismus typisch sind, und f\u00fcgen haptische Tiefe hinzu. Zudem erzeugen sie einen visuellen Rhythmus, der den Blick nach oben f\u00fchrt und die Raumwahrnehmung streckt.<\/p><\/div><div class=\"foradditive-faq-item\"><h3>Warum eignen sich getrocknete Blumen f\u00fcr diese Vasen?<\/h3><p>Getrocknete Blumen zelebrieren eine Sch\u00f6nheit, die dem Verfall entflieht, und werden zum Symbol h\u00e4uslicher Ewigkeit ohne t\u00e4glichen Pflegeaufwand. Ihre luftigen Formen, wie bei Pampasgras, halten Licht \u00e4hnlich den Metallrillen fest und verteilen es.<\/p><\/div><div class=\"foradditive-faq-item\"><h3>Welche Abmessungen hat die genannte Kupfervase mit Rillen?<\/h3><p>Die beschriebene geriffelte Vase mit Kupfereffekt hat eine H\u00f6he von 18 cm und einen schlanken Durchmesser von 6,5 cm. Diese Ma\u00dfe bieten die ideale strukturelle Unterst\u00fctzung, um Arrangements aus getrockneten Blumen Schwung zu verleihen.<\/p><\/div><\/section>","foradditive_qa_html_es":"<section class=\"foradditive-faq\"><div class=\"foradditive-faq-item\"><h3>\u00bfCu\u00e1l es el efecto de las estr\u00edas verticales en el cobre?<\/h3><p>Las estr\u00edas verticales crean un di\u00e1logo entre luz y sombra que transforma la staticidad en movimiento, ofreciendo profundidad visual. Cada nervadura act\u00faa como un tel\u00f3n de teatro donde la luz dibuja sombras alargadas y din\u00e1micas.<\/p><\/div><div class=\"foradditive-faq-item\"><h3>\u00bfPor qu\u00e9 el cobre es ideal para iluminar los ambientes?<\/h3><p>El cobre met\u00e1lico amplifica el efecto luminoso gracias a su tonalidad c\u00e1lida, suspendida entre el rojo ladrillo y el bronce antiguo. Captura incluso las fuentes de luz m\u00e1s t\u00edmidas y las devuelve multiplicadas y difusas.<\/p><\/div><div class=\"foradditive-faq-item\"><h3>\u00bfQu\u00e9 ventajas ofrecen las superficies estriadas en el minimalismo?<\/h3><p>Las superficies estriadas rompen la monoton\u00eda de las superficies lisas t\u00edpicas del minimalismo a\u00f1adiendo profundidad t\u00e1ctil. Crean adem\u00e1s un ritmo visual que gu\u00eda la mirada hacia arriba, elevando la percepci\u00f3n del espacio.<\/p><\/div><div class=\"foradditive-faq-item\"><h3>\u00bfPor qu\u00e9 las flores secas son adecuadas para estos jarrones?<\/h3><p>Las flores secas celebran una belleza que se sustrae al deterioro, convirti\u00e9ndose en s\u00edmbolo de eternidad dom\u00e9stica sin requerir cuidados diarios. Sus formas a\u00e9reas, como las pampas, retienen y difunden la luz de manera similar a las estr\u00edas del metal.<\/p><\/div><div class=\"foradditive-faq-item\"><h3>\u00bfCu\u00e1les son las dimensiones del jarr\u00f3n de cobre mencionado?<\/h3><p>El jarr\u00f3n estriado con efecto cobre descrito tiene una altura de 18 cm y un di\u00e1metro contenido de 6,5 cm. Estas medidas ofrecen el soporte estructural ideal para dar impulso a composiciones de flores secas.<\/p><\/div><\/section>","foradditive_qa_jsonld":"{\"@context\":\"https:\/\/schema.org\",\"@type\":\"FAQPage\",\"inLanguage\":\"it\",\"mainEntity\":[{\"@type\":\"Question\",\"name\":\"Qual \u00e8 l'effetto delle scanalature verticali sul rame?\",\"acceptedAnswer\":{\"@type\":\"Answer\",\"text\":\"Le scanalature verticali creano un dialogo tra luce e ombra che trasforma la staticit\u00e0 in movimento, offrendo profondit\u00e0 visiva. Ogni costola agisce come una quinta teatrale dove la luce disegna ombre allungate e dinamiche.\"}},{\"@type\":\"Question\",\"name\":\"Perch\u00e9 il rame \u00e8 ideale per illuminare gli ambienti?\",\"acceptedAnswer\":{\"@type\":\"Answer\",\"text\":\"Il rame metallico amplifica l'effetto luminoso grazie alla sua tonalit\u00e0 calda, sospesa tra rosso mattone e bronzo antico. Cattura anche le fonti luminose pi\u00f9 timide e le restituisce moltiplicate e diffuse.\"}},{\"@type\":\"Question\",\"name\":\"Quali vantaggi offrono le superfici scanalate nel minimalismo?\",\"acceptedAnswer\":{\"@type\":\"Answer\",\"text\":\"Le superfici scanalate rompono la monotonia delle superfici lisce tipiche del minimalismo aggiungendo profondit\u00e0 tattile. Creano inoltre un ritmo visivo che guida lo sguardo verso l'alto, slanciando la percezione dello spazio.\"}},{\"@type\":\"Question\",\"name\":\"Perch\u00e9 i fiori secchi sono adatti a questi vasi?\",\"acceptedAnswer\":{\"@type\":\"Answer\",\"text\":\"I fiori essiccati celebrano una bellezza che si sottrae al deperimento, diventando simbolo di eternit\u00e0 domestica senza richiedere cure quotidiane. Le loro forme aeree, come le pampas, trattengono e diffondono la luce similmente alle scanalature del metallo.\"}},{\"@type\":\"Question\",\"name\":\"Quali sono le dimensioni del vaso in rame citato?\",\"acceptedAnswer\":{\"@type\":\"Answer\",\"text\":\"Il vaso scanalato effetto rame descritto ha un'altezza di 18 cm e un diametro contenuto di 6,5 cm. Queste misure offrono il supporto strutturale ideale per dare slancio a composizioni di fiori secchi.\"}}]}","foradditive_qa_jsonld_en":"{\"@context\":\"https:\/\/schema.org\",\"@type\":\"FAQPage\",\"inLanguage\":\"en\",\"mainEntity\":[{\"@type\":\"Question\",\"name\":\"What is the effect of vertical grooves on copper?\",\"acceptedAnswer\":{\"@type\":\"Answer\",\"text\":\"The vertical grooves create a dialogue between light and shadow that transforms stillness into movement, offering visual depth. Each rib acts as a theatrical backdrop where light draws elongated, dynamic shadows.\"}},{\"@type\":\"Question\",\"name\":\"Why is copper ideal for illuminating spaces?\",\"acceptedAnswer\":{\"@type\":\"Answer\",\"text\":\"Metallic copper amplifies the luminous effect thanks to its warm hue, suspended between brick red and antique bronze. It captures even the shyest light sources and returns them multiplied and diffused.\"}},{\"@type\":\"Question\",\"name\":\"What advantages do grooved surfaces offer in minimalism?\",\"acceptedAnswer\":{\"@type\":\"Answer\",\"text\":\"Grooved surfaces break the monotony of smooth finishes typical of minimalism by adding tactile depth. They also create a visual rhythm that guides the eye upward, enhancing the perception of space.\"}},{\"@type\":\"Question\",\"name\":\"Why are dried flowers suitable for these vases?\",\"acceptedAnswer\":{\"@type\":\"Answer\",\"text\":\"Dried flowers celebrate a beauty that escapes decay, becoming a symbol of domestic eternity without requiring daily care. Their airy forms, like pampas grass, trap and diffuse light similarly to the metal's grooves.\"}},{\"@type\":\"Question\",\"name\":\"What are the dimensions of the mentioned copper vase?\",\"acceptedAnswer\":{\"@type\":\"Answer\",\"text\":\"The described grooved copper-effect vase has a height of 18 cm and a compact diameter of 6.5 cm. These dimensions provide the ideal structural support to give lift to dried flower arrangements.\"}}]}","foradditive_qa_jsonld_fr":"{\"@context\":\"https:\/\/schema.org\",\"@type\":\"FAQPage\",\"inLanguage\":\"fr\",\"mainEntity\":[{\"@type\":\"Question\",\"name\":\"Quel est l'effet des rainures verticales sur le cuivre ?\",\"acceptedAnswer\":{\"@type\":\"Answer\",\"text\":\"Les rainures verticales cr\u00e9ent un dialogue entre lumi\u00e8re et ombre qui transforme la staticit\u00e9 en mouvement, offrant une profondeur visuelle. Chaque nervure agit comme un d\u00e9cor de th\u00e9\u00e2tre o\u00f9 la lumi\u00e8re dessine des ombres allong\u00e9es et dynamiques.\"}},{\"@type\":\"Question\",\"name\":\"Pourquoi le cuivre est-il id\u00e9al pour \u00e9clairer les espaces ?\",\"acceptedAnswer\":{\"@type\":\"Answer\",\"text\":\"Le cuivre m\u00e9tallique amplifie l'effet lumineux gr\u00e2ce \u00e0 sa teinte chaude, suspendue entre le rouge brique et le bronze ancien. Il capte m\u00eame les sources lumineuses les plus timides et les restitue multipli\u00e9es et diffus\u00e9es.\"}},{\"@type\":\"Question\",\"name\":\"Quels avantages les surfaces rainur\u00e9es offrent-elles dans le minimalisme ?\",\"acceptedAnswer\":{\"@type\":\"Answer\",\"text\":\"Les surfaces rainur\u00e9es brisent la monotonie des surfaces lisses typiques du minimalisme en ajoutant une profondeur tactile. Elles cr\u00e9ent \u00e9galement un rythme visuel qui guide le regard vers le haut, \u00e9lancant la perception de l'espace.\"}},{\"@type\":\"Question\",\"name\":\"Pourquoi les fleurs s\u00e9ch\u00e9es conviennent-elles \u00e0 ces vases ?\",\"acceptedAnswer\":{\"@type\":\"Answer\",\"text\":\"Les fleurs s\u00e9ch\u00e9es c\u00e9l\u00e8brent une beaut\u00e9 qui \u00e9chappe au d\u00e9p\u00e9rissement, devenant symbole d'\u00e9ternit\u00e9 domestique sans n\u00e9cessiter de soins quotidiens. Leurs formes a\u00e9riennes, comme les pampas, retiennent et diffusent la lumi\u00e8re similairement aux rainures du m\u00e9tal.\"}},{\"@type\":\"Question\",\"name\":\"Quelles sont les dimensions du vase en cuivre cit\u00e9 ?\",\"acceptedAnswer\":{\"@type\":\"Answer\",\"text\":\"Le vase rainur\u00e9 effet cuivre d\u00e9crit mesure 18 cm de hauteur et un diam\u00e8tre contenu de 6,5 cm. Ces dimensions offrent le support structurel id\u00e9al pour \u00e9lancer des compositions de fleurs s\u00e9ch\u00e9es.\"}}]}","foradditive_qa_jsonld_de":"{\"@context\":\"https:\/\/schema.org\",\"@type\":\"FAQPage\",\"inLanguage\":\"de\",\"mainEntity\":[{\"@type\":\"Question\",\"name\":\"Welche Wirkung haben die vertikalen Rillen auf das Kupfer?\",\"acceptedAnswer\":{\"@type\":\"Answer\",\"text\":\"Die vertikalen Rillen schaffen einen Dialog zwischen Licht und Schatten, der die Statik in Bewegung verwandelt und visuelle Tiefe bietet. Jede Rippe wirkt wie eine Theaterkulisse, auf der das Licht lange, dynamische Schatten zeichnet.\"}},{\"@type\":\"Question\",\"name\":\"Warum ist Kupfer ideal zur Beleuchtung von R\u00e4umen?\",\"acceptedAnswer\":{\"@type\":\"Answer\",\"text\":\"Das metallische Kupfer verst\u00e4rkt den Lichteffekt dank seines warmen Tons, der zwischen Ziegelrot und antiker Bronze schwebt. Es f\u00e4ngt selbst die sch\u00fcchternsten Lichtquellen ein und gibt sie vervielfacht und diffus wieder.\"}},{\"@type\":\"Question\",\"name\":\"Welche Vorteile bieten geriffelte Oberfl\u00e4chen im Minimalismus?\",\"acceptedAnswer\":{\"@type\":\"Answer\",\"text\":\"Geriffelte Oberfl\u00e4chen durchbrechen die Monotonie glatter Fl\u00e4chen, die f\u00fcr den Minimalismus typisch sind, und f\u00fcgen haptische Tiefe hinzu. Zudem erzeugen sie einen visuellen Rhythmus, der den Blick nach oben f\u00fchrt und die Raumwahrnehmung streckt.\"}},{\"@type\":\"Question\",\"name\":\"Warum eignen sich getrocknete Blumen f\u00fcr diese Vasen?\",\"acceptedAnswer\":{\"@type\":\"Answer\",\"text\":\"Getrocknete Blumen zelebrieren eine Sch\u00f6nheit, die dem Verfall entflieht, und werden zum Symbol h\u00e4uslicher Ewigkeit ohne t\u00e4glichen Pflegeaufwand. Ihre luftigen Formen, wie bei Pampasgras, halten Licht \u00e4hnlich den Metallrillen fest und verteilen es.\"}},{\"@type\":\"Question\",\"name\":\"Welche Abmessungen hat die genannte Kupfervase mit Rillen?\",\"acceptedAnswer\":{\"@type\":\"Answer\",\"text\":\"Die beschriebene geriffelte Vase mit Kupfereffekt hat eine H\u00f6he von 18 cm und einen schlanken Durchmesser von 6,5 cm. Diese Ma\u00dfe bieten die ideale strukturelle Unterst\u00fctzung, um Arrangements aus getrockneten Blumen Schwung zu verleihen.\"}}]}","foradditive_qa_jsonld_es":"{\"@context\":\"https:\/\/schema.org\",\"@type\":\"FAQPage\",\"inLanguage\":\"es\",\"mainEntity\":[{\"@type\":\"Question\",\"name\":\"\u00bfCu\u00e1l es el efecto de las estr\u00edas verticales en el cobre?\",\"acceptedAnswer\":{\"@type\":\"Answer\",\"text\":\"Las estr\u00edas verticales crean un di\u00e1logo entre luz y sombra que transforma la staticidad en movimiento, ofreciendo profundidad visual. Cada nervadura act\u00faa como un tel\u00f3n de teatro donde la luz dibuja sombras alargadas y din\u00e1micas.\"}},{\"@type\":\"Question\",\"name\":\"\u00bfPor qu\u00e9 el cobre es ideal para iluminar los ambientes?\",\"acceptedAnswer\":{\"@type\":\"Answer\",\"text\":\"El cobre met\u00e1lico amplifica el efecto luminoso gracias a su tonalidad c\u00e1lida, suspendida entre el rojo ladrillo y el bronce antiguo. Captura incluso las fuentes de luz m\u00e1s t\u00edmidas y las devuelve multiplicadas y difusas.\"}},{\"@type\":\"Question\",\"name\":\"\u00bfQu\u00e9 ventajas ofrecen las superficies estriadas en el minimalismo?\",\"acceptedAnswer\":{\"@type\":\"Answer\",\"text\":\"Las superficies estriadas rompen la monoton\u00eda de las superficies lisas t\u00edpicas del minimalismo a\u00f1adiendo profundidad t\u00e1ctil. Crean adem\u00e1s un ritmo visual que gu\u00eda la mirada hacia arriba, elevando la percepci\u00f3n del espacio.\"}},{\"@type\":\"Question\",\"name\":\"\u00bfPor qu\u00e9 las flores secas son adecuadas para estos jarrones?\",\"acceptedAnswer\":{\"@type\":\"Answer\",\"text\":\"Las flores secas celebran una belleza que se sustrae al deterioro, convirti\u00e9ndose en s\u00edmbolo de eternidad dom\u00e9stica sin requerir cuidados diarios. Sus formas a\u00e9reas, como las pampas, retienen y difunden la luz de manera similar a las estr\u00edas del metal.\"}},{\"@type\":\"Question\",\"name\":\"\u00bfCu\u00e1les son las dimensiones del jarr\u00f3n de cobre mencionado?\",\"acceptedAnswer\":{\"@type\":\"Answer\",\"text\":\"El jarr\u00f3n estriado con efecto cobre descrito tiene una altura de 18 cm y un di\u00e1metro contenido de 6,5 cm. Estas medidas ofrecen el soporte estructural ideal para dar impulso a composiciones de flores secas.\"}}]}","foradditive_slug_en":"fluted-copper-verticality-sculpts-light","foradditive_slug_fr":"rame-cannele-verticalite-sculpte-lumiere","foradditive_slug_de":"geripptes-kupfer-vertikalitaet-meisselt-licht","foradditive_slug_es":"rame-estriado-verticalidad-esculpe-luz","foradditive_audio_summary_it":0,"foradditive_audio_summary_en":0,"foradditive_audio_summary_fr":0,"foradditive_audio_summary_de":0,"foradditive_audio_summary_es":0,"footnotes":""},"categories":[33],"tags":[],"foradditive_tecnologie":[],"foradditive_materiali":[],"foradditive_applicazioni":[],"foradditive_case_studies":[],"foradditive_settori_industriali":[],"class_list":["post-803","post","type-post","status-publish","format-standard","has-post-thumbnail","hentry","category-design"],"yoast_head":"<!-- This site is optimized with the Yoast SEO plugin v28.3 - https:\/\/yoast.com\/product\/yoast-seo-wordpress\/ -->\n<title>Rame scanalato: la verticalit\u00e0 che scolpisce la luce - True Iconic Design<\/title>\n<meta name=\"description\" content=\"Descubre c\u00f3mo el cobre acanalado esculpe la luz y realza los ambientes. Une verticalidad, calor y dise\u00f1o contempor\u00e1neo para una atm\u00f3sfera \u00fanica.\" \/>\n<meta name=\"robots\" content=\"index, follow, max-snippet:-1, max-image-preview:large, max-video-preview:-1\" \/>\n<link rel=\"canonical\" href=\"https:\/\/www.trueiconicdesign.com\/es\/rame-estriado-verticalidad-esculpe-luz\/\" \/>\n<meta property=\"og:locale\" content=\"es_ES\" \/>\n<meta property=\"og:type\" content=\"article\" \/>\n<meta property=\"og:title\" content=\"Rame scanalato: la verticalit\u00e0 che scolpisce la luce - True Iconic Design\" \/>\n<meta property=\"og:description\" content=\"Descubre c\u00f3mo el cobre acanalado esculpe la luz y realza los ambientes. Une verticalidad, calor y dise\u00f1o contempor\u00e1neo para una atm\u00f3sfera \u00fanica.\" \/>\n<meta property=\"og:url\" content=\"https:\/\/www.trueiconicdesign.com\/es\/rame-estriado-verticalidad-esculpe-luz\/\" \/>\n<meta property=\"og:site_name\" content=\"True Iconic Design\" \/>\n<meta property=\"article:published_time\" content=\"2026-08-26T06:50:41+00:00\" \/>\n<meta property=\"og:image\" content=\"https:\/\/www.trueiconicdesign.com\/wp-content\/uploads\/2026\/08\/featured-rame-scanalato-la-verticalit-che-scolpisce-la-luce-1024x1024.png\" \/>\n\t<meta property=\"og:image:width\" content=\"1024\" \/>\n\t<meta property=\"og:image:height\" content=\"1024\" \/>\n\t<meta property=\"og:image:type\" content=\"image\/png\" \/>\n<meta name=\"author\" content=\"sync\" \/>\n<meta name=\"twitter:card\" content=\"summary_large_image\" \/>\n<meta name=\"twitter:label1\" content=\"Written by\" \/>\n\t<meta name=\"twitter:data1\" content=\"sync\" \/>\n\t<meta name=\"twitter:label2\" content=\"Est. reading time\" \/>\n\t<meta name=\"twitter:data2\" content=\"3 minutes\" \/>\n<script type=\"application\/ld+json\" class=\"yoast-schema-graph\">{\"@context\":\"https:\\\/\\\/schema.org\",\"@graph\":[{\"@type\":\"Article\",\"@id\":\"https:\\\/\\\/www.trueiconicdesign.com\\\/it\\\/rame-scanalato-verticalita-scolpisce-luce\\\/#article\",\"isPartOf\":{\"@id\":\"https:\\\/\\\/www.trueiconicdesign.com\\\/it\\\/rame-scanalato-verticalita-scolpisce-luce\\\/\"},\"author\":{\"name\":\"sincronizaci\u00f3n\",\"@id\":\"https:\\\/\\\/wordpress.m.3dbooster.com\\\/it\\\/#\\\/schema\\\/person\\\/5a1c00cc9c7362ff5de0d9bea94fec08\"},\"headline\":\"Cobre acanalado: la verticalidad que esculpe la luz\",\"datePublished\":\"2026-08-26T06:50:41+00:00\",\"mainEntityOfPage\":{\"@id\":\"https:\\\/\\\/www.trueiconicdesign.com\\\/it\\\/rame-scanalato-verticalita-scolpisce-luce\\\/\"},\"wordCount\":613,\"publisher\":{\"@id\":\"https:\\\/\\\/www.trueiconicdesign.com\\\/en\\\/#organization\"},\"image\":{\"@id\":\"https:\\\/\\\/www.trueiconicdesign.com\\\/it\\\/rame-scanalato-verticalita-scolpisce-luce\\\/#primaryimage\"},\"thumbnailUrl\":\"https:\\\/\\\/www.trueiconicdesign.com\\\/wp-content\\\/uploads\\\/2026\\\/08\\\/featured-rame-scanalato-la-verticalit-che-scolpisce-la-luce.png\",\"articleSection\":[\"Design\"],\"inLanguage\":\"es-ES\"},{\"@type\":\"WebPage\",\"@id\":\"https:\\\/\\\/www.trueiconicdesign.com\\\/it\\\/rame-scanalato-verticalita-scolpisce-luce\\\/\",\"url\":\"https:\\\/\\\/www.trueiconicdesign.com\\\/it\\\/rame-scanalato-verticalita-scolpisce-luce\\\/\",\"name\":\"Rame scanalato: la verticalit\u00e0 che scolpisce la luce - True Iconic Design\",\"isPartOf\":{\"@id\":\"https:\\\/\\\/www.trueiconicdesign.com\\\/en\\\/#website\"},\"primaryImageOfPage\":{\"@id\":\"https:\\\/\\\/www.trueiconicdesign.com\\\/it\\\/rame-scanalato-verticalita-scolpisce-luce\\\/#primaryimage\"},\"image\":{\"@id\":\"https:\\\/\\\/www.trueiconicdesign.com\\\/it\\\/rame-scanalato-verticalita-scolpisce-luce\\\/#primaryimage\"},\"thumbnailUrl\":\"https:\\\/\\\/www.trueiconicdesign.com\\\/wp-content\\\/uploads\\\/2026\\\/08\\\/featured-rame-scanalato-la-verticalit-che-scolpisce-la-luce.png\",\"datePublished\":\"2026-08-26T06:50:41+00:00\",\"description\":\"Descubre c\u00f3mo el cobre acanalado esculpe la luz y realza los ambientes. Une verticalidad, calor y dise\u00f1o contempor\u00e1neo para una atm\u00f3sfera \u00fanica.\",\"breadcrumb\":{\"@id\":\"https:\\\/\\\/www.trueiconicdesign.com\\\/it\\\/rame-scanalato-verticalita-scolpisce-luce\\\/#breadcrumb\"},\"inLanguage\":\"es-ES\",\"potentialAction\":[{\"@type\":\"ReadAction\",\"target\":[\"https:\\\/\\\/www.trueiconicdesign.com\\\/it\\\/rame-scanalato-verticalita-scolpisce-luce\\\/\"]}]},{\"@type\":\"ImageObject\",\"inLanguage\":\"es-ES\",\"@id\":\"https:\\\/\\\/www.trueiconicdesign.com\\\/it\\\/rame-scanalato-verticalita-scolpisce-luce\\\/#primaryimage\",\"url\":\"https:\\\/\\\/www.trueiconicdesign.com\\\/wp-content\\\/uploads\\\/2026\\\/08\\\/featured-rame-scanalato-la-verticalit-che-scolpisce-la-luce.png\",\"contentUrl\":\"https:\\\/\\\/www.trueiconicdesign.com\\\/wp-content\\\/uploads\\\/2026\\\/08\\\/featured-rame-scanalato-la-verticalit-che-scolpisce-la-luce.png\",\"width\":2496,\"height\":2496},{\"@type\":\"BreadcrumbList\",\"@id\":\"https:\\\/\\\/www.trueiconicdesign.com\\\/it\\\/rame-scanalato-verticalita-scolpisce-luce\\\/#breadcrumb\",\"itemListElement\":[{\"@type\":\"ListItem\",\"position\":1,\"name\":\"Inicio\",\"item\":\"https:\\\/\\\/www.trueiconicdesign.com\\\/en\\\/\"},{\"@type\":\"ListItem\",\"position\":2,\"name\":\"Cobre acanalado: la verticalidad que esculpe la luz\"}]},{\"@type\":\"WebSite\",\"@id\":\"https:\\\/\\\/www.trueiconicdesign.com\\\/en\\\/#website\",\"url\":\"https:\\\/\\\/www.trueiconicdesign.com\\\/en\\\/\",\"name\":\"Aut\u00e9ntico dise\u00f1o ic\u00f3nico\",\"description\":\"dise\u00f1o de estilo simb\u00f3lico emocional\",\"publisher\":{\"@id\":\"https:\\\/\\\/www.trueiconicdesign.com\\\/en\\\/#organization\"},\"alternateName\":\"4Additive - Blog de fabricaci\u00f3n aditiva\",\"potentialAction\":[{\"@type\":\"SearchAction\",\"target\":{\"@type\":\"EntryPoint\",\"urlTemplate\":\"https:\\\/\\\/www.trueiconicdesign.com\\\/en\\\/?s={search_term_string}\"},\"query-input\":{\"@type\":\"PropertyValueSpecification\",\"valueRequired\":true,\"valueName\":\"search_term_string\"}}],\"inLanguage\":\"es-ES\"},{\"@type\":\"Organization\",\"@id\":\"https:\\\/\\\/www.trueiconicdesign.com\\\/en\\\/#organization\",\"name\":\"Dise\u00f1o Simb\u00f3lico Emocional\",\"alternateName\":\"4Additive\",\"url\":\"https:\\\/\\\/www.trueiconicdesign.com\\\/en\\\/\",\"logo\":{\"@type\":\"ImageObject\",\"inLanguage\":\"es-ES\",\"@id\":\"https:\\\/\\\/wordpress.m.3dbooster.com\\\/it\\\/#\\\/schema\\\/logo\\\/image\\\/\",\"url\":\"https:\\\/\\\/www.trueiconicdesign.com\\\/wp-content\\\/uploads\\\/2026\\\/07\\\/trueiconicdesign-logo.svg\",\"contentUrl\":\"https:\\\/\\\/www.trueiconicdesign.com\\\/wp-content\\\/uploads\\\/2026\\\/07\\\/trueiconicdesign-logo.svg\",\"caption\":\"Dise\u00f1o Simb\u00f3lico Emocional\"},\"image\":{\"@id\":\"https:\\\/\\\/wordpress.m.3dbooster.com\\\/it\\\/#\\\/schema\\\/logo\\\/image\\\/\"},\"sameAs\":[\"https:\\\/\\\/trueiconicdesign.etsy.com\\\/\"]},{\"@type\":\"Person\",\"@id\":\"https:\\\/\\\/wordpress.m.3dbooster.com\\\/it\\\/#\\\/schema\\\/person\\\/5a1c00cc9c7362ff5de0d9bea94fec08\",\"name\":\"sincronizaci\u00f3n\"}]}<\/script>\n<!-- \/ Yoast SEO plugin. -->","yoast_head_json":{"title":"Rame scanalato: la verticalit\u00e0 che scolpisce la luce - True Iconic Design","description":"Descubre c\u00f3mo el cobre acanalado esculpe la luz y realza los ambientes. Une verticalidad, calor y dise\u00f1o contempor\u00e1neo para una atm\u00f3sfera \u00fanica.","robots":{"index":"index","follow":"follow","max-snippet":"max-snippet:-1","max-image-preview":"max-image-preview:large","max-video-preview":"max-video-preview:-1"},"canonical":"https:\/\/www.trueiconicdesign.com\/es\/rame-estriado-verticalidad-esculpe-luz\/","og_locale":"es_ES","og_type":"article","og_title":"Rame scanalato: la verticalit\u00e0 che scolpisce la luce - True Iconic Design","og_description":"Descubre c\u00f3mo el cobre acanalado esculpe la luz y realza los ambientes. Une verticalidad, calor y dise\u00f1o contempor\u00e1neo para una atm\u00f3sfera \u00fanica.","og_url":"https:\/\/www.trueiconicdesign.com\/es\/rame-estriado-verticalidad-esculpe-luz\/","og_site_name":"True Iconic Design","article_published_time":"2026-08-26T06:50:41+00:00","og_image":[{"width":1024,"height":1024,"url":"https:\/\/www.trueiconicdesign.com\/wp-content\/uploads\/2026\/08\/featured-rame-scanalato-la-verticalit-che-scolpisce-la-luce-1024x1024.png","type":"image\/png"}],"author":"sync","twitter_card":"summary_large_image","twitter_misc":{"Written by":"sync","Est. reading time":"3 minutes"},"schema":{"@context":"https:\/\/schema.org","@graph":[{"@type":"Article","@id":"https:\/\/www.trueiconicdesign.com\/it\/rame-scanalato-verticalita-scolpisce-luce\/#article","isPartOf":{"@id":"https:\/\/www.trueiconicdesign.com\/it\/rame-scanalato-verticalita-scolpisce-luce\/"},"author":{"name":"sincronizaci\u00f3n","@id":"https:\/\/wordpress.m.3dbooster.com\/it\/#\/schema\/person\/5a1c00cc9c7362ff5de0d9bea94fec08"},"headline":"Cobre acanalado: la verticalidad que esculpe la luz","datePublished":"2026-08-26T06:50:41+00:00","mainEntityOfPage":{"@id":"https:\/\/www.trueiconicdesign.com\/it\/rame-scanalato-verticalita-scolpisce-luce\/"},"wordCount":613,"publisher":{"@id":"https:\/\/www.trueiconicdesign.com\/en\/#organization"},"image":{"@id":"https:\/\/www.trueiconicdesign.com\/it\/rame-scanalato-verticalita-scolpisce-luce\/#primaryimage"},"thumbnailUrl":"https:\/\/www.trueiconicdesign.com\/wp-content\/uploads\/2026\/08\/featured-rame-scanalato-la-verticalit-che-scolpisce-la-luce.png","articleSection":["Design"],"inLanguage":"es-ES"},{"@type":"WebPage","@id":"https:\/\/www.trueiconicdesign.com\/it\/rame-scanalato-verticalita-scolpisce-luce\/","url":"https:\/\/www.trueiconicdesign.com\/it\/rame-scanalato-verticalita-scolpisce-luce\/","name":"Rame scanalato: la verticalit\u00e0 che scolpisce la luce - True Iconic Design","isPartOf":{"@id":"https:\/\/www.trueiconicdesign.com\/en\/#website"},"primaryImageOfPage":{"@id":"https:\/\/www.trueiconicdesign.com\/it\/rame-scanalato-verticalita-scolpisce-luce\/#primaryimage"},"image":{"@id":"https:\/\/www.trueiconicdesign.com\/it\/rame-scanalato-verticalita-scolpisce-luce\/#primaryimage"},"thumbnailUrl":"https:\/\/www.trueiconicdesign.com\/wp-content\/uploads\/2026\/08\/featured-rame-scanalato-la-verticalit-che-scolpisce-la-luce.png","datePublished":"2026-08-26T06:50:41+00:00","description":"Descubre c\u00f3mo el cobre acanalado esculpe la luz y realza los ambientes. Une verticalidad, calor y dise\u00f1o contempor\u00e1neo para una atm\u00f3sfera \u00fanica.","breadcrumb":{"@id":"https:\/\/www.trueiconicdesign.com\/it\/rame-scanalato-verticalita-scolpisce-luce\/#breadcrumb"},"inLanguage":"es-ES","potentialAction":[{"@type":"ReadAction","target":["https:\/\/www.trueiconicdesign.com\/it\/rame-scanalato-verticalita-scolpisce-luce\/"]}]},{"@type":"ImageObject","inLanguage":"es-ES","@id":"https:\/\/www.trueiconicdesign.com\/it\/rame-scanalato-verticalita-scolpisce-luce\/#primaryimage","url":"https:\/\/www.trueiconicdesign.com\/wp-content\/uploads\/2026\/08\/featured-rame-scanalato-la-verticalit-che-scolpisce-la-luce.png","contentUrl":"https:\/\/www.trueiconicdesign.com\/wp-content\/uploads\/2026\/08\/featured-rame-scanalato-la-verticalit-che-scolpisce-la-luce.png","width":2496,"height":2496},{"@type":"BreadcrumbList","@id":"https:\/\/www.trueiconicdesign.com\/it\/rame-scanalato-verticalita-scolpisce-luce\/#breadcrumb","itemListElement":[{"@type":"ListItem","position":1,"name":"Inicio","item":"https:\/\/www.trueiconicdesign.com\/en\/"},{"@type":"ListItem","position":2,"name":"Cobre acanalado: la verticalidad que esculpe la luz"}]},{"@type":"WebSite","@id":"https:\/\/www.trueiconicdesign.com\/en\/#website","url":"https:\/\/www.trueiconicdesign.com\/en\/","name":"Aut\u00e9ntico dise\u00f1o ic\u00f3nico","description":"dise\u00f1o de estilo simb\u00f3lico emocional","publisher":{"@id":"https:\/\/www.trueiconicdesign.com\/en\/#organization"},"alternateName":"4Additive - Blog de fabricaci\u00f3n aditiva","potentialAction":[{"@type":"SearchAction","target":{"@type":"EntryPoint","urlTemplate":"https:\/\/www.trueiconicdesign.com\/en\/?s={search_term_string}"},"query-input":{"@type":"PropertyValueSpecification","valueRequired":true,"valueName":"search_term_string"}}],"inLanguage":"es-ES"},{"@type":"Organization","@id":"https:\/\/www.trueiconicdesign.com\/en\/#organization","name":"Dise\u00f1o Simb\u00f3lico Emocional","alternateName":"4Additive","url":"https:\/\/www.trueiconicdesign.com\/en\/","logo":{"@type":"ImageObject","inLanguage":"es-ES","@id":"https:\/\/wordpress.m.3dbooster.com\/it\/#\/schema\/logo\/image\/","url":"https:\/\/www.trueiconicdesign.com\/wp-content\/uploads\/2026\/07\/trueiconicdesign-logo.svg","contentUrl":"https:\/\/www.trueiconicdesign.com\/wp-content\/uploads\/2026\/07\/trueiconicdesign-logo.svg","caption":"Dise\u00f1o Simb\u00f3lico Emocional"},"image":{"@id":"https:\/\/wordpress.m.3dbooster.com\/it\/#\/schema\/logo\/image\/"},"sameAs":["https:\/\/trueiconicdesign.etsy.com\/"]},{"@type":"Person","@id":"https:\/\/wordpress.m.3dbooster.com\/it\/#\/schema\/person\/5a1c00cc9c7362ff5de0d9bea94fec08","name":"sincronizaci\u00f3n"}]}},"_links":{"self":[{"href":"https:\/\/www.trueiconicdesign.com\/es\/wp-json\/wp\/v2\/posts\/803","targetHints":{"allow":["GET"]}}],"collection":[{"href":"https:\/\/www.trueiconicdesign.com\/es\/wp-json\/wp\/v2\/posts"}],"about":[{"href":"https:\/\/www.trueiconicdesign.com\/es\/wp-json\/wp\/v2\/types\/post"}],"author":[{"embeddable":true,"href":"https:\/\/www.trueiconicdesign.com\/es\/wp-json\/wp\/v2\/users\/3"}],"replies":[{"embeddable":true,"href":"https:\/\/www.trueiconicdesign.com\/es\/wp-json\/wp\/v2\/comments?post=803"}],"version-history":[{"count":1,"href":"https:\/\/www.trueiconicdesign.com\/es\/wp-json\/wp\/v2\/posts\/803\/revisions"}],"predecessor-version":[{"id":805,"href":"https:\/\/www.trueiconicdesign.com\/es\/wp-json\/wp\/v2\/posts\/803\/revisions\/805"}],"wp:featuredmedia":[{"embeddable":true,"href":"https:\/\/www.trueiconicdesign.com\/es\/wp-json\/wp\/v2\/media\/804"}],"wp:attachment":[{"href":"https:\/\/www.trueiconicdesign.com\/es\/wp-json\/wp\/v2\/media?parent=803"}],"wp:term":[{"taxonomy":"category","embeddable":true,"href":"https:\/\/www.trueiconicdesign.com\/es\/wp-json\/wp\/v2\/categories?post=803"},{"taxonomy":"post_tag","embeddable":true,"href":"https:\/\/www.trueiconicdesign.com\/es\/wp-json\/wp\/v2\/tags?post=803"},{"taxonomy":"foradditive_tecnologie","embeddable":true,"href":"https:\/\/www.trueiconicdesign.com\/es\/wp-json\/wp\/v2\/foradditive_tecnologie?post=803"},{"taxonomy":"foradditive_materiali","embeddable":true,"href":"https:\/\/www.trueiconicdesign.com\/es\/wp-json\/wp\/v2\/foradditive_materiali?post=803"},{"taxonomy":"foradditive_applicazioni","embeddable":true,"href":"https:\/\/www.trueiconicdesign.com\/es\/wp-json\/wp\/v2\/foradditive_applicazioni?post=803"},{"taxonomy":"foradditive_case_studies","embeddable":true,"href":"https:\/\/www.trueiconicdesign.com\/es\/wp-json\/wp\/v2\/foradditive_case_studies?post=803"},{"taxonomy":"foradditive_settori_industriali","embeddable":true,"href":"https:\/\/www.trueiconicdesign.com\/es\/wp-json\/wp\/v2\/foradditive_settori_industriali?post=803"}],"curies":[{"name":"wp","href":"https:\/\/api.w.org\/{rel}","templated":true}]}}