{"id":800,"date":"2026-08-24T14:22:56","date_gmt":"2026-08-24T12:22:56","guid":{"rendered":"https:\/\/www.trueiconicdesign.com\/it\/?p=800"},"modified":"2026-08-24T14:22:56","modified_gmt":"2026-08-24T12:22:56","slug":"ex-voto-laico-cuore-anatomico-altare-domestico","status":"publish","type":"post","link":"https:\/\/www.trueiconicdesign.com\/es\/ex-voto-laico-cuore-anatomico-altare-domestico\/","title":{"rendered":"Ex voto laico: el coraz\u00f3n anat\u00f3mico como altar dom\u00e9stico"},"content":{"rendered":"<h2>El Coraz\u00f3n como Altar Laico: Transformar la Gratitud en Luz Dom\u00e9stica<\/h2>\n<p>Hacer visible la gratitud significa darle un cuerpo. Transformar una meta, una curaci\u00f3n o un nuevo comienzo en un punto fijo que cada d\u00eda recuerde el camino recorrido. La respuesta no est\u00e1 en los dogmas, sino en un gesto antiguo traducido al lenguaje contempor\u00e1neo: el ex voto laico.<\/p>\n<p>El coraz\u00f3n como s\u00edmbolo atraviesa siglos y culturas. No pertenece a una sola fe, sino que habla a cualquiera que haya vivido un renacimiento interior y busque una manera de honrarlo en el espacio cotidiano.<\/p>\n<h3>El Ex Voto Contempor\u00e1neo: Devoci\u00f3n hacia Uno Mismo<\/h3>\n<p><em>El ex voto nace como promesa mantenida, un agradecimiento tangible. Hoy este gesto se vuelve personal, \u00edntimo, libre de iconograf\u00edas r\u00edgidas.<\/em><\/p>\n<p>Un ex voto moderno no celebra necesariamente lo divino externo. Celebra el camino individual: la fuerza recuperada, el coraje de un cambio, la alegr\u00eda de un amor conquistado. Es devoci\u00f3n hacia la propia historia, hacia los momentos en que se eligi\u00f3 levantarse.<\/p>\n<p>La forma del coraz\u00f3n anat\u00f3mico une ciencia y s\u00edmbolo. No es un coraz\u00f3n estilizado, sino un \u00f3rgano pulsante que evoca la vida en su concreci\u00f3n. La corona, la cruz, las llamas: elementos sagrados que se convierten en met\u00e1foras universales de sufrimiento atravesado y transformado en luz.<\/p>\n<div class=\"article-box article-box--highlight\">\n<strong>Por qu\u00e9 un ex voto laico funciona<\/strong><\/p>\n<ul>\n<li>Transforma una emoci\u00f3n abstracta (gratitud, esperanza) en materia concreta<\/li>\n<li>Crea un ritual diario: cada mirada es un recordatorio silencioso<\/li>\n<li>Ofrece un lenguaje simb\u00f3lico accesible, m\u00e1s all\u00e1 de las barreras culturales<\/li>\n<\/ul>\n<\/div>\n<h3>El Amarillo Narciso como Protecci\u00f3n Solar<\/h3>\n<p><em>El color no es neutro. El amarillo narciso lleva consigo la energ\u00eda de la primavera, del despertar, de la luz que regresa.<\/em><\/p>\n<p>En la psicolog\u00eda del color, el amarillo estimula el optimismo. Pero hay m\u00e1s: el amarillo narciso, con su tonalidad c\u00e1lida y vibrante, act\u00faa como una \u201cprotecci\u00f3n solar\u201d emocional. Absorbe las sombras visuales de una pared neutra y las transforma en un punto de calor.<\/p>\n<p>Este no es un amarillo p\u00e1lido. Es un amarillo pleno, que no teme ser visto. Es el color de las flores que anuncian el fin del invierno. En una casa, se convierte en un talism\u00e1n dom\u00e9stico que irradia energ\u00eda vital.<\/p>\n<p>Colocado en la entrada, recibe a quien entra con un mensaje de bienvenida. En el dormitorio, se convierte en un guardi\u00e1n nocturno. En un espacio creativo, infunde confianza cuando el trabajo se vuelve pesado.<\/p>\n<h3>Crear un Altar Dom\u00e9stico: D\u00f3nde y C\u00f3mo<\/h3>\n<p><em>Un altar laico no requiere velas ni oraciones. Requiere intenci\u00f3n: la elecci\u00f3n consciente de dedicar un espacio a la memoria emocional.<\/em><\/p>\n<p>El <a href=\"https:\/\/www.trueiconicdesign.com\/es\/product\/cuore-sacro-giallo-da-parete-ex-voto-pgr-per-grazia-ricevuta-giallo-narciso-scultura-da-parete\/\">Coraz\u00f3n Sagrado Amarillo de pared<\/a> mide 15 cm de alto, 9 cm de ancho y 4 cm de profundidad. Dimensiones compactas que permiten colocarlo en m\u00faltiples contextos sin dominar, pero con una fuerte presencia visual gracias al color.<\/p>\n<p>Realizado en PLA con verniciatura monocrom\u00e1tica amarillo narciso, est\u00e1 preparado para colgar en la pared. Cada pieza presenta ligeras variaciones, caracter\u00edstica de los productos artesanales realizados en Italia mediante impresi\u00f3n 3D. Esta unicidad refuerza el valor simb\u00f3lico: no es un objeto de serie, sino un artefacto que lleva consigo la huella del proceso creativo.<\/p>\n<div class=\"article-steps\">\n<h3>C\u00f3mo Componer un Altar Laico<\/h3>\n<ol>\n<li><strong>Elige la pared:<\/strong> Prefiere superficies claras o neutras donde el amarillo narciso pueda emerger sin competencia crom\u00e1tica.<\/li>\n<li><strong>A\u00f1ade una repisa:<\/strong> Debajo de la escultura, una peque\u00f1a repisa flotante de madera cruda o blanqueada crea un di\u00e1logo materico org\u00e1nico.<\/li>\n<li><strong>Inserta objetos queridos:<\/strong> Una vela, una fotograf\u00eda, una piedra recogida en un lugar significativo. Pocos elementos, elegidos con cuidado.<\/li>\n<li><strong>Deja respirar:<\/strong> El espacio vac\u00edo alrededor del coraz\u00f3n no es ausencia, sino un marco que amplifica su presencia.<\/li>\n<\/ol>\n<\/div>\n<h3>Combinaciones Matericas y Paletas Crom\u00e1ticas<\/h3>\n<p><em>El amarillo narciso dialoga con materiales y colores que exaltan su naturaleza solar sin dominarlo.<\/em><\/p>\n<p>La madera cruda o blanqueada suaviza la modernidad de la impresi\u00f3n 3D, creando un puente entre tecnolog\u00eda y naturaleza. La cer\u00e1mica opaca o la terracota evocan la artesan\u00eda tradicional de los exvotos populares, arraigando el objeto en una historia que atraviesa los siglos.<\/p>\n<p>Para un contraste sofisticado, el azul petr\u00f3leo o el teal profundo realzan el amarillo en una relaci\u00f3n complementaria que recuerda el sol sobre el mar. Quien busca un ambiente mediterr\u00e1neo puede combinar tonos tierra y terracota, mientras que quien prefiere un impacto dram\u00e1tico puede atreverse con antracita y negro mate, transformando la pared en una galer\u00eda de arte moderno.<\/p>\n<div class=\"article-table-wrap\">\n<table class=\"article-table\">\n<thead>\n<tr>\n<th>Paleta<\/th>\n<th>Atm\u00f3sfera<\/th>\n<th>Materiales Recomendados<\/th>\n<\/tr>\n<\/thead>\n<tbody>\n<tr>\n<td>Amarillo + blanco + greige<\/td>\n<td>Escandinava, luminosa<\/td>\n<td>Lino, algod\u00f3n natural<\/td>\n<\/tr>\n<tr>\n<td>Amarillo + azul petr\u00f3leo<\/td>\n<td>Sofisticada, contempor\u00e1nea<\/td>\n<td>Lat\u00f3n cepillado, vidrio<\/td>\n<\/tr>\n<tr>\n<td>Amarillo + terracota<\/td>\n<td>Mediterr\u00e1nea, c\u00e1lida<\/td>\n<td>Cer\u00e1mica, madera oscura<\/td>\n<\/tr>\n<tr>\n<td>Amarillo + antracita<\/td>\n<td>Dram\u00e1tica, art\u00edstica<\/td>\n<td>Hormig\u00f3n, resina<\/td>\n<\/tr>\n<\/tbody>\n<\/table>\n<\/div>\n<h3>Ambientes y Funciones Simb\u00f3licas<\/h3>\n<p><em>Cada estancia de la casa ofrece una diferente clave de lectura para un objeto simb\u00f3lico.<\/em><\/p>\n<p>En la cocina o en el comedor, el coraz\u00f3n se convierte en el guardi\u00e1n del hogar, el centro palpitante de la convivencia. En el rinc\u00f3n de lectura o en un peque\u00f1o espacio meditativo, se transforma en un punto de pausa visual, una invitaci\u00f3n a la reflexi\u00f3n.<\/p>\n<p>El dormitorio recoge el <a href=\"https:\/\/www.trueiconicdesign.com\/es\/product\/cuore-sacro-giallo-da-parete-ex-voto-pgr-per-grazia-ricevuta-giallo-narciso-scultura-da-parete\/\">coraz\u00f3n exvoto amarillo<\/a> como guardi\u00e1n nocturno, s\u00edmbolo de gratitud \u00edntima por el descanso y la regeneraci\u00f3n. En la oficina, a la altura de la mirada, ofrece un momento de respiro durante las horas de trabajo, recordando que cada logro profesional es tambi\u00e9n una gracia personal.<\/p>\n<p>El espacio creativo encuentra en este objeto un ancla emocional: cuando el bloqueo creativo llama a la puerta, la mirada puede posarse en el coraz\u00f3n y recordar que la luz siempre vuelve.<\/p>\n<div class=\"article-box article-box--info\">\n<strong>Errores a Evitar<\/strong><\/p>\n<p>No coloques el coraz\u00f3n en nichos oscuros donde el amarillo pierde luminosidad. Evita colocarlo junto a muebles barrocos o excesivamente ornamentados: el lenguaje contempor\u00e1neo de la escultura entrar\u00eda en conflicto con lo antiguo. No satures la pared circundante con demasiados elementos: el coraz\u00f3n necesita respirar para imponerse como centro emocional.<\/p>\n<\/div>\n<h3>El Regalo que Cuenta una Historia<\/h3>\n<p><em>Regalar un exvoto moderno significa ofrecer un lenguaje para expresar lo que las palabras cuestan decir.<\/em><\/p>\n<p>Una mudanza, una curaci\u00f3n, un nuevo trabajo, el fin de un per\u00edodo dif\u00edcil: son todos momentos en los que un <a href=\"https:\/\/www.trueiconicdesign.com\/es\/product\/cuore-sacro-giallo-da-parete-ex-voto-pgr-per-grazia-ricevuta-giallo-narciso-scultura-da-parete\/\">coraz\u00f3n sagrado de pared<\/a> puede convertirse en el testigo silencioso de un tr\u00e1nsito. Acompa\u00f1ado de una nota que explique el significado del \u201cPor Gracia Recibida\u201d, se convierte en un regalo que va m\u00e1s all\u00e1 de la est\u00e9tica.<\/p>\n<p>No es un objeto decorativo cualquiera. Es un recordatorio de que la vida nos ha dado una segunda oportunidad, o una tercera, o una d\u00e9cima. Y que hemos elegido aceptarla.<\/p>\n<h3>Conclusi\u00f3n: La Luz que Permanece<\/h3>\n<p>Una pared vac\u00eda es un espacio neutro. Un coraz\u00f3n amarillo narciso colgado en esa pared es una declaraci\u00f3n: aqu\u00ed vive alguien que ha atravesado la oscuridad y ha elegido la luz. Que ha transformado la gratitud en un gesto concreto, en un punto focal que cada d\u00eda recuerda que todav\u00eda estamos aqu\u00ed, todav\u00eda capaces de renacer.<\/p>\n<p>El altar laico no requiere oraciones. Requiere presencia. Y el coraje de celebrar, cada d\u00eda, la gracia m\u00e1s grande: estar vivos, haber crecido, estar agradecidos.<\/p>","protected":false},"excerpt":{"rendered":"<p>El coraz\u00f3n exvoto laico transforma la gratitud en un objeto dom\u00e9stico: un s\u00edmbolo antiguo que celebra el camino personal, mientras que el amarillo narciso act\u00faa como protecci\u00f3n solar emocional, trayendo luz y calidez a los espacios cotidianos.<\/p>","protected":false},"author":3,"featured_media":801,"comment_status":"closed","ping_status":"","sticky":false,"template":"","format":"standard","meta":{"foradditive_qa_html":"<section class=\"foradditive-faq\"><div class=\"foradditive-faq-item\"><h3>Cos&#x27;\u00e8 un ex voto laico?<\/h3><p>L&#x27;ex voto laico \u00e8 un gesto contemporaneo che trasforma la gratitudine per traguardi personali o guarigioni in un oggetto tangibile. A differenza della tradizione religiosa, celebra il percorso individuale e la devozione verso la propria storia senza dogmi.<\/p><\/div><div class=\"foradditive-faq-item\"><h3>Qual \u00e8 il significato del cuore anatomico in questo contesto?<\/h3><p>Il cuore anatomico unisce scienza e simbolo, rappresentando la vita nella sua concretezza piuttosto che una forma stilizzata. Elementi come la corona o le fiamme diventano metafore universali di sofferenza trasformata in luce.<\/p><\/div><div class=\"foradditive-faq-item\"><h3>Perch\u00e9 viene scelto il colore giallo narciso?<\/h3><p>Il giallo narciso agisce come una protezione solare emotiva, portando energia di risveglio e ottimismo negli ambienti domestici. La sua tonalit\u00e0 calda e vibrante trasforma le ombre delle pareti neutre in punti di calore vitale.<\/p><\/div><div class=\"foradditive-faq-item\"><h3>Dove \u00e8 consigliabile posizionare questo altare domestico?<\/h3><p>Posizionato all&#x27;ingresso, accoglie gli ospiti con un messaggio di benvenuto, mentre in camera da letto funge da custode notturno. Negli spazi creativi, invece, infonde fiducia e sostegno durante il lavoro.<\/p><\/div><div class=\"foradditive-faq-item\"><h3>Quali sono le dimensioni della scultura Cuore Sacro Giallo?<\/h3><p>La scultura da parete misura 15 cm in altezza, 9 cm in larghezza e 4 cm di profondit\u00e0. Queste dimensioni compatte permettono di inserirla facilmente in diversi angoli della casa creando un punto focale discreto.<\/p><\/div><\/section>","foradditive_qa_html_en":"<section class=\"foradditive-faq\"><div class=\"foradditive-faq-item\"><h3>What is a secular ex-voto?<\/h3><p>The secular ex-voto is a contemporary gesture that transforms gratitude for personal milestones or healings into a tangible object. Unlike religious tradition, it celebrates the individual journey and devotion to one&#x27;s own story without dogmas.<\/p><\/div><div class=\"foradditive-faq-item\"><h3>What is the meaning of the anatomical heart in this context?<\/h3><p>The anatomical heart unites science and symbol, representing life in its concreteness rather than as a stylized form. Elements like the crown or flames become universal metaphors for suffering transformed into light.<\/p><\/div><div class=\"foradditive-faq-item\"><h3>Why is narcissus yellow chosen?<\/h3><p>Narcissus yellow acts as an emotional sunblock, bringing energy of awakening and optimism into domestic spaces. Its warm, vibrant hue transforms the shadows of neutral walls into points of vital warmth.<\/p><\/div><div class=\"foradditive-faq-item\"><h3>Where is it advisable to place this home altar?<\/h3><p>Positioned at the entrance, it welcomes guests with a message of hospitality, while in the bedroom it serves as a nocturnal guardian. In creative spaces, instead, it instills confidence and support during work.<\/p><\/div><div class=\"foradditive-faq-item\"><h3>What are the dimensions of the Yellow Sacred Heart sculpture?<\/h3><p>The wall sculpture measures 15 cm in height, 9 cm in width, and 4 cm in depth. These compact dimensions allow it to be easily placed in various corners of the house, creating a discreet focal point.<\/p><\/div><\/section>","foradditive_qa_html_fr":"<section class=\"foradditive-faq\"><div class=\"foradditive-faq-item\"><h3>Qu&#x27;est-ce qu&#x27;un ex-voto la\u00efque ?<\/h3><p>L&#x27;ex-voto la\u00efque est un geste contemporain qui transforme la gratitude pour des accomplissements personnels ou des gu\u00e9risons en un objet tangible. Contrairement \u00e0 la tradition religieuse, il c\u00e9l\u00e8bre le parcours individuel et la d\u00e9votion envers sa propre histoire sans dogmes.<\/p><\/div><div class=\"foradditive-faq-item\"><h3>Quelle est la signification du c\u0153ur anatomique dans ce contexte ?<\/h3><p>Le c\u0153ur anatomique unit science et symbole, repr\u00e9sentant la vie dans sa concr\u00e9tude plut\u00f4t que sous une forme stylis\u00e9e. Des \u00e9l\u00e9ments comme la couronne ou les flammes deviennent des m\u00e9taphores universelles de la souffrance transform\u00e9e en lumi\u00e8re.<\/p><\/div><div class=\"foradditive-faq-item\"><h3>Pourquoi la couleur jaune narcisse est-elle choisie ?<\/h3><p>Le jaune narcisse agit comme une protection solaire \u00e9motionnelle, apportant \u00e9nergie de r\u00e9veil et optimisme dans les environnements domestiques. Sa teinte chaude et vibrante transforme les ombres des murs neutres en points de chaleur vitale.<\/p><\/div><div class=\"foradditive-faq-item\"><h3>O\u00f9 est-il conseill\u00e9 de placer cet autel domestique ?<\/h3><p>Plac\u00e9 \u00e0 l&#x27;entr\u00e9e, il accueille les h\u00f4tes avec un message de bienvenue, tandis que dans la chambre \u00e0 coucher, il fait office de gardien nocturne. Dans les espaces cr\u00e9atifs, il inspire confiance et soutien durant le travail.<\/p><\/div><div class=\"foradditive-faq-item\"><h3>Quelles sont les dimensions de la sculpture C\u0153ur Sacr\u00e9 Jaune ?<\/h3><p>La sculpture murale mesure 15 cm de hauteur, 9 cm de largeur et 4 cm de profondeur. Ces dimensions compactes permettent de l&#x27;int\u00e9grer facilement dans diff\u00e9rents coins de la maison en cr\u00e9ant un point focal discret.<\/p><\/div><\/section>","foradditive_qa_html_de":"<section class=\"foradditive-faq\"><div class=\"foradditive-faq-item\"><h3>Was ist ein s\u00e4kulares Votivbild?<\/h3><p>Das s\u00e4kulare Votivbild ist eine zeitgen\u00f6ssische Geste, die Dankbarkeit f\u00fcr pers\u00f6nliche Meilensteine oder Heilungen in ein greifbares Objekt verwandelt. Im Gegensatz zur religi\u00f6sen Tradition feiert es den individuellen Weg und die Hingabe an die eigene Geschichte ohne Dogmen.<\/p><\/div><div class=\"foradditive-faq-item\"><h3>Welche Bedeutung hat das anatomische Herz in diesem Kontext?<\/h3><p>Das anatomische Herz verbindet Wissenschaft und Symbolik und repr\u00e4sentiert das Leben in seiner Konkretheit statt in einer stilisierten Form. Elemente wie die Krone oder die Flammen werden zu universellen Metaphern f\u00fcr Leid, das in Licht verwandelt wird.<\/p><\/div><div class=\"foradditive-faq-item\"><h3>Warum wird die Farbe Narzissengelb gew\u00e4hlt?<\/h3><p>Narzissengelb wirkt als emotionaler Sonnenschutz, der Energie des Erwachens und Optimismus in h\u00e4usliche Umgebungen bringt. Sein warmer und vibrierender Farbton verwandelt Schatten neutraler W\u00e4nde in Punkte vitaler W\u00e4rme.<\/p><\/div><div class=\"foradditive-faq-item\"><h3>Wo empfiehlt es sich, diesen Hausaltar aufzustellen?<\/h3><p>Am Eingang platziert, begr\u00fc\u00dft er G\u00e4ste mit einer Willkommensbotschaft, w\u00e4hrend er im Schlafzimmer als n\u00e4chtlicher H\u00fcter dient. In kreativen R\u00e4umen hingegen schenkt er Vertrauen und Unterst\u00fctzung w\u00e4hrend der Arbeit.<\/p><\/div><div class=\"foradditive-faq-item\"><h3>Welche Abmessungen hat die Skulptur &#x27;Gelbes Heiliges Herz&#x27;?<\/h3><p>Die Wandskulptur misst 15 cm in der H\u00f6he, 9 cm in der Breite und 4 cm in der Tiefe. Diese kompakten Abmessungen erm\u00f6glichen es, sie leicht in verschiedenen Ecken des Hauses zu platzieren und einen diskreten Blickfang zu schaffen.<\/p><\/div><\/section>","foradditive_qa_html_es":"<section class=\"foradditive-faq\"><div class=\"foradditive-faq-item\"><h3>\u00bfQu\u00e9 es un exvoto laico?<\/h3><p>El exvoto laico es un gesto contempor\u00e1neo que transforma la gratitud por logros personales o curaciones en un objeto tangible. A diferencia de la tradici\u00f3n religiosa, celebra el trayecto individual y la devoci\u00f3n hacia la propia historia sin dogmas.<\/p><\/div><div class=\"foradditive-faq-item\"><h3>\u00bfCu\u00e1l es el significado del coraz\u00f3n anat\u00f3mico en este contexto?<\/h3><p>El coraz\u00f3n anat\u00f3mico une ciencia y s\u00edmbolo, representando la vida en su concretez en lugar de una forma estilizada. Elementos como la corona o las llamas se convierten en met\u00e1foras universales de sufrimiento transformado en luz.<\/p><\/div><div class=\"foradditive-faq-item\"><h3>\u00bfPor qu\u00e9 se elige el color amarillo narciso?<\/h3><p>El amarillo narciso act\u00faa como una protecci\u00f3n solar emocional, aportando energ\u00eda de despertar y optimismo a los ambientes dom\u00e9sticos. Su tonalidad c\u00e1lida y vibrante transforma las sombras de las paredes neutras en puntos de calor vital.<\/p><\/div><div class=\"foradditive-faq-item\"><h3>\u00bfD\u00f3nde es recomendable colocar este altar dom\u00e9stico?<\/h3><p>Colocado en la entrada, recibe a los invitados con un mensaje de bienvenida, mientras que en el dormitorio funciona como guardi\u00e1n nocturno. En los espacios creativos, infunde confianza y apoyo durante el trabajo.<\/p><\/div><div class=\"foradditive-faq-item\"><h3>\u00bfCu\u00e1les son las dimensiones de la escultura Coraz\u00f3n Sagrado Amarillo?<\/h3><p>La escultura de pared mide 15 cm de altura, 9 cm de anchura y 4 cm de profundidad. Estas dimensiones compactas permiten insertarla f\u00e1cilmente en diversos rincones de la casa creando un punto focal discreto.<\/p><\/div><\/section>","foradditive_qa_jsonld":"{\"@context\":\"https:\/\/schema.org\",\"@type\":\"FAQPage\",\"inLanguage\":\"it\",\"mainEntity\":[{\"@type\":\"Question\",\"name\":\"Cos'\u00e8 un ex voto laico?\",\"acceptedAnswer\":{\"@type\":\"Answer\",\"text\":\"L'ex voto laico \u00e8 un gesto contemporaneo che trasforma la gratitudine per traguardi personali o guarigioni in un oggetto tangibile. A differenza della tradizione religiosa, celebra il percorso individuale e la devozione verso la propria storia senza dogmi.\"}},{\"@type\":\"Question\",\"name\":\"Qual \u00e8 il significato del cuore anatomico in questo contesto?\",\"acceptedAnswer\":{\"@type\":\"Answer\",\"text\":\"Il cuore anatomico unisce scienza e simbolo, rappresentando la vita nella sua concretezza piuttosto che una forma stilizzata. Elementi come la corona o le fiamme diventano metafore universali di sofferenza trasformata in luce.\"}},{\"@type\":\"Question\",\"name\":\"Perch\u00e9 viene scelto il colore giallo narciso?\",\"acceptedAnswer\":{\"@type\":\"Answer\",\"text\":\"Il giallo narciso agisce come una protezione solare emotiva, portando energia di risveglio e ottimismo negli ambienti domestici. La sua tonalit\u00e0 calda e vibrante trasforma le ombre delle pareti neutre in punti di calore vitale.\"}},{\"@type\":\"Question\",\"name\":\"Dove \u00e8 consigliabile posizionare questo altare domestico?\",\"acceptedAnswer\":{\"@type\":\"Answer\",\"text\":\"Posizionato all'ingresso, accoglie gli ospiti con un messaggio di benvenuto, mentre in camera da letto funge da custode notturno. Negli spazi creativi, invece, infonde fiducia e sostegno durante il lavoro.\"}},{\"@type\":\"Question\",\"name\":\"Quali sono le dimensioni della scultura Cuore Sacro Giallo?\",\"acceptedAnswer\":{\"@type\":\"Answer\",\"text\":\"La scultura da parete misura 15 cm in altezza, 9 cm in larghezza e 4 cm di profondit\u00e0. Queste dimensioni compatte permettono di inserirla facilmente in diversi angoli della casa creando un punto focale discreto.\"}}]}","foradditive_qa_jsonld_en":"{\"@context\":\"https:\/\/schema.org\",\"@type\":\"FAQPage\",\"inLanguage\":\"en\",\"mainEntity\":[{\"@type\":\"Question\",\"name\":\"What is a secular ex-voto?\",\"acceptedAnswer\":{\"@type\":\"Answer\",\"text\":\"The secular ex-voto is a contemporary gesture that transforms gratitude for personal milestones or healings into a tangible object. Unlike religious tradition, it celebrates the individual journey and devotion to one's own story without dogmas.\"}},{\"@type\":\"Question\",\"name\":\"What is the meaning of the anatomical heart in this context?\",\"acceptedAnswer\":{\"@type\":\"Answer\",\"text\":\"The anatomical heart unites science and symbol, representing life in its concreteness rather than as a stylized form. Elements like the crown or flames become universal metaphors for suffering transformed into light.\"}},{\"@type\":\"Question\",\"name\":\"Why is narcissus yellow chosen?\",\"acceptedAnswer\":{\"@type\":\"Answer\",\"text\":\"Narcissus yellow acts as an emotional sunblock, bringing energy of awakening and optimism into domestic spaces. Its warm, vibrant hue transforms the shadows of neutral walls into points of vital warmth.\"}},{\"@type\":\"Question\",\"name\":\"Where is it advisable to place this home altar?\",\"acceptedAnswer\":{\"@type\":\"Answer\",\"text\":\"Positioned at the entrance, it welcomes guests with a message of hospitality, while in the bedroom it serves as a nocturnal guardian. In creative spaces, instead, it instills confidence and support during work.\"}},{\"@type\":\"Question\",\"name\":\"What are the dimensions of the Yellow Sacred Heart sculpture?\",\"acceptedAnswer\":{\"@type\":\"Answer\",\"text\":\"The wall sculpture measures 15 cm in height, 9 cm in width, and 4 cm in depth. These compact dimensions allow it to be easily placed in various corners of the house, creating a discreet focal point.\"}}]}","foradditive_qa_jsonld_fr":"{\"@context\":\"https:\/\/schema.org\",\"@type\":\"FAQPage\",\"inLanguage\":\"fr\",\"mainEntity\":[{\"@type\":\"Question\",\"name\":\"Qu'est-ce qu'un ex-voto la\u00efque ?\",\"acceptedAnswer\":{\"@type\":\"Answer\",\"text\":\"L'ex-voto la\u00efque est un geste contemporain qui transforme la gratitude pour des accomplissements personnels ou des gu\u00e9risons en un objet tangible. Contrairement \u00e0 la tradition religieuse, il c\u00e9l\u00e8bre le parcours individuel et la d\u00e9votion envers sa propre histoire sans dogmes.\"}},{\"@type\":\"Question\",\"name\":\"Quelle est la signification du c\u0153ur anatomique dans ce contexte ?\",\"acceptedAnswer\":{\"@type\":\"Answer\",\"text\":\"Le c\u0153ur anatomique unit science et symbole, repr\u00e9sentant la vie dans sa concr\u00e9tude plut\u00f4t que sous une forme stylis\u00e9e. Des \u00e9l\u00e9ments comme la couronne ou les flammes deviennent des m\u00e9taphores universelles de la souffrance transform\u00e9e en lumi\u00e8re.\"}},{\"@type\":\"Question\",\"name\":\"Pourquoi la couleur jaune narcisse est-elle choisie ?\",\"acceptedAnswer\":{\"@type\":\"Answer\",\"text\":\"Le jaune narcisse agit comme une protection solaire \u00e9motionnelle, apportant \u00e9nergie de r\u00e9veil et optimisme dans les environnements domestiques. Sa teinte chaude et vibrante transforme les ombres des murs neutres en points de chaleur vitale.\"}},{\"@type\":\"Question\",\"name\":\"O\u00f9 est-il conseill\u00e9 de placer cet autel domestique ?\",\"acceptedAnswer\":{\"@type\":\"Answer\",\"text\":\"Plac\u00e9 \u00e0 l'entr\u00e9e, il accueille les h\u00f4tes avec un message de bienvenue, tandis que dans la chambre \u00e0 coucher, il fait office de gardien nocturne. Dans les espaces cr\u00e9atifs, il inspire confiance et soutien durant le travail.\"}},{\"@type\":\"Question\",\"name\":\"Quelles sont les dimensions de la sculpture C\u0153ur Sacr\u00e9 Jaune ?\",\"acceptedAnswer\":{\"@type\":\"Answer\",\"text\":\"La sculpture murale mesure 15 cm de hauteur, 9 cm de largeur et 4 cm de profondeur. Ces dimensions compactes permettent de l'int\u00e9grer facilement dans diff\u00e9rents coins de la maison en cr\u00e9ant un point focal discret.\"}}]}","foradditive_qa_jsonld_de":"{\"@context\":\"https:\/\/schema.org\",\"@type\":\"FAQPage\",\"inLanguage\":\"de\",\"mainEntity\":[{\"@type\":\"Question\",\"name\":\"Was ist ein s\u00e4kulares Votivbild?\",\"acceptedAnswer\":{\"@type\":\"Answer\",\"text\":\"Das s\u00e4kulare Votivbild ist eine zeitgen\u00f6ssische Geste, die Dankbarkeit f\u00fcr pers\u00f6nliche Meilensteine oder Heilungen in ein greifbares Objekt verwandelt. Im Gegensatz zur religi\u00f6sen Tradition feiert es den individuellen Weg und die Hingabe an die eigene Geschichte ohne Dogmen.\"}},{\"@type\":\"Question\",\"name\":\"Welche Bedeutung hat das anatomische Herz in diesem Kontext?\",\"acceptedAnswer\":{\"@type\":\"Answer\",\"text\":\"Das anatomische Herz verbindet Wissenschaft und Symbolik und repr\u00e4sentiert das Leben in seiner Konkretheit statt in einer stilisierten Form. Elemente wie die Krone oder die Flammen werden zu universellen Metaphern f\u00fcr Leid, das in Licht verwandelt wird.\"}},{\"@type\":\"Question\",\"name\":\"Warum wird die Farbe Narzissengelb gew\u00e4hlt?\",\"acceptedAnswer\":{\"@type\":\"Answer\",\"text\":\"Narzissengelb wirkt als emotionaler Sonnenschutz, der Energie des Erwachens und Optimismus in h\u00e4usliche Umgebungen bringt. Sein warmer und vibrierender Farbton verwandelt Schatten neutraler W\u00e4nde in Punkte vitaler W\u00e4rme.\"}},{\"@type\":\"Question\",\"name\":\"Wo empfiehlt es sich, diesen Hausaltar aufzustellen?\",\"acceptedAnswer\":{\"@type\":\"Answer\",\"text\":\"Am Eingang platziert, begr\u00fc\u00dft er G\u00e4ste mit einer Willkommensbotschaft, w\u00e4hrend er im Schlafzimmer als n\u00e4chtlicher H\u00fcter dient. In kreativen R\u00e4umen hingegen schenkt er Vertrauen und Unterst\u00fctzung w\u00e4hrend der Arbeit.\"}},{\"@type\":\"Question\",\"name\":\"Welche Abmessungen hat die Skulptur 'Gelbes Heiliges Herz'?\",\"acceptedAnswer\":{\"@type\":\"Answer\",\"text\":\"Die Wandskulptur misst 15 cm in der H\u00f6he, 9 cm in der Breite und 4 cm in der Tiefe. Diese kompakten Abmessungen erm\u00f6glichen es, sie leicht in verschiedenen Ecken des Hauses zu platzieren und einen diskreten Blickfang zu schaffen.\"}}]}","foradditive_qa_jsonld_es":"{\"@context\":\"https:\/\/schema.org\",\"@type\":\"FAQPage\",\"inLanguage\":\"es\",\"mainEntity\":[{\"@type\":\"Question\",\"name\":\"\u00bfQu\u00e9 es un exvoto laico?\",\"acceptedAnswer\":{\"@type\":\"Answer\",\"text\":\"El exvoto laico es un gesto contempor\u00e1neo que transforma la gratitud por logros personales o curaciones en un objeto tangible. A diferencia de la tradici\u00f3n religiosa, celebra el trayecto individual y la devoci\u00f3n hacia la propia historia sin dogmas.\"}},{\"@type\":\"Question\",\"name\":\"\u00bfCu\u00e1l es el significado del coraz\u00f3n anat\u00f3mico en este contexto?\",\"acceptedAnswer\":{\"@type\":\"Answer\",\"text\":\"El coraz\u00f3n anat\u00f3mico une ciencia y s\u00edmbolo, representando la vida en su concretez en lugar de una forma estilizada. Elementos como la corona o las llamas se convierten en met\u00e1foras universales de sufrimiento transformado en luz.\"}},{\"@type\":\"Question\",\"name\":\"\u00bfPor qu\u00e9 se elige el color amarillo narciso?\",\"acceptedAnswer\":{\"@type\":\"Answer\",\"text\":\"El amarillo narciso act\u00faa como una protecci\u00f3n solar emocional, aportando energ\u00eda de despertar y optimismo a los ambientes dom\u00e9sticos. Su tonalidad c\u00e1lida y vibrante transforma las sombras de las paredes neutras en puntos de calor vital.\"}},{\"@type\":\"Question\",\"name\":\"\u00bfD\u00f3nde es recomendable colocar este altar dom\u00e9stico?\",\"acceptedAnswer\":{\"@type\":\"Answer\",\"text\":\"Colocado en la entrada, recibe a los invitados con un mensaje de bienvenida, mientras que en el dormitorio funciona como guardi\u00e1n nocturno. En los espacios creativos, infunde confianza y apoyo durante el trabajo.\"}},{\"@type\":\"Question\",\"name\":\"\u00bfCu\u00e1les son las dimensiones de la escultura Coraz\u00f3n Sagrado Amarillo?\",\"acceptedAnswer\":{\"@type\":\"Answer\",\"text\":\"La escultura de pared mide 15 cm de altura, 9 cm de anchura y 4 cm de profundidad. Estas dimensiones compactas permiten insertarla f\u00e1cilmente en diversos rincones de la casa creando un punto focal discreto.\"}}]}","foradditive_slug_en":"secular-votive-anatomical-heart-home-altar","foradditive_slug_fr":"ex-voto-laique-coeur-anatomique-autel-domestique","foradditive_slug_de":"ex-voto-laik-herz-anatomie-hausaltar","foradditive_slug_es":"ex-voto-laico-corazon-anatomico-altar-domestico","foradditive_audio_summary_it":0,"foradditive_audio_summary_en":0,"foradditive_audio_summary_fr":0,"foradditive_audio_summary_de":0,"foradditive_audio_summary_es":0,"footnotes":""},"categories":[33],"tags":[],"foradditive_tecnologie":[],"foradditive_materiali":[],"foradditive_applicazioni":[],"foradditive_case_studies":[],"foradditive_settori_industriali":[],"class_list":["post-800","post","type-post","status-publish","format-standard","has-post-thumbnail","hentry","category-design"],"yoast_head":"<!-- This site is optimized with the Yoast SEO plugin v28.3 - https:\/\/yoast.com\/product\/yoast-seo-wordpress\/ -->\n<title>Ex voto laico: il cuore anatomico come altare domestico - True Iconic Design<\/title>\n<meta name=\"description\" content=\"Descubre el exvoto laico: el coraz\u00f3n anat\u00f3mico amarillo narciso como altar dom\u00e9stico para transformar gratitud y renacimiento en luz cotidiana.\" \/>\n<meta name=\"robots\" content=\"index, follow, max-snippet:-1, max-image-preview:large, max-video-preview:-1\" \/>\n<link rel=\"canonical\" href=\"https:\/\/www.trueiconicdesign.com\/es\/ex-voto-laico-corazon-anatomico-altar-domestico\/\" \/>\n<meta property=\"og:locale\" content=\"es_ES\" \/>\n<meta property=\"og:type\" content=\"article\" \/>\n<meta property=\"og:title\" content=\"Ex voto laico: il cuore anatomico come altare domestico - True Iconic Design\" \/>\n<meta property=\"og:description\" content=\"Descubre el exvoto laico: el coraz\u00f3n anat\u00f3mico amarillo narciso como altar dom\u00e9stico para transformar gratitud y renacimiento en luz cotidiana.\" \/>\n<meta property=\"og:url\" content=\"https:\/\/www.trueiconicdesign.com\/es\/ex-voto-laico-corazon-anatomico-altar-domestico\/\" \/>\n<meta property=\"og:site_name\" content=\"True Iconic Design\" \/>\n<meta property=\"article:published_time\" content=\"2026-08-24T12:22:56+00:00\" \/>\n<meta property=\"og:image\" content=\"https:\/\/www.trueiconicdesign.com\/wp-content\/uploads\/2026\/08\/featured-ex-voto-laico-il-cuore-anatomico-come-altare-domestico.jpg\" \/>\n\t<meta property=\"og:image:width\" content=\"2048\" \/>\n\t<meta property=\"og:image:height\" content=\"2048\" \/>\n\t<meta property=\"og:image:type\" content=\"image\/jpeg\" \/>\n<meta name=\"author\" content=\"sync\" \/>\n<meta name=\"twitter:card\" content=\"summary_large_image\" \/>\n<meta name=\"twitter:label1\" content=\"Written by\" \/>\n\t<meta name=\"twitter:data1\" content=\"sync\" \/>\n\t<meta name=\"twitter:label2\" content=\"Est. reading time\" \/>\n\t<meta name=\"twitter:data2\" content=\"5 minutes\" \/>\n<script type=\"application\/ld+json\" class=\"yoast-schema-graph\">{\"@context\":\"https:\\\/\\\/schema.org\",\"@graph\":[{\"@type\":\"Article\",\"@id\":\"https:\\\/\\\/www.trueiconicdesign.com\\\/it\\\/ex-voto-laico-cuore-anatomico-altare-domestico\\\/#article\",\"isPartOf\":{\"@id\":\"https:\\\/\\\/www.trueiconicdesign.com\\\/it\\\/ex-voto-laico-cuore-anatomico-altare-domestico\\\/\"},\"author\":{\"name\":\"sincronizaci\u00f3n\",\"@id\":\"https:\\\/\\\/wordpress.m.3dbooster.com\\\/it\\\/#\\\/schema\\\/person\\\/5a1c00cc9c7362ff5de0d9bea94fec08\"},\"headline\":\"Ex voto laico: el coraz\u00f3n anat\u00f3mico como altar dom\u00e9stico\",\"datePublished\":\"2026-08-24T12:22:56+00:00\",\"mainEntityOfPage\":{\"@id\":\"https:\\\/\\\/www.trueiconicdesign.com\\\/it\\\/ex-voto-laico-cuore-anatomico-altare-domestico\\\/\"},\"wordCount\":1107,\"publisher\":{\"@id\":\"https:\\\/\\\/www.trueiconicdesign.com\\\/en\\\/#organization\"},\"image\":{\"@id\":\"https:\\\/\\\/www.trueiconicdesign.com\\\/it\\\/ex-voto-laico-cuore-anatomico-altare-domestico\\\/#primaryimage\"},\"thumbnailUrl\":\"https:\\\/\\\/www.trueiconicdesign.com\\\/wp-content\\\/uploads\\\/2026\\\/08\\\/featured-ex-voto-laico-il-cuore-anatomico-come-altare-domestico.jpg\",\"articleSection\":[\"Design\"],\"inLanguage\":\"es-ES\"},{\"@type\":\"WebPage\",\"@id\":\"https:\\\/\\\/www.trueiconicdesign.com\\\/it\\\/ex-voto-laico-cuore-anatomico-altare-domestico\\\/\",\"url\":\"https:\\\/\\\/www.trueiconicdesign.com\\\/it\\\/ex-voto-laico-cuore-anatomico-altare-domestico\\\/\",\"name\":\"Ex voto laico: il cuore anatomico come altare domestico - True Iconic Design\",\"isPartOf\":{\"@id\":\"https:\\\/\\\/www.trueiconicdesign.com\\\/en\\\/#website\"},\"primaryImageOfPage\":{\"@id\":\"https:\\\/\\\/www.trueiconicdesign.com\\\/it\\\/ex-voto-laico-cuore-anatomico-altare-domestico\\\/#primaryimage\"},\"image\":{\"@id\":\"https:\\\/\\\/www.trueiconicdesign.com\\\/it\\\/ex-voto-laico-cuore-anatomico-altare-domestico\\\/#primaryimage\"},\"thumbnailUrl\":\"https:\\\/\\\/www.trueiconicdesign.com\\\/wp-content\\\/uploads\\\/2026\\\/08\\\/featured-ex-voto-laico-il-cuore-anatomico-come-altare-domestico.jpg\",\"datePublished\":\"2026-08-24T12:22:56+00:00\",\"description\":\"Descubre el exvoto laico: el coraz\u00f3n anat\u00f3mico amarillo narciso como altar dom\u00e9stico para transformar gratitud y renacimiento en luz cotidiana.\",\"breadcrumb\":{\"@id\":\"https:\\\/\\\/www.trueiconicdesign.com\\\/it\\\/ex-voto-laico-cuore-anatomico-altare-domestico\\\/#breadcrumb\"},\"inLanguage\":\"es-ES\",\"potentialAction\":[{\"@type\":\"ReadAction\",\"target\":[\"https:\\\/\\\/www.trueiconicdesign.com\\\/it\\\/ex-voto-laico-cuore-anatomico-altare-domestico\\\/\"]}]},{\"@type\":\"ImageObject\",\"inLanguage\":\"es-ES\",\"@id\":\"https:\\\/\\\/www.trueiconicdesign.com\\\/it\\\/ex-voto-laico-cuore-anatomico-altare-domestico\\\/#primaryimage\",\"url\":\"https:\\\/\\\/www.trueiconicdesign.com\\\/wp-content\\\/uploads\\\/2026\\\/08\\\/featured-ex-voto-laico-il-cuore-anatomico-come-altare-domestico.jpg\",\"contentUrl\":\"https:\\\/\\\/www.trueiconicdesign.com\\\/wp-content\\\/uploads\\\/2026\\\/08\\\/featured-ex-voto-laico-il-cuore-anatomico-come-altare-domestico.jpg\",\"width\":2048,\"height\":2048},{\"@type\":\"BreadcrumbList\",\"@id\":\"https:\\\/\\\/www.trueiconicdesign.com\\\/it\\\/ex-voto-laico-cuore-anatomico-altare-domestico\\\/#breadcrumb\",\"itemListElement\":[{\"@type\":\"ListItem\",\"position\":1,\"name\":\"Inicio\",\"item\":\"https:\\\/\\\/www.trueiconicdesign.com\\\/en\\\/\"},{\"@type\":\"ListItem\",\"position\":2,\"name\":\"Ex voto laico: el coraz\u00f3n anat\u00f3mico como altar dom\u00e9stico\"}]},{\"@type\":\"WebSite\",\"@id\":\"https:\\\/\\\/www.trueiconicdesign.com\\\/en\\\/#website\",\"url\":\"https:\\\/\\\/www.trueiconicdesign.com\\\/en\\\/\",\"name\":\"Aut\u00e9ntico dise\u00f1o ic\u00f3nico\",\"description\":\"dise\u00f1o de estilo simb\u00f3lico emocional\",\"publisher\":{\"@id\":\"https:\\\/\\\/www.trueiconicdesign.com\\\/en\\\/#organization\"},\"alternateName\":\"4Additive - Blog de fabricaci\u00f3n aditiva\",\"potentialAction\":[{\"@type\":\"SearchAction\",\"target\":{\"@type\":\"EntryPoint\",\"urlTemplate\":\"https:\\\/\\\/www.trueiconicdesign.com\\\/en\\\/?s={search_term_string}\"},\"query-input\":{\"@type\":\"PropertyValueSpecification\",\"valueRequired\":true,\"valueName\":\"search_term_string\"}}],\"inLanguage\":\"es-ES\"},{\"@type\":\"Organization\",\"@id\":\"https:\\\/\\\/www.trueiconicdesign.com\\\/en\\\/#organization\",\"name\":\"Dise\u00f1o Simb\u00f3lico Emocional\",\"alternateName\":\"4Additive\",\"url\":\"https:\\\/\\\/www.trueiconicdesign.com\\\/en\\\/\",\"logo\":{\"@type\":\"ImageObject\",\"inLanguage\":\"es-ES\",\"@id\":\"https:\\\/\\\/wordpress.m.3dbooster.com\\\/it\\\/#\\\/schema\\\/logo\\\/image\\\/\",\"url\":\"https:\\\/\\\/www.trueiconicdesign.com\\\/wp-content\\\/uploads\\\/2026\\\/07\\\/trueiconicdesign-logo.svg\",\"contentUrl\":\"https:\\\/\\\/www.trueiconicdesign.com\\\/wp-content\\\/uploads\\\/2026\\\/07\\\/trueiconicdesign-logo.svg\",\"caption\":\"Dise\u00f1o Simb\u00f3lico Emocional\"},\"image\":{\"@id\":\"https:\\\/\\\/wordpress.m.3dbooster.com\\\/it\\\/#\\\/schema\\\/logo\\\/image\\\/\"},\"sameAs\":[\"https:\\\/\\\/trueiconicdesign.etsy.com\\\/\"]},{\"@type\":\"Person\",\"@id\":\"https:\\\/\\\/wordpress.m.3dbooster.com\\\/it\\\/#\\\/schema\\\/person\\\/5a1c00cc9c7362ff5de0d9bea94fec08\",\"name\":\"sincronizaci\u00f3n\"}]}<\/script>\n<!-- \/ Yoast SEO plugin. -->","yoast_head_json":{"title":"Ex voto laico: il cuore anatomico come altare domestico - True Iconic Design","description":"Descubre el exvoto laico: el coraz\u00f3n anat\u00f3mico amarillo narciso como altar dom\u00e9stico para transformar gratitud y renacimiento en luz cotidiana.","robots":{"index":"index","follow":"follow","max-snippet":"max-snippet:-1","max-image-preview":"max-image-preview:large","max-video-preview":"max-video-preview:-1"},"canonical":"https:\/\/www.trueiconicdesign.com\/es\/ex-voto-laico-corazon-anatomico-altar-domestico\/","og_locale":"es_ES","og_type":"article","og_title":"Ex voto laico: il cuore anatomico come altare domestico - True Iconic Design","og_description":"Descubre el exvoto laico: el coraz\u00f3n anat\u00f3mico amarillo narciso como altar dom\u00e9stico para transformar gratitud y renacimiento en luz cotidiana.","og_url":"https:\/\/www.trueiconicdesign.com\/es\/ex-voto-laico-corazon-anatomico-altar-domestico\/","og_site_name":"True Iconic Design","article_published_time":"2026-08-24T12:22:56+00:00","og_image":[{"width":2048,"height":2048,"url":"https:\/\/www.trueiconicdesign.com\/wp-content\/uploads\/2026\/08\/featured-ex-voto-laico-il-cuore-anatomico-come-altare-domestico.jpg","type":"image\/jpeg"}],"author":"sync","twitter_card":"summary_large_image","twitter_misc":{"Written by":"sync","Est. reading time":"5 minutes"},"schema":{"@context":"https:\/\/schema.org","@graph":[{"@type":"Article","@id":"https:\/\/www.trueiconicdesign.com\/it\/ex-voto-laico-cuore-anatomico-altare-domestico\/#article","isPartOf":{"@id":"https:\/\/www.trueiconicdesign.com\/it\/ex-voto-laico-cuore-anatomico-altare-domestico\/"},"author":{"name":"sincronizaci\u00f3n","@id":"https:\/\/wordpress.m.3dbooster.com\/it\/#\/schema\/person\/5a1c00cc9c7362ff5de0d9bea94fec08"},"headline":"Ex voto laico: el coraz\u00f3n anat\u00f3mico como altar dom\u00e9stico","datePublished":"2026-08-24T12:22:56+00:00","mainEntityOfPage":{"@id":"https:\/\/www.trueiconicdesign.com\/it\/ex-voto-laico-cuore-anatomico-altare-domestico\/"},"wordCount":1107,"publisher":{"@id":"https:\/\/www.trueiconicdesign.com\/en\/#organization"},"image":{"@id":"https:\/\/www.trueiconicdesign.com\/it\/ex-voto-laico-cuore-anatomico-altare-domestico\/#primaryimage"},"thumbnailUrl":"https:\/\/www.trueiconicdesign.com\/wp-content\/uploads\/2026\/08\/featured-ex-voto-laico-il-cuore-anatomico-come-altare-domestico.jpg","articleSection":["Design"],"inLanguage":"es-ES"},{"@type":"WebPage","@id":"https:\/\/www.trueiconicdesign.com\/it\/ex-voto-laico-cuore-anatomico-altare-domestico\/","url":"https:\/\/www.trueiconicdesign.com\/it\/ex-voto-laico-cuore-anatomico-altare-domestico\/","name":"Ex voto laico: il cuore anatomico come altare domestico - True Iconic Design","isPartOf":{"@id":"https:\/\/www.trueiconicdesign.com\/en\/#website"},"primaryImageOfPage":{"@id":"https:\/\/www.trueiconicdesign.com\/it\/ex-voto-laico-cuore-anatomico-altare-domestico\/#primaryimage"},"image":{"@id":"https:\/\/www.trueiconicdesign.com\/it\/ex-voto-laico-cuore-anatomico-altare-domestico\/#primaryimage"},"thumbnailUrl":"https:\/\/www.trueiconicdesign.com\/wp-content\/uploads\/2026\/08\/featured-ex-voto-laico-il-cuore-anatomico-come-altare-domestico.jpg","datePublished":"2026-08-24T12:22:56+00:00","description":"Descubre el exvoto laico: el coraz\u00f3n anat\u00f3mico amarillo narciso como altar dom\u00e9stico para transformar gratitud y renacimiento en luz cotidiana.","breadcrumb":{"@id":"https:\/\/www.trueiconicdesign.com\/it\/ex-voto-laico-cuore-anatomico-altare-domestico\/#breadcrumb"},"inLanguage":"es-ES","potentialAction":[{"@type":"ReadAction","target":["https:\/\/www.trueiconicdesign.com\/it\/ex-voto-laico-cuore-anatomico-altare-domestico\/"]}]},{"@type":"ImageObject","inLanguage":"es-ES","@id":"https:\/\/www.trueiconicdesign.com\/it\/ex-voto-laico-cuore-anatomico-altare-domestico\/#primaryimage","url":"https:\/\/www.trueiconicdesign.com\/wp-content\/uploads\/2026\/08\/featured-ex-voto-laico-il-cuore-anatomico-come-altare-domestico.jpg","contentUrl":"https:\/\/www.trueiconicdesign.com\/wp-content\/uploads\/2026\/08\/featured-ex-voto-laico-il-cuore-anatomico-come-altare-domestico.jpg","width":2048,"height":2048},{"@type":"BreadcrumbList","@id":"https:\/\/www.trueiconicdesign.com\/it\/ex-voto-laico-cuore-anatomico-altare-domestico\/#breadcrumb","itemListElement":[{"@type":"ListItem","position":1,"name":"Inicio","item":"https:\/\/www.trueiconicdesign.com\/en\/"},{"@type":"ListItem","position":2,"name":"Ex voto laico: el coraz\u00f3n anat\u00f3mico como altar dom\u00e9stico"}]},{"@type":"WebSite","@id":"https:\/\/www.trueiconicdesign.com\/en\/#website","url":"https:\/\/www.trueiconicdesign.com\/en\/","name":"Aut\u00e9ntico dise\u00f1o ic\u00f3nico","description":"dise\u00f1o de estilo simb\u00f3lico emocional","publisher":{"@id":"https:\/\/www.trueiconicdesign.com\/en\/#organization"},"alternateName":"4Additive - Blog de fabricaci\u00f3n aditiva","potentialAction":[{"@type":"SearchAction","target":{"@type":"EntryPoint","urlTemplate":"https:\/\/www.trueiconicdesign.com\/en\/?s={search_term_string}"},"query-input":{"@type":"PropertyValueSpecification","valueRequired":true,"valueName":"search_term_string"}}],"inLanguage":"es-ES"},{"@type":"Organization","@id":"https:\/\/www.trueiconicdesign.com\/en\/#organization","name":"Dise\u00f1o Simb\u00f3lico Emocional","alternateName":"4Additive","url":"https:\/\/www.trueiconicdesign.com\/en\/","logo":{"@type":"ImageObject","inLanguage":"es-ES","@id":"https:\/\/wordpress.m.3dbooster.com\/it\/#\/schema\/logo\/image\/","url":"https:\/\/www.trueiconicdesign.com\/wp-content\/uploads\/2026\/07\/trueiconicdesign-logo.svg","contentUrl":"https:\/\/www.trueiconicdesign.com\/wp-content\/uploads\/2026\/07\/trueiconicdesign-logo.svg","caption":"Dise\u00f1o Simb\u00f3lico Emocional"},"image":{"@id":"https:\/\/wordpress.m.3dbooster.com\/it\/#\/schema\/logo\/image\/"},"sameAs":["https:\/\/trueiconicdesign.etsy.com\/"]},{"@type":"Person","@id":"https:\/\/wordpress.m.3dbooster.com\/it\/#\/schema\/person\/5a1c00cc9c7362ff5de0d9bea94fec08","name":"sincronizaci\u00f3n"}]}},"_links":{"self":[{"href":"https:\/\/www.trueiconicdesign.com\/es\/wp-json\/wp\/v2\/posts\/800","targetHints":{"allow":["GET"]}}],"collection":[{"href":"https:\/\/www.trueiconicdesign.com\/es\/wp-json\/wp\/v2\/posts"}],"about":[{"href":"https:\/\/www.trueiconicdesign.com\/es\/wp-json\/wp\/v2\/types\/post"}],"author":[{"embeddable":true,"href":"https:\/\/www.trueiconicdesign.com\/es\/wp-json\/wp\/v2\/users\/3"}],"replies":[{"embeddable":true,"href":"https:\/\/www.trueiconicdesign.com\/es\/wp-json\/wp\/v2\/comments?post=800"}],"version-history":[{"count":1,"href":"https:\/\/www.trueiconicdesign.com\/es\/wp-json\/wp\/v2\/posts\/800\/revisions"}],"predecessor-version":[{"id":802,"href":"https:\/\/www.trueiconicdesign.com\/es\/wp-json\/wp\/v2\/posts\/800\/revisions\/802"}],"wp:featuredmedia":[{"embeddable":true,"href":"https:\/\/www.trueiconicdesign.com\/es\/wp-json\/wp\/v2\/media\/801"}],"wp:attachment":[{"href":"https:\/\/www.trueiconicdesign.com\/es\/wp-json\/wp\/v2\/media?parent=800"}],"wp:term":[{"taxonomy":"category","embeddable":true,"href":"https:\/\/www.trueiconicdesign.com\/es\/wp-json\/wp\/v2\/categories?post=800"},{"taxonomy":"post_tag","embeddable":true,"href":"https:\/\/www.trueiconicdesign.com\/es\/wp-json\/wp\/v2\/tags?post=800"},{"taxonomy":"foradditive_tecnologie","embeddable":true,"href":"https:\/\/www.trueiconicdesign.com\/es\/wp-json\/wp\/v2\/foradditive_tecnologie?post=800"},{"taxonomy":"foradditive_materiali","embeddable":true,"href":"https:\/\/www.trueiconicdesign.com\/es\/wp-json\/wp\/v2\/foradditive_materiali?post=800"},{"taxonomy":"foradditive_applicazioni","embeddable":true,"href":"https:\/\/www.trueiconicdesign.com\/es\/wp-json\/wp\/v2\/foradditive_applicazioni?post=800"},{"taxonomy":"foradditive_case_studies","embeddable":true,"href":"https:\/\/www.trueiconicdesign.com\/es\/wp-json\/wp\/v2\/foradditive_case_studies?post=800"},{"taxonomy":"foradditive_settori_industriali","embeddable":true,"href":"https:\/\/www.trueiconicdesign.com\/es\/wp-json\/wp\/v2\/foradditive_settori_industriali?post=800"}],"curies":[{"name":"wp","href":"https:\/\/api.w.org\/{rel}","templated":true}]}}