{"id":784,"date":"2026-08-17T12:15:58","date_gmt":"2026-08-17T10:15:58","guid":{"rendered":"https:\/\/www.trueiconicdesign.com\/it\/?p=784"},"modified":"2026-08-17T12:22:13","modified_gmt":"2026-08-17T10:22:13","slug":"nuvoletta-3d-pla-arredo-fumetto-personalizzato","status":"publish","type":"post","link":"https:\/\/www.trueiconicdesign.com\/es\/nuvoletta-3d-pla-arredo-fumetto-personalizzato\/","title":{"rendered":"Nuvoletta 3D in PLA: il fumetto diventa arredo personalizzato"},"content":{"rendered":"<h2>La Palabra que Sale del Papel: Cuando el C\u00f3mic se Convierte en Decoraci\u00f3n Tridimensional<\/h2>\n<p>Llega un momento en que las palabras dejan de ser solo tinta en papel y se convierten en presencia f\u00edsica en el espacio. Una frase que acompa\u00f1a durante a\u00f1os, un pensamiento que se quiere hacer tangible, encuentra finalmente forma en la pared. El bocadillo de c\u00f3mic, s\u00edmbolo gr\u00e1fico reconocible, se transforma en objeto tridimensional. No rompe la cuarta pared para sorprender, sino para dar un nuevo ritmo a la casa, transformando el ambiente en una escena donde la voz es elegida por quien habita.<\/p>\n<h3>Del Papel a la Pared: La Gram\u00e1tica Visual del C\u00f3mic<\/h3>\n<p><em>El c\u00f3mic siempre ha hablado a trav\u00e9s de los bocadillos. Llevarlos fuera de la p\u00e1gina significa dar cuerpo f\u00edsico al lenguaje mismo.<\/em><\/p>\n<p>La silueta es inmediata: el contorno redondeado, la colita triangular que indica una direcci\u00f3n, el borde negro que define el espacio blanco. Es la gram\u00e1tica universal del di\u00e1logo dibujado, la que desde hace d\u00e9cadas da voz a los personajes.<\/p>\n<p>Pero cuando esta forma bidimensional adquiere un espesor de 1 cm y se realiza en biopl\u00e1stico PLA, la percepci\u00f3n cambia. El texto ya no est\u00e1 impreso en una superficie: est\u00e1 integrado en la materia. Las letras negras emergen del fondo blanco con una presencia t\u00e1ctil, visible tambi\u00e9n de perfil, creando una sombra ligera en la pared.<\/p>\n<p>El contraste crom\u00e1tico permanece fiel a la est\u00e9tica cl\u00e1sica del c\u00f3mic en blanco y negro. Ning\u00fan matiz, ninguna gradaci\u00f3n: solo el di\u00e1logo n\u00edtido entre dos polos opuestos que se definen mutuamente.<\/p>\n<div class=\"article-box article-box--highlight\">\n<strong>Caracter\u00edsticas distintivas<\/strong><\/p>\n<ul>\n<li>Dimensiones m\u00e1ximas 23\u00d723 cm, adaptables al texto elegido<\/li>\n<li>Espesor de 1 cm que crea un relieve perceptible<\/li>\n<li>Realizaci\u00f3n en PLA mediante impresi\u00f3n 3D bajo pedido<\/li>\n<li>Personalizaci\u00f3n completa del texto y posibilidad de modificaciones extra<\/li>\n<\/ul>\n<\/div>\n<h3>Elegir las Palabras Correctas: La Personalizaci\u00f3n como Acto Creativo<\/h3>\n<p><em>Cada espacio tiene una voz. La nubecita personalizada te permite escribirla, literalmente.<\/em><\/p>\n<p>La personalizaci\u00f3n no es un detalle accesorio: es el coraz\u00f3n del objeto. Insertar el propio texto significa decidir qu\u00e9 mensaje acompa\u00f1ar\u00e1 la vida cotidiana, qu\u00e9 frase se convertir\u00e1 en parte de la identidad visual de una habitaci\u00f3n.<\/p>\n<p>En el dormitorio, una nubecita sobre la cama puede contener un pensamiento recurrente o una nota ir\u00f3nica sobre el despertar. En la oficina en casa, una frase se convierte en un recordatorio visible durante las horas de trabajo. En el espacio creativo, una cita puede funcionar como punto de referencia mental.<\/p>\n<p>La elecci\u00f3n del texto requiere equilibrio. Frases demasiado largas pierden impacto visual y legibilidad: la nubecita funciona mejor con frases cortas, aforismos breves, exclamaciones que impactan a primera vista. Es un objeto que trabaja por s\u00edntesis, no por disertaci\u00f3n.<\/p>\n<h3>Colocar la Voz: D\u00f3nde y C\u00f3mo Posicionar la Nubecita<\/h3>\n<p><em>El posicionamiento determina el significado. Una nubecita cerca de la m\u00e1quina de caf\u00e9 no habla como una sobre el escritorio.<\/em><\/p>\n<p>La <a href=\"https:\/\/www.trueiconicdesign.com\/es\/product\/fumetto-nuvoletta-da-parete-personalizzato-con-testo-a-scelta\/\">nubecita de pared personalizable<\/a> encuentra su ubicaci\u00f3n ideal en cinco ambientes principales: dormitorio, cocina y comedor, sala de estar, espacio creativo y oficina. Cada contexto le confiere un papel narrativo diferente.<\/p>\n<p>En la cocina, colocada cerca del rinc\u00f3n del caf\u00e9, puede comentar la necesidad diaria de cafe\u00edna. En la sala de estar, junto a un cuadro o una planta, crea un di\u00e1logo visual con los dem\u00e1s elementos de decoraci\u00f3n. En la entrada, funciona como mensaje de bienvenida o advertencia jocosa para quien entra.<\/p>\n<p>El sistema de fijaci\u00f3n prev\u00e9 un orificio trasero para colgar con clavo o tornillo, o el uso de cinta adhesiva de doble cara. La ligereza del PLA hace<\/p>\n<div class=\"article-box article-box--related\">\n<strong>Lee tambi\u00e9n<\/strong><\/p>\n<ul>\n<li><a href=\"https:\/\/www.trueiconicdesign.com\/es\/nube-historieta-pared-recurso-narrativo\/\">Paredes parlantes: la nubecita como dispositivo narrativo<\/a><\/li>\n<\/ul>\n<\/div>","protected":false},"excerpt":{"rendered":"<p>La nuvoletta da fumetto in PLA stampata in 3D diventa un arredo tridimensionale: spessore 1 cm, testo personalizzabile, contrasto bianco e nero per dare voce alle pareti.<\/p>","protected":false},"author":3,"featured_media":785,"comment_status":"closed","ping_status":"","sticky":false,"template":"","format":"standard","meta":{"foradditive_qa_html":"<section class=\"foradditive-faq\"><div class=\"foradditive-faq-item\"><h3>Di quale materiale \u00e8 realizzata la nuvoletta da fumetto?<\/h3><p>La nuvoletta \u00e8 realizzata interamente in bioplastica PLA tramite stampa 3D su ordinazione. Questo materiale permette di ottenere uno spessore solido di 1 cm mantenendo la leggerezza dell&#x27;oggetto.<\/p><\/div><div class=\"foradditive-faq-item\"><h3>Quali sono le dimensioni massime disponibili per la nuvoletta?<\/h3><p>Le dimensioni massime della nuvoletta sono di 23\u00d723 cm, ma queste possono essere adattate in base alla lunghezza del testo scelto. La forma rimane riconoscibile grazie al contorno arrotondato e alla codetta triangolare.<\/p><\/div><div class=\"foradditive-faq-item\"><h3>\u00c8 possibile personalizzare il testo scritto nella nuvoletta?<\/h3><p>S\u00ec, la personalizzazione del testo \u00e8 completa e rappresenta il cuore creativo dell&#x27;oggetto. Puoi inserire frasi brevi, aforismi o battute secche che meglio esprimono l&#x27;identit\u00e0 della stanza.<\/p><\/div><div class=\"foradditive-faq-item\"><h3>Come appare visivamente il testo sulla nuvoletta 3D?<\/h3><p>Le lettere nere emergono dal fondo bianco con una presenza tattile e visibile anche di profilo, creando una leggera ombra sul muro. Il contrasto cromatico resta fedele all&#x27;estetica classica del fumetto in bianco e nero.<\/p><\/div><div class=\"foradditive-faq-item\"><h3>In quali ambienti si consiglia di posizionare la nuvoletta?<\/h3><p>La nuvoletta \u00e8 ideale in camera da letto per pensieri ricorrenti, nell&#x27;home office come promemoria visibile o negli spazi creativi come punto di riferimento mentale. Il posizionamento determina il significato e l&#x27;impatto della frase scelta.<\/p><\/div><\/section>","foradditive_qa_html_en":"<section class=\"foradditive-faq\"><div class=\"foradditive-faq-item\"><h3>What material is the comic cloud made of?<\/h3><p>The cloud is entirely made of PLA bioplastic via on-demand 3D printing. This material allows for a solid 1 cm thickness while keeping the object lightweight.<\/p><\/div><div class=\"foradditive-faq-item\"><h3>What are the maximum dimensions available for the cloud?<\/h3><p>The cloud&#x27;s maximum dimensions are 23\u00d723 cm, but these can be adapted based on the length of the chosen text. The shape remains recognizable thanks to its rounded outline and triangular tail.<\/p><\/div><div class=\"foradditive-faq-item\"><h3>Is it possible to customize the text written in the cloud?<\/h3><p>Yes, text customization is complete and represents the creative heart of the object. You can insert short phrases, aphorisms, or witty remarks that best express the room&#x27;s identity.<\/p><\/div><div class=\"foradditive-faq-item\"><h3>How does the text visually appear on the 3D cloud?<\/h3><p>The black letters emerge from the white background with a tactile and visible presence even in profile, casting a slight shadow on the wall. The color contrast remains faithful to the classic black-and-white comic aesthetic.<\/p><\/div><div class=\"foradditive-faq-item\"><h3>In which environments is it recommended to place the cloud?<\/h3><p>The cloud is ideal in bedrooms for recurring thoughts, in home offices as a visible reminder, or in creative spaces as a mental reference point. Placement determines the meaning and impact of the chosen phrase.<\/p><\/div><\/section>","foradditive_qa_html_fr":"<section class=\"foradditive-faq\"><div class=\"foradditive-faq-item\"><h3>De quel mat\u00e9riau est faite la bulle de bande dessin\u00e9e ?<\/h3><p>La bulle est enti\u00e8rement r\u00e9alis\u00e9e en bioplastique PLA par impression 3D sur commande. Ce mat\u00e9riau permet d&#x27;obtenir une \u00e9paisseur solide de 1 cm tout en conservant la l\u00e9g\u00e8ret\u00e9 de l&#x27;objet.<\/p><\/div><div class=\"foradditive-faq-item\"><h3>Quelles sont les dimensions maximales disponibles pour la bulle ?<\/h3><p>Les dimensions maximales de la bulle sont de 23\u00d723 cm, mais elles peuvent \u00eatre adapt\u00e9es selon la longueur du texte choisi. La forme reste reconnaissable gr\u00e2ce au contour arrondi et \u00e0 la petite queue triangulaire.<\/p><\/div><div class=\"foradditive-faq-item\"><h3>Est-il possible de personnaliser le texte inscrit dans la bulle ?<\/h3><p>Oui, la personnalisation du texte est totale et constitue le c\u0153ur cr\u00e9atif de l&#x27;objet. Vous pouvez ins\u00e9rer des phrases courtes, des aphorismes ou des r\u00e9pliques percutantes qui expriment au mieux l&#x27;identit\u00e9 de la pi\u00e8ce.<\/p><\/div><div class=\"foradditive-faq-item\"><h3>Comment le texte appara\u00eet-il visuellement sur la bulle 3D ?<\/h3><p>Les lettres noires se d\u00e9tachent du fond blanc avec une pr\u00e9sence tactile et visible m\u00eame de profil, cr\u00e9ant une l\u00e9g\u00e8re ombre sur le mur. Le contraste chromatique reste fid\u00e8le \u00e0 l&#x27;esth\u00e9tique classique de la bande dessin\u00e9e en noir et blanc.<\/p><\/div><div class=\"foradditive-faq-item\"><h3>Dans quels environnements est-il recommand\u00e9 de placer la bulle ?<\/h3><p>La bulle est id\u00e9ale dans une chambre \u00e0 coucher pour des pens\u00e9es r\u00e9currentes, dans un bureau \u00e0 domicile comme aide-m\u00e9moire visible, ou dans des espaces cr\u00e9atifs comme point de rep\u00e8re mental. Le positionnement d\u00e9termine le sens et l&#x27;impact de la phrase choisie.<\/p><\/div><\/section>","foradditive_qa_html_de":"<section class=\"foradditive-faq\"><div class=\"foradditive-faq-item\"><h3>Aus welchem Material besteht die Sprechblase?<\/h3><p>Die Sprechblase wird vollst\u00e4ndig aus PLA-Biokunststoff im 3D-Druck auf Bestellung gefertigt. Dieses Material erm\u00f6glicht eine solide St\u00e4rke von 1 cm bei gleichzeitiger Leichtigkeit des Objekts.<\/p><\/div><div class=\"foradditive-faq-item\"><h3>Welche maximalen Abmessungen sind f\u00fcr die Sprechblase verf\u00fcgbar?<\/h3><p>Die Maximalabmessungen der Sprechblase betragen 23\u00d723 cm, k\u00f6nnen jedoch an die L\u00e4nge des gew\u00e4hlten Textes angepasst werden. Die Form bleibt dank der abgerundeten Kontur und des dreieckigen Schw\u00e4nzchens erkennbar.<\/p><\/div><div class=\"foradditive-faq-item\"><h3>Kann der Text in der Sprechblase personalisiert werden?<\/h3><p>Ja, die Textpersonalisierung ist umfassend und stellt das kreative Herzst\u00fcck des Objekts dar. Sie k\u00f6nnen kurze S\u00e4tze, Aphorismen oder pointierte Witze einf\u00fcgen, die die Identit\u00e4t des Raums am besten ausdr\u00fccken.<\/p><\/div><div class=\"foradditive-faq-item\"><h3>Wie erscheint der Text auf der 3D-Sprechblase visuell?<\/h3><p>Die schwarzen Buchstaben heben sich taktil und sichtbar auch im Profil vom wei\u00dfen Hintergrund ab und werfen einen leichten Schatten an die Wand. Der Farbkontrast bleibt der klassischen \u00c4sthetik schwarz-wei\u00dfer Comics treu.<\/p><\/div><div class=\"foradditive-faq-item\"><h3>In welchen R\u00e4umen wird die Platzierung der Sprechblase empfohlen?<\/h3><p>Die Sprechblase eignet sich ideal f\u00fcr das Schlafzimmer bei wiederkehrenden Gedanken, im Homeoffice als sichtbare Erinnerung oder in kreativen Bereichen als mentaler Bezugspunkt. Die Positionierung bestimmt die Bedeutung und Wirkung des gew\u00e4hlten Satzes.<\/p><\/div><\/section>","foradditive_qa_html_es":"<section class=\"foradditive-faq\"><div class=\"foradditive-faq-item\"><h3>\u00bfDe qu\u00e9 material est\u00e1 hecha la nubecita de c\u00f3mic?<\/h3><p>La nubecita est\u00e1 fabricada \u00edntegramente en biopl\u00e1stico PLA mediante impresi\u00f3n 3D bajo pedido. Este material permite lograr un grosor s\u00f3lido de 1 cm manteniendo la ligereza del objeto.<\/p><\/div><div class=\"foradditive-faq-item\"><h3>\u00bfCu\u00e1les son las dimensiones m\u00e1ximas disponibles para la nubecita?<\/h3><p>Las dimensiones m\u00e1ximas de la nubecita son de 23\u00d723 cm, pero pueden adaptarse seg\u00fan la longitud del texto elegido. La forma permanece reconocible gracias al contorno redondeado y a la colita triangular.<\/p><\/div><div class=\"foradditive-faq-item\"><h3>\u00bfEs posible personalizar el texto escrito en la nubecita?<\/h3><p>S\u00ed, la personalizaci\u00f3n del texto es completa y representa el n\u00facleo creativo del objeto. Puedes incluir frases breves, aforismos o chistes ingeniosos que expresen mejor la identidad de la habitaci\u00f3n.<\/p><\/div><div class=\"foradditive-faq-item\"><h3>\u00bfC\u00f3mo aparece visualmente el texto sobre la nubecita 3D?<\/h3><p>Las letras negras sobresalen del fondo blanco con una presencia t\u00e1ctil y visible incluso de perfil, creando una ligera sombra en la pared. El contraste crom\u00e1tico se mantiene fiel a la est\u00e9tica cl\u00e1sica del c\u00f3mic en blanco y negro.<\/p><\/div><div class=\"foradditive-faq-item\"><h3>\u00bfEn qu\u00e9 espacios se recomienda colocar la nubecita?<\/h3><p>La nubecita es ideal en el dormitorio para pensamientos recurrentes, en el home office como recordatorio visible o en espacios creativos como punto de referencia mental. La ubicaci\u00f3n determina el significado y el impacto de la frase elegida.<\/p><\/div><\/section>","foradditive_qa_jsonld":"{\"@context\":\"https:\/\/schema.org\",\"@type\":\"FAQPage\",\"inLanguage\":\"it\",\"mainEntity\":[{\"@type\":\"Question\",\"name\":\"Di quale materiale \u00e8 realizzata la nuvoletta da fumetto?\",\"acceptedAnswer\":{\"@type\":\"Answer\",\"text\":\"La nuvoletta \u00e8 realizzata interamente in bioplastica PLA tramite stampa 3D su ordinazione. Questo materiale permette di ottenere uno spessore solido di 1 cm mantenendo la leggerezza dell'oggetto.\"}},{\"@type\":\"Question\",\"name\":\"Quali sono le dimensioni massime disponibili per la nuvoletta?\",\"acceptedAnswer\":{\"@type\":\"Answer\",\"text\":\"Le dimensioni massime della nuvoletta sono di 23\u00d723 cm, ma queste possono essere adattate in base alla lunghezza del testo scelto. La forma rimane riconoscibile grazie al contorno arrotondato e alla codetta triangolare.\"}},{\"@type\":\"Question\",\"name\":\"\u00c8 possibile personalizzare il testo scritto nella nuvoletta?\",\"acceptedAnswer\":{\"@type\":\"Answer\",\"text\":\"S\u00ec, la personalizzazione del testo \u00e8 completa e rappresenta il cuore creativo dell'oggetto. Puoi inserire frasi brevi, aforismi o battute secche che meglio esprimono l'identit\u00e0 della stanza.\"}},{\"@type\":\"Question\",\"name\":\"Come appare visivamente il testo sulla nuvoletta 3D?\",\"acceptedAnswer\":{\"@type\":\"Answer\",\"text\":\"Le lettere nere emergono dal fondo bianco con una presenza tattile e visibile anche di profilo, creando una leggera ombra sul muro. Il contrasto cromatico resta fedele all'estetica classica del fumetto in bianco e nero.\"}},{\"@type\":\"Question\",\"name\":\"In quali ambienti si consiglia di posizionare la nuvoletta?\",\"acceptedAnswer\":{\"@type\":\"Answer\",\"text\":\"La nuvoletta \u00e8 ideale in camera da letto per pensieri ricorrenti, nell'home office come promemoria visibile o negli spazi creativi come punto di riferimento mentale. Il posizionamento determina il significato e l'impatto della frase scelta.\"}}]}","foradditive_qa_jsonld_en":"{\"@context\":\"https:\/\/schema.org\",\"@type\":\"FAQPage\",\"inLanguage\":\"en\",\"mainEntity\":[{\"@type\":\"Question\",\"name\":\"What material is the comic cloud made of?\",\"acceptedAnswer\":{\"@type\":\"Answer\",\"text\":\"The cloud is entirely made of PLA bioplastic via on-demand 3D printing. This material allows for a solid 1 cm thickness while keeping the object lightweight.\"}},{\"@type\":\"Question\",\"name\":\"What are the maximum dimensions available for the cloud?\",\"acceptedAnswer\":{\"@type\":\"Answer\",\"text\":\"The cloud's maximum dimensions are 23\u00d723 cm, but these can be adapted based on the length of the chosen text. The shape remains recognizable thanks to its rounded outline and triangular tail.\"}},{\"@type\":\"Question\",\"name\":\"Is it possible to customize the text written in the cloud?\",\"acceptedAnswer\":{\"@type\":\"Answer\",\"text\":\"Yes, text customization is complete and represents the creative heart of the object. You can insert short phrases, aphorisms, or witty remarks that best express the room's identity.\"}},{\"@type\":\"Question\",\"name\":\"How does the text visually appear on the 3D cloud?\",\"acceptedAnswer\":{\"@type\":\"Answer\",\"text\":\"The black letters emerge from the white background with a tactile and visible presence even in profile, casting a slight shadow on the wall. The color contrast remains faithful to the classic black-and-white comic aesthetic.\"}},{\"@type\":\"Question\",\"name\":\"In which environments is it recommended to place the cloud?\",\"acceptedAnswer\":{\"@type\":\"Answer\",\"text\":\"The cloud is ideal in bedrooms for recurring thoughts, in home offices as a visible reminder, or in creative spaces as a mental reference point. Placement determines the meaning and impact of the chosen phrase.\"}}]}","foradditive_qa_jsonld_fr":"{\"@context\":\"https:\/\/schema.org\",\"@type\":\"FAQPage\",\"inLanguage\":\"fr\",\"mainEntity\":[{\"@type\":\"Question\",\"name\":\"De quel mat\u00e9riau est faite la bulle de bande dessin\u00e9e ?\",\"acceptedAnswer\":{\"@type\":\"Answer\",\"text\":\"La bulle est enti\u00e8rement r\u00e9alis\u00e9e en bioplastique PLA par impression 3D sur commande. Ce mat\u00e9riau permet d'obtenir une \u00e9paisseur solide de 1 cm tout en conservant la l\u00e9g\u00e8ret\u00e9 de l'objet.\"}},{\"@type\":\"Question\",\"name\":\"Quelles sont les dimensions maximales disponibles pour la bulle ?\",\"acceptedAnswer\":{\"@type\":\"Answer\",\"text\":\"Les dimensions maximales de la bulle sont de 23\u00d723 cm, mais elles peuvent \u00eatre adapt\u00e9es selon la longueur du texte choisi. La forme reste reconnaissable gr\u00e2ce au contour arrondi et \u00e0 la petite queue triangulaire.\"}},{\"@type\":\"Question\",\"name\":\"Est-il possible de personnaliser le texte inscrit dans la bulle ?\",\"acceptedAnswer\":{\"@type\":\"Answer\",\"text\":\"Oui, la personnalisation du texte est totale et constitue le c\u0153ur cr\u00e9atif de l'objet. Vous pouvez ins\u00e9rer des phrases courtes, des aphorismes ou des r\u00e9pliques percutantes qui expriment au mieux l'identit\u00e9 de la pi\u00e8ce.\"}},{\"@type\":\"Question\",\"name\":\"Comment le texte appara\u00eet-il visuellement sur la bulle 3D ?\",\"acceptedAnswer\":{\"@type\":\"Answer\",\"text\":\"Les lettres noires se d\u00e9tachent du fond blanc avec une pr\u00e9sence tactile et visible m\u00eame de profil, cr\u00e9ant une l\u00e9g\u00e8re ombre sur le mur. Le contraste chromatique reste fid\u00e8le \u00e0 l'esth\u00e9tique classique de la bande dessin\u00e9e en noir et blanc.\"}},{\"@type\":\"Question\",\"name\":\"Dans quels environnements est-il recommand\u00e9 de placer la bulle ?\",\"acceptedAnswer\":{\"@type\":\"Answer\",\"text\":\"La bulle est id\u00e9ale dans une chambre \u00e0 coucher pour des pens\u00e9es r\u00e9currentes, dans un bureau \u00e0 domicile comme aide-m\u00e9moire visible, ou dans des espaces cr\u00e9atifs comme point de rep\u00e8re mental. Le positionnement d\u00e9termine le sens et l'impact de la phrase choisie.\"}}]}","foradditive_qa_jsonld_de":"{\"@context\":\"https:\/\/schema.org\",\"@type\":\"FAQPage\",\"inLanguage\":\"de\",\"mainEntity\":[{\"@type\":\"Question\",\"name\":\"Aus welchem Material besteht die Sprechblase?\",\"acceptedAnswer\":{\"@type\":\"Answer\",\"text\":\"Die Sprechblase wird vollst\u00e4ndig aus PLA-Biokunststoff im 3D-Druck auf Bestellung gefertigt. Dieses Material erm\u00f6glicht eine solide St\u00e4rke von 1 cm bei gleichzeitiger Leichtigkeit des Objekts.\"}},{\"@type\":\"Question\",\"name\":\"Welche maximalen Abmessungen sind f\u00fcr die Sprechblase verf\u00fcgbar?\",\"acceptedAnswer\":{\"@type\":\"Answer\",\"text\":\"Die Maximalabmessungen der Sprechblase betragen 23\u00d723 cm, k\u00f6nnen jedoch an die L\u00e4nge des gew\u00e4hlten Textes angepasst werden. Die Form bleibt dank der abgerundeten Kontur und des dreieckigen Schw\u00e4nzchens erkennbar.\"}},{\"@type\":\"Question\",\"name\":\"Kann der Text in der Sprechblase personalisiert werden?\",\"acceptedAnswer\":{\"@type\":\"Answer\",\"text\":\"Ja, die Textpersonalisierung ist umfassend und stellt das kreative Herzst\u00fcck des Objekts dar. Sie k\u00f6nnen kurze S\u00e4tze, Aphorismen oder pointierte Witze einf\u00fcgen, die die Identit\u00e4t des Raums am besten ausdr\u00fccken.\"}},{\"@type\":\"Question\",\"name\":\"Wie erscheint der Text auf der 3D-Sprechblase visuell?\",\"acceptedAnswer\":{\"@type\":\"Answer\",\"text\":\"Die schwarzen Buchstaben heben sich taktil und sichtbar auch im Profil vom wei\u00dfen Hintergrund ab und werfen einen leichten Schatten an die Wand. Der Farbkontrast bleibt der klassischen \u00c4sthetik schwarz-wei\u00dfer Comics treu.\"}},{\"@type\":\"Question\",\"name\":\"In welchen R\u00e4umen wird die Platzierung der Sprechblase empfohlen?\",\"acceptedAnswer\":{\"@type\":\"Answer\",\"text\":\"Die Sprechblase eignet sich ideal f\u00fcr das Schlafzimmer bei wiederkehrenden Gedanken, im Homeoffice als sichtbare Erinnerung oder in kreativen Bereichen als mentaler Bezugspunkt. Die Positionierung bestimmt die Bedeutung und Wirkung des gew\u00e4hlten Satzes.\"}}]}","foradditive_qa_jsonld_es":"{\"@context\":\"https:\/\/schema.org\",\"@type\":\"FAQPage\",\"inLanguage\":\"es\",\"mainEntity\":[{\"@type\":\"Question\",\"name\":\"\u00bfDe qu\u00e9 material est\u00e1 hecha la nubecita de c\u00f3mic?\",\"acceptedAnswer\":{\"@type\":\"Answer\",\"text\":\"La nubecita est\u00e1 fabricada \u00edntegramente en biopl\u00e1stico PLA mediante impresi\u00f3n 3D bajo pedido. Este material permite lograr un grosor s\u00f3lido de 1 cm manteniendo la ligereza del objeto.\"}},{\"@type\":\"Question\",\"name\":\"\u00bfCu\u00e1les son las dimensiones m\u00e1ximas disponibles para la nubecita?\",\"acceptedAnswer\":{\"@type\":\"Answer\",\"text\":\"Las dimensiones m\u00e1ximas de la nubecita son de 23\u00d723 cm, pero pueden adaptarse seg\u00fan la longitud del texto elegido. La forma permanece reconocible gracias al contorno redondeado y a la colita triangular.\"}},{\"@type\":\"Question\",\"name\":\"\u00bfEs posible personalizar el texto escrito en la nubecita?\",\"acceptedAnswer\":{\"@type\":\"Answer\",\"text\":\"S\u00ed, la personalizaci\u00f3n del texto es completa y representa el n\u00facleo creativo del objeto. Puedes incluir frases breves, aforismos o chistes ingeniosos que expresen mejor la identidad de la habitaci\u00f3n.\"}},{\"@type\":\"Question\",\"name\":\"\u00bfC\u00f3mo aparece visualmente el texto sobre la nubecita 3D?\",\"acceptedAnswer\":{\"@type\":\"Answer\",\"text\":\"Las letras negras sobresalen del fondo blanco con una presencia t\u00e1ctil y visible incluso de perfil, creando una ligera sombra en la pared. El contraste crom\u00e1tico se mantiene fiel a la est\u00e9tica cl\u00e1sica del c\u00f3mic en blanco y negro.\"}},{\"@type\":\"Question\",\"name\":\"\u00bfEn qu\u00e9 espacios se recomienda colocar la nubecita?\",\"acceptedAnswer\":{\"@type\":\"Answer\",\"text\":\"La nubecita es ideal en el dormitorio para pensamientos recurrentes, en el home office como recordatorio visible o en espacios creativos como punto de referencia mental. La ubicaci\u00f3n determina el significado y el impacto de la frase elegida.\"}}]}","foradditive_slug_en":"3d-cloud-pla-cartoon-custom-furniture","foradditive_slug_fr":"nuage-3d-pla-deco-bd-personnalise","foradditive_slug_de":"3d-wolke-pla-moebel-comic-personalisiert","foradditive_slug_es":"nube-3d-pla-decoracion-comic-personalizada","foradditive_audio_summary_it":0,"foradditive_audio_summary_en":0,"foradditive_audio_summary_fr":0,"foradditive_audio_summary_de":0,"foradditive_audio_summary_es":0,"footnotes":""},"categories":[33],"tags":[],"foradditive_tecnologie":[],"foradditive_materiali":[],"foradditive_applicazioni":[],"foradditive_case_studies":[],"foradditive_settori_industriali":[],"class_list":["post-784","post","type-post","status-publish","format-standard","has-post-thumbnail","hentry","category-design"],"yoast_head":"<!-- This site is optimized with the Yoast SEO plugin v28.3 - https:\/\/yoast.com\/product\/yoast-seo-wordpress\/ -->\n<title>Nubecita 3D en PLA: el c\u00f3mic se convierte en mobiliario personalizado - True Iconic Design<\/title>\n<meta name=\"description\" content=\"Transforma el c\u00f3mic en decoraci\u00f3n con Nuvoletta 3D en PLA. Personaliza frases \u00fanicas para dar voz a tus paredes con estilo tridimensional.\" \/>\n<meta name=\"robots\" content=\"index, follow, max-snippet:-1, max-image-preview:large, max-video-preview:-1\" \/>\n<link rel=\"canonical\" href=\"https:\/\/www.trueiconicdesign.com\/es\/nube-3d-pla-decoracion-comic-personalizada\/\" \/>\n<meta property=\"og:locale\" content=\"es_ES\" \/>\n<meta property=\"og:type\" content=\"article\" \/>\n<meta property=\"og:title\" content=\"Nubecita 3D en PLA: el c\u00f3mic se convierte en mobiliario personalizado - True Iconic Design\" \/>\n<meta property=\"og:description\" content=\"Transforma el c\u00f3mic en decoraci\u00f3n con Nuvoletta 3D en PLA. Personaliza frases \u00fanicas para dar voz a tus paredes con estilo tridimensional.\" \/>\n<meta property=\"og:url\" content=\"https:\/\/www.trueiconicdesign.com\/es\/nube-3d-pla-decoracion-comic-personalizada\/\" \/>\n<meta property=\"og:site_name\" content=\"True Iconic Design\" \/>\n<meta property=\"article:published_time\" content=\"2026-08-17T10:15:58+00:00\" \/>\n<meta property=\"article:modified_time\" content=\"2026-08-17T10:22:13+00:00\" \/>\n<meta property=\"og:image\" content=\"https:\/\/www.trueiconicdesign.com\/wp-content\/uploads\/2026\/08\/featured-nuvoletta-3d-in-pla-il-fumetto-diventa-arredo-personalizzato-1024x1024.png\" \/>\n\t<meta property=\"og:image:width\" content=\"1024\" \/>\n\t<meta property=\"og:image:height\" content=\"1024\" \/>\n\t<meta property=\"og:image:type\" content=\"image\/png\" \/>\n<meta name=\"author\" content=\"sync\" \/>\n<meta name=\"twitter:card\" content=\"summary_large_image\" \/>\n<meta name=\"twitter:label1\" content=\"Written by\" \/>\n\t<meta name=\"twitter:data1\" content=\"sync\" \/>\n\t<meta name=\"twitter:label2\" content=\"Est. reading time\" \/>\n\t<meta name=\"twitter:data2\" content=\"3 minutes\" \/>\n<script type=\"application\/ld+json\" class=\"yoast-schema-graph\">{\"@context\":\"https:\\\/\\\/schema.org\",\"@graph\":[{\"@type\":\"Article\",\"@id\":\"https:\\\/\\\/www.trueiconicdesign.com\\\/it\\\/nuvoletta-3d-pla-arredo-fumetto-personalizzato\\\/#article\",\"isPartOf\":{\"@id\":\"https:\\\/\\\/www.trueiconicdesign.com\\\/it\\\/nuvoletta-3d-pla-arredo-fumetto-personalizzato\\\/\"},\"author\":{\"name\":\"sincronizaci\u00f3n\",\"@id\":\"https:\\\/\\\/wordpress.m.3dbooster.com\\\/it\\\/#\\\/schema\\\/person\\\/5a1c00cc9c7362ff5de0d9bea94fec08\"},\"headline\":\"Nuvoletta 3D in PLA: il fumetto diventa arredo personalizzato\",\"datePublished\":\"2026-08-17T10:15:58+00:00\",\"dateModified\":\"2026-08-17T10:22:13+00:00\",\"mainEntityOfPage\":{\"@id\":\"https:\\\/\\\/www.trueiconicdesign.com\\\/it\\\/nuvoletta-3d-pla-arredo-fumetto-personalizzato\\\/\"},\"wordCount\":558,\"publisher\":{\"@id\":\"https:\\\/\\\/www.trueiconicdesign.com\\\/en\\\/#organization\"},\"image\":{\"@id\":\"https:\\\/\\\/www.trueiconicdesign.com\\\/it\\\/nuvoletta-3d-pla-arredo-fumetto-personalizzato\\\/#primaryimage\"},\"thumbnailUrl\":\"https:\\\/\\\/www.trueiconicdesign.com\\\/wp-content\\\/uploads\\\/2026\\\/08\\\/featured-nuvoletta-3d-in-pla-il-fumetto-diventa-arredo-personalizzato.png\",\"articleSection\":[\"Design\"],\"inLanguage\":\"es-ES\"},{\"@type\":\"WebPage\",\"@id\":\"https:\\\/\\\/www.trueiconicdesign.com\\\/it\\\/nuvoletta-3d-pla-arredo-fumetto-personalizzato\\\/\",\"url\":\"https:\\\/\\\/www.trueiconicdesign.com\\\/it\\\/nuvoletta-3d-pla-arredo-fumetto-personalizzato\\\/\",\"name\":\"Nubecita 3D en PLA: el c\u00f3mic se convierte en mobiliario personalizado - True Iconic Design\",\"isPartOf\":{\"@id\":\"https:\\\/\\\/www.trueiconicdesign.com\\\/en\\\/#website\"},\"primaryImageOfPage\":{\"@id\":\"https:\\\/\\\/www.trueiconicdesign.com\\\/it\\\/nuvoletta-3d-pla-arredo-fumetto-personalizzato\\\/#primaryimage\"},\"image\":{\"@id\":\"https:\\\/\\\/www.trueiconicdesign.com\\\/it\\\/nuvoletta-3d-pla-arredo-fumetto-personalizzato\\\/#primaryimage\"},\"thumbnailUrl\":\"https:\\\/\\\/www.trueiconicdesign.com\\\/wp-content\\\/uploads\\\/2026\\\/08\\\/featured-nuvoletta-3d-in-pla-il-fumetto-diventa-arredo-personalizzato.png\",\"datePublished\":\"2026-08-17T10:15:58+00:00\",\"dateModified\":\"2026-08-17T10:22:13+00:00\",\"description\":\"Transforma el c\u00f3mic en decoraci\u00f3n con Nuvoletta 3D en PLA. Personaliza frases \u00fanicas para dar voz a tus paredes con estilo tridimensional.\",\"breadcrumb\":{\"@id\":\"https:\\\/\\\/www.trueiconicdesign.com\\\/it\\\/nuvoletta-3d-pla-arredo-fumetto-personalizzato\\\/#breadcrumb\"},\"inLanguage\":\"es-ES\",\"potentialAction\":[{\"@type\":\"ReadAction\",\"target\":[\"https:\\\/\\\/www.trueiconicdesign.com\\\/it\\\/nuvoletta-3d-pla-arredo-fumetto-personalizzato\\\/\"]}]},{\"@type\":\"ImageObject\",\"inLanguage\":\"es-ES\",\"@id\":\"https:\\\/\\\/www.trueiconicdesign.com\\\/it\\\/nuvoletta-3d-pla-arredo-fumetto-personalizzato\\\/#primaryimage\",\"url\":\"https:\\\/\\\/www.trueiconicdesign.com\\\/wp-content\\\/uploads\\\/2026\\\/08\\\/featured-nuvoletta-3d-in-pla-il-fumetto-diventa-arredo-personalizzato.png\",\"contentUrl\":\"https:\\\/\\\/www.trueiconicdesign.com\\\/wp-content\\\/uploads\\\/2026\\\/08\\\/featured-nuvoletta-3d-in-pla-il-fumetto-diventa-arredo-personalizzato.png\",\"width\":2560,\"height\":2560},{\"@type\":\"BreadcrumbList\",\"@id\":\"https:\\\/\\\/www.trueiconicdesign.com\\\/it\\\/nuvoletta-3d-pla-arredo-fumetto-personalizzato\\\/#breadcrumb\",\"itemListElement\":[{\"@type\":\"ListItem\",\"position\":1,\"name\":\"Inicio\",\"item\":\"https:\\\/\\\/www.trueiconicdesign.com\\\/en\\\/\"},{\"@type\":\"ListItem\",\"position\":2,\"name\":\"Nuvoletta 3D in PLA: il fumetto diventa arredo personalizzato\"}]},{\"@type\":\"WebSite\",\"@id\":\"https:\\\/\\\/www.trueiconicdesign.com\\\/en\\\/#website\",\"url\":\"https:\\\/\\\/www.trueiconicdesign.com\\\/en\\\/\",\"name\":\"Aut\u00e9ntico dise\u00f1o ic\u00f3nico\",\"description\":\"dise\u00f1o de estilo simb\u00f3lico emocional\",\"publisher\":{\"@id\":\"https:\\\/\\\/www.trueiconicdesign.com\\\/en\\\/#organization\"},\"alternateName\":\"4Additive - Blog de fabricaci\u00f3n aditiva\",\"potentialAction\":[{\"@type\":\"SearchAction\",\"target\":{\"@type\":\"EntryPoint\",\"urlTemplate\":\"https:\\\/\\\/www.trueiconicdesign.com\\\/en\\\/?s={search_term_string}\"},\"query-input\":{\"@type\":\"PropertyValueSpecification\",\"valueRequired\":true,\"valueName\":\"search_term_string\"}}],\"inLanguage\":\"es-ES\"},{\"@type\":\"Organization\",\"@id\":\"https:\\\/\\\/www.trueiconicdesign.com\\\/en\\\/#organization\",\"name\":\"Dise\u00f1o Simb\u00f3lico Emocional\",\"alternateName\":\"4Additive\",\"url\":\"https:\\\/\\\/www.trueiconicdesign.com\\\/en\\\/\",\"logo\":{\"@type\":\"ImageObject\",\"inLanguage\":\"es-ES\",\"@id\":\"https:\\\/\\\/wordpress.m.3dbooster.com\\\/it\\\/#\\\/schema\\\/logo\\\/image\\\/\",\"url\":\"https:\\\/\\\/www.trueiconicdesign.com\\\/wp-content\\\/uploads\\\/2026\\\/07\\\/trueiconicdesign-logo.svg\",\"contentUrl\":\"https:\\\/\\\/www.trueiconicdesign.com\\\/wp-content\\\/uploads\\\/2026\\\/07\\\/trueiconicdesign-logo.svg\",\"caption\":\"Dise\u00f1o Simb\u00f3lico Emocional\"},\"image\":{\"@id\":\"https:\\\/\\\/wordpress.m.3dbooster.com\\\/it\\\/#\\\/schema\\\/logo\\\/image\\\/\"},\"sameAs\":[\"https:\\\/\\\/trueiconicdesign.etsy.com\\\/\"]},{\"@type\":\"Person\",\"@id\":\"https:\\\/\\\/wordpress.m.3dbooster.com\\\/it\\\/#\\\/schema\\\/person\\\/5a1c00cc9c7362ff5de0d9bea94fec08\",\"name\":\"sincronizaci\u00f3n\"}]}<\/script>\n<!-- \/ Yoast SEO plugin. -->","yoast_head_json":{"title":"Nubecita 3D en PLA: el c\u00f3mic se convierte en mobiliario personalizado - True Iconic Design","description":"Transforma el c\u00f3mic en decoraci\u00f3n con Nuvoletta 3D en PLA. Personaliza frases \u00fanicas para dar voz a tus paredes con estilo tridimensional.","robots":{"index":"index","follow":"follow","max-snippet":"max-snippet:-1","max-image-preview":"max-image-preview:large","max-video-preview":"max-video-preview:-1"},"canonical":"https:\/\/www.trueiconicdesign.com\/es\/nube-3d-pla-decoracion-comic-personalizada\/","og_locale":"es_ES","og_type":"article","og_title":"Nubecita 3D en PLA: el c\u00f3mic se convierte en mobiliario personalizado - True Iconic Design","og_description":"Transforma el c\u00f3mic en decoraci\u00f3n con Nuvoletta 3D en PLA. Personaliza frases \u00fanicas para dar voz a tus paredes con estilo tridimensional.","og_url":"https:\/\/www.trueiconicdesign.com\/es\/nube-3d-pla-decoracion-comic-personalizada\/","og_site_name":"True Iconic Design","article_published_time":"2026-08-17T10:15:58+00:00","article_modified_time":"2026-08-17T10:22:13+00:00","og_image":[{"width":1024,"height":1024,"url":"https:\/\/www.trueiconicdesign.com\/wp-content\/uploads\/2026\/08\/featured-nuvoletta-3d-in-pla-il-fumetto-diventa-arredo-personalizzato-1024x1024.png","type":"image\/png"}],"author":"sync","twitter_card":"summary_large_image","twitter_misc":{"Written by":"sync","Est. reading time":"3 minutes"},"schema":{"@context":"https:\/\/schema.org","@graph":[{"@type":"Article","@id":"https:\/\/www.trueiconicdesign.com\/it\/nuvoletta-3d-pla-arredo-fumetto-personalizzato\/#article","isPartOf":{"@id":"https:\/\/www.trueiconicdesign.com\/it\/nuvoletta-3d-pla-arredo-fumetto-personalizzato\/"},"author":{"name":"sincronizaci\u00f3n","@id":"https:\/\/wordpress.m.3dbooster.com\/it\/#\/schema\/person\/5a1c00cc9c7362ff5de0d9bea94fec08"},"headline":"Nuvoletta 3D in PLA: il fumetto diventa arredo personalizzato","datePublished":"2026-08-17T10:15:58+00:00","dateModified":"2026-08-17T10:22:13+00:00","mainEntityOfPage":{"@id":"https:\/\/www.trueiconicdesign.com\/it\/nuvoletta-3d-pla-arredo-fumetto-personalizzato\/"},"wordCount":558,"publisher":{"@id":"https:\/\/www.trueiconicdesign.com\/en\/#organization"},"image":{"@id":"https:\/\/www.trueiconicdesign.com\/it\/nuvoletta-3d-pla-arredo-fumetto-personalizzato\/#primaryimage"},"thumbnailUrl":"https:\/\/www.trueiconicdesign.com\/wp-content\/uploads\/2026\/08\/featured-nuvoletta-3d-in-pla-il-fumetto-diventa-arredo-personalizzato.png","articleSection":["Design"],"inLanguage":"es-ES"},{"@type":"WebPage","@id":"https:\/\/www.trueiconicdesign.com\/it\/nuvoletta-3d-pla-arredo-fumetto-personalizzato\/","url":"https:\/\/www.trueiconicdesign.com\/it\/nuvoletta-3d-pla-arredo-fumetto-personalizzato\/","name":"Nubecita 3D en PLA: el c\u00f3mic se convierte en mobiliario personalizado - True Iconic Design","isPartOf":{"@id":"https:\/\/www.trueiconicdesign.com\/en\/#website"},"primaryImageOfPage":{"@id":"https:\/\/www.trueiconicdesign.com\/it\/nuvoletta-3d-pla-arredo-fumetto-personalizzato\/#primaryimage"},"image":{"@id":"https:\/\/www.trueiconicdesign.com\/it\/nuvoletta-3d-pla-arredo-fumetto-personalizzato\/#primaryimage"},"thumbnailUrl":"https:\/\/www.trueiconicdesign.com\/wp-content\/uploads\/2026\/08\/featured-nuvoletta-3d-in-pla-il-fumetto-diventa-arredo-personalizzato.png","datePublished":"2026-08-17T10:15:58+00:00","dateModified":"2026-08-17T10:22:13+00:00","description":"Transforma el c\u00f3mic en decoraci\u00f3n con Nuvoletta 3D en PLA. Personaliza frases \u00fanicas para dar voz a tus paredes con estilo tridimensional.","breadcrumb":{"@id":"https:\/\/www.trueiconicdesign.com\/it\/nuvoletta-3d-pla-arredo-fumetto-personalizzato\/#breadcrumb"},"inLanguage":"es-ES","potentialAction":[{"@type":"ReadAction","target":["https:\/\/www.trueiconicdesign.com\/it\/nuvoletta-3d-pla-arredo-fumetto-personalizzato\/"]}]},{"@type":"ImageObject","inLanguage":"es-ES","@id":"https:\/\/www.trueiconicdesign.com\/it\/nuvoletta-3d-pla-arredo-fumetto-personalizzato\/#primaryimage","url":"https:\/\/www.trueiconicdesign.com\/wp-content\/uploads\/2026\/08\/featured-nuvoletta-3d-in-pla-il-fumetto-diventa-arredo-personalizzato.png","contentUrl":"https:\/\/www.trueiconicdesign.com\/wp-content\/uploads\/2026\/08\/featured-nuvoletta-3d-in-pla-il-fumetto-diventa-arredo-personalizzato.png","width":2560,"height":2560},{"@type":"BreadcrumbList","@id":"https:\/\/www.trueiconicdesign.com\/it\/nuvoletta-3d-pla-arredo-fumetto-personalizzato\/#breadcrumb","itemListElement":[{"@type":"ListItem","position":1,"name":"Inicio","item":"https:\/\/www.trueiconicdesign.com\/en\/"},{"@type":"ListItem","position":2,"name":"Nuvoletta 3D in PLA: il fumetto diventa arredo personalizzato"}]},{"@type":"WebSite","@id":"https:\/\/www.trueiconicdesign.com\/en\/#website","url":"https:\/\/www.trueiconicdesign.com\/en\/","name":"Aut\u00e9ntico dise\u00f1o ic\u00f3nico","description":"dise\u00f1o de estilo simb\u00f3lico emocional","publisher":{"@id":"https:\/\/www.trueiconicdesign.com\/en\/#organization"},"alternateName":"4Additive - Blog de fabricaci\u00f3n aditiva","potentialAction":[{"@type":"SearchAction","target":{"@type":"EntryPoint","urlTemplate":"https:\/\/www.trueiconicdesign.com\/en\/?s={search_term_string}"},"query-input":{"@type":"PropertyValueSpecification","valueRequired":true,"valueName":"search_term_string"}}],"inLanguage":"es-ES"},{"@type":"Organization","@id":"https:\/\/www.trueiconicdesign.com\/en\/#organization","name":"Dise\u00f1o Simb\u00f3lico Emocional","alternateName":"4Additive","url":"https:\/\/www.trueiconicdesign.com\/en\/","logo":{"@type":"ImageObject","inLanguage":"es-ES","@id":"https:\/\/wordpress.m.3dbooster.com\/it\/#\/schema\/logo\/image\/","url":"https:\/\/www.trueiconicdesign.com\/wp-content\/uploads\/2026\/07\/trueiconicdesign-logo.svg","contentUrl":"https:\/\/www.trueiconicdesign.com\/wp-content\/uploads\/2026\/07\/trueiconicdesign-logo.svg","caption":"Dise\u00f1o Simb\u00f3lico Emocional"},"image":{"@id":"https:\/\/wordpress.m.3dbooster.com\/it\/#\/schema\/logo\/image\/"},"sameAs":["https:\/\/trueiconicdesign.etsy.com\/"]},{"@type":"Person","@id":"https:\/\/wordpress.m.3dbooster.com\/it\/#\/schema\/person\/5a1c00cc9c7362ff5de0d9bea94fec08","name":"sincronizaci\u00f3n"}]}},"_links":{"self":[{"href":"https:\/\/www.trueiconicdesign.com\/es\/wp-json\/wp\/v2\/posts\/784","targetHints":{"allow":["GET"]}}],"collection":[{"href":"https:\/\/www.trueiconicdesign.com\/es\/wp-json\/wp\/v2\/posts"}],"about":[{"href":"https:\/\/www.trueiconicdesign.com\/es\/wp-json\/wp\/v2\/types\/post"}],"author":[{"embeddable":true,"href":"https:\/\/www.trueiconicdesign.com\/es\/wp-json\/wp\/v2\/users\/3"}],"replies":[{"embeddable":true,"href":"https:\/\/www.trueiconicdesign.com\/es\/wp-json\/wp\/v2\/comments?post=784"}],"version-history":[{"count":2,"href":"https:\/\/www.trueiconicdesign.com\/es\/wp-json\/wp\/v2\/posts\/784\/revisions"}],"predecessor-version":[{"id":787,"href":"https:\/\/www.trueiconicdesign.com\/es\/wp-json\/wp\/v2\/posts\/784\/revisions\/787"}],"wp:featuredmedia":[{"embeddable":true,"href":"https:\/\/www.trueiconicdesign.com\/es\/wp-json\/wp\/v2\/media\/785"}],"wp:attachment":[{"href":"https:\/\/www.trueiconicdesign.com\/es\/wp-json\/wp\/v2\/media?parent=784"}],"wp:term":[{"taxonomy":"category","embeddable":true,"href":"https:\/\/www.trueiconicdesign.com\/es\/wp-json\/wp\/v2\/categories?post=784"},{"taxonomy":"post_tag","embeddable":true,"href":"https:\/\/www.trueiconicdesign.com\/es\/wp-json\/wp\/v2\/tags?post=784"},{"taxonomy":"foradditive_tecnologie","embeddable":true,"href":"https:\/\/www.trueiconicdesign.com\/es\/wp-json\/wp\/v2\/foradditive_tecnologie?post=784"},{"taxonomy":"foradditive_materiali","embeddable":true,"href":"https:\/\/www.trueiconicdesign.com\/es\/wp-json\/wp\/v2\/foradditive_materiali?post=784"},{"taxonomy":"foradditive_applicazioni","embeddable":true,"href":"https:\/\/www.trueiconicdesign.com\/es\/wp-json\/wp\/v2\/foradditive_applicazioni?post=784"},{"taxonomy":"foradditive_case_studies","embeddable":true,"href":"https:\/\/www.trueiconicdesign.com\/es\/wp-json\/wp\/v2\/foradditive_case_studies?post=784"},{"taxonomy":"foradditive_settori_industriali","embeddable":true,"href":"https:\/\/www.trueiconicdesign.com\/es\/wp-json\/wp\/v2\/foradditive_settori_industriali?post=784"}],"curies":[{"name":"wp","href":"https:\/\/api.w.org\/{rel}","templated":true}]}}