{"id":670,"date":"2026-08-08T08:33:20","date_gmt":"2026-08-08T06:33:20","guid":{"rendered":"https:\/\/www.trueiconicdesign.com\/it\/?p=670"},"modified":"2026-08-10T14:18:51","modified_gmt":"2026-08-10T12:18:51","slug":"vaso-nero-scanalato-geometria-materia-dark-minimal","status":"publish","type":"post","link":"https:\/\/www.trueiconicdesign.com\/es\/vaso-nero-scanalato-geometria-materia-dark-minimal\/","title":{"rendered":"Vaso negro acanalado: geometr\u00eda y materia para el dark-minimal"},"content":{"rendered":"<h2>El jarr\u00f3n negro mate acanalado: geometr\u00eda vertical y materia contempor\u00e1nea<\/h2>\n<p>El negro mate no es ausencia de color, sino presencia silenciosa. Cuando una superficie acanalada encuentra la luz sin devolverla, nace un di\u00e1logo entre materia y vac\u00edo. Un jarr\u00f3n no es solo un contenedor: es una arquitectura en miniatura que modifica el espacio a su alrededor.<\/p>\n<p>En la casa contempor\u00e1nea, elegir el negro mate no es una declaraci\u00f3n de intenciones. Es una b\u00fasqueda de quietud. No busca la atenci\u00f3n a trav\u00e9s del brillo, sino a trav\u00e9s de la pureza de la forma y la profundidad del acabado. Las acanaladuras verticales a\u00f1aden un ritmo t\u00e1ctil, una textura que invita a la mirada a detenerse.<\/p>\n<h3>Minimalismo oscuro: cuando el vac\u00edo se convierte en protagonista<\/h3>\n<p><em>El minimalismo no es sustracci\u00f3n casual, sino selecci\u00f3n consciente. Cada elemento presente debe justificar su propia existencia en el espacio.<\/em><\/p>\n<p>El dark-minimal nace del encuentro entre la est\u00e9tica japonesa del ma (el vac\u00edo significante) y la precisi\u00f3n geom\u00e9trica occidental. Un objeto negro mate en un espacio claro no desaparece: se ancla, crea gravedad visual, ofrece un punto de descanso al ojo.<\/p>\n<p>La verticalidad esbelta de un jarr\u00f3n cil\u00edndrico lleva consigo un sentido de crecimiento, de aspiraci\u00f3n hacia arriba. Las acanaladuras paralelas acent\u00faan este movimiento ascensional, mientras que la base circular garantiza estabilidad f\u00edsica y emocional.<\/p>\n<div class=\"article-box article-box--highlight\">\n<strong>Elementos del dark-minimal<\/strong><\/p>\n<ul>\n<li>Superficies mates que absorben la luz en lugar de reflejarla<\/li>\n<li>Geometr\u00edas esenciales con detalles t\u00e1ctiles medidos<\/li>\n<li>Contraste neto entre llenos y vac\u00edos, oscuro y claro<\/li>\n<li>Materiales contempor\u00e1neos con presencia discreta<\/li>\n<\/ul>\n<\/div>\n<p>La fuerza del minimalismo oscuro reside en su capacidad de valorizar lo que contiene. Un solo tallo de pampas grass blanco contra una superficie negra se convierte en escultura. Tres ramas de eucalipto seco adquieren monumentalidad.<\/p>\n<h3>Paletas crom\u00e1ticas: orquestar el negro opaco<\/h3>\n<p><em>El negro no es neutro: es un color que dialoga, contrasta, amplifica. Su eficacia depende enteramente de lo que est\u00e1 a su lado.<\/em><\/p>\n<p>Acercar el negro opaco al blanco c\u00e1lido crea un contraste gr\u00e1fico, casi editorial. Es la elecci\u00f3n m\u00e1s neta, la que transforma cada composici\u00f3n en una declaraci\u00f3n visual fuerte. Funciona en ambientes n\u00f3rdicos o para quienes buscan una est\u00e9tica de galer\u00eda de arte.<\/p>\n<p>La combinaci\u00f3n con tonalidades tierra \u2013 ocre quemado, terracota, arena \u2013 suaviza la dureza del negro. Nace una atm\u00f3sfera des\u00e9rtica y envolvente, donde el jarr\u00f3n se convierte en anclaje oscuro en un paisaje c\u00e1lido. Se acuerda con interiores que buscan un equilibrio entre rigor y acogida.<\/p>\n<div class=\"article-table-wrap\">\n<table class=\"article-table\">\n<thead>\n<tr>\n<th>Paleta<\/th>\n<th>Atm\u00f3sfera<\/th>\n<th>Materiales complementarios<\/th>\n<\/tr>\n<\/thead>\n<tbody>\n<tr>\n<td>Negro + blanco c\u00e1lido<\/td>\n<td>Gr\u00e1fica y hier\u00e1tica<\/td>\n<td>Madera blanqueada, lino crudo<\/td>\n<\/tr>\n<tr>\n<td>Negro + tierras quemadas<\/td>\n<td>Des\u00e9rtica y envolvente<\/td>\n<td>Terracota, cuerda natural<\/td>\n<\/tr>\n<tr>\n<td>Negro + grises piedra<\/td>\n<td>N\u00f3rdica y meditativa<\/td>\n<td>Cemento, salvia, lana<\/td>\n<\/tr>\n<tr>\n<td>Negro + beige arena<\/td>\n<td>Wabi-sabi contempor\u00e1neo<\/td>\n<td>Madera natural, algod\u00f3n<\/td>\n<\/tr>\n<\/tbody>\n<\/table>\n<\/div>\n<p>El gris piedra con toques de verde salvia lleva el negro hacia un minimalismo n\u00f3rdico, meditativo. Es la elecci\u00f3n para quien busca calma visual y atm\u00f3sferas introvertidas. El <a href=\"https:\/\/www.trueiconicdesign.com\/es\/product\/vaso-nero-opaco-scanalato-svasato-18cm-per-fiori-secchi-e-pampas-grass\/\">jarr\u00f3n negro acanalado<\/a> se convierte en elemento de conexi\u00f3n entre la frialdad de la piedra y la suavidad del textil.<\/p>\n<p>La paleta beige-tortora-negro abraza la filosof\u00eda wabi-sabi: celebraci\u00f3n de la imperfecci\u00f3n, de lo esencial, del tiempo que pasa. Aqu\u00ed el negro no es contraste violento, sino profundidad que acoge.<\/p>\n<h3>Materiales: el PLA como elecci\u00f3n contempor\u00e1nea<\/h3>\n<p><em>La biopl\u00e1stica PLA lleva la tecnolog\u00eda aditiva al \u00e1mbito dom\u00e9stico, transformando un proceso industrial en objeto emotivo.<\/em><\/p>\n<p>El PLA (\u00e1cido polil\u00e1ctico) deriva de recursos renovables como el almid\u00f3n de ma\u00edz. No es una elecci\u00f3n casual para un jarr\u00f3n destinado a flores secas: es coherencia entre forma y funci\u00f3n, entre est\u00e9tica y uso. La impresi\u00f3n 3D permite crear texturas complejas \u2013 como las acanaladuras verticales \u2013 que ser\u00edan dif\u00edciles con t\u00e9cnicas tradicionales.<\/p>\n<p>El acabado mate del PLA negro tiene una cualidad particular: absorbe la luz sin crear reflejos molestos, pero las nervaduras verticales generan sutiles juegos de sombra. Es un material que pide ser observado de cerca, que premia la atenci\u00f3n.<\/p>\n<div class=\"article-box article-box--info\">\n<strong>Caracter\u00edsticas del PLA<\/strong><\/p>\n<p>Material biopl\u00e1stico con acabado mate natural. Ideal para composiciones con elementos secos. La textura estratificada es parte integrante de la est\u00e9tica, no un defecto a ocultar.<\/p>\n<\/div>\n<p>La altura de 18 cm y el di\u00e1metro de 6,5 cm definen proporciones estilizadas, adecuadas para tallos individuales o peque\u00f1os ramos compactos. No es un jarr\u00f3n para composiciones abundantes, sino para naturalezas muertas esenciales.<\/p>\n<h3>Colocaci\u00f3n y di\u00e1logos materiales<\/h3>\n<p><em>Cada objeto modifica el espacio que habita. La pregunta no es \u201cd\u00f3nde colocarlo\u201d, sino \u201cqu\u00e9 conversaci\u00f3n quiero crear\u201d.<\/em><\/p>\n<p>Sobre una consola de entrada, el <a href=\"https:\/\/www.trueiconicdesign.com\/es\/product\/vaso-nero-opaco-scanalato-svasato-18cm-per-fiori-secchi-e-pampas-grass\/\">jarr\u00f3n cil\u00edndrico negro mate<\/a> se convierte en una acogida silenciosa. Junto a madera natural o metal cepillado, crea un contraste c\u00e1lido-fr\u00edo que define inmediatamente el car\u00e1cter del espacio.<\/p>\n<p>En la mesita de noche, su presencia vertical es reconfortante sin ser invasiva. Una sola rama de pasto de las pampas blanco se convierte en compa\u00f1era nocturna, elemento de meditaci\u00f3n antes del sue\u00f1o.<\/p>\n<div class=\"article-steps\">\n<h3>Composici\u00f3n en tr\u00edo vertical<\/h3>\n<ol>\n<li><strong>Selecci\u00f3n:<\/strong> Tres jarrones de alturas decrecientes (18 cm, 14 cm, 10 cm) crean un movimiento arquitect\u00f3nico.<\/li>\n<li><strong>Posicionamiento:<\/strong> Colocar en diagonal sobre una repisa o en l\u00ednea sobre una mesa de comedor.<\/li>\n<li><strong>Relleno:<\/strong> Variar la densidad bot\u00e1nica: el m\u00e1s alto con un solo tallo, los m\u00e1s bajos con peque\u00f1os ramos.<\/li>\n<\/ol>\n<\/div>\n<p>En la estanter\u00eda, entre vol\u00famenes horizontales, introduce ritmo vertical. Frente a un espejo antiguo, crea di\u00e1logo entre \u00e9pocas: la tecnolog\u00eda aditiva contempor\u00e1nea que se encuentra con la p\u00e1tina del tiempo.<\/p>\n<p>Sobre un escritorio de oficina en casa, el <a href=\"https:\/\/www.trueiconicdesign.com\/es\/product\/vaso-nero-opaco-scanalato-svasato-18cm-per-fiori-secchi-e-pampas-grass\/\">jarr\u00f3n acanalado para hierba de las pampas<\/a> ofrece una pausa visual. No distrae, sino que ofrece un punto de anclaje cuando la mirada se aparta de la pantalla.<\/p>\n<h3>Errores a evitar: respetar la naturaleza del objeto<\/h3>\n<p><em>Cada material tiene una vocaci\u00f3n. Forzarlo hacia usos impropios significa traicionar su esencia.<\/em><\/p>\n<p>El PLA es espec\u00edfico para composiciones secas. Llenarlo de agua para flores frescas significa ignorar tanto las caracter\u00edsticas del material como la intenci\u00f3n del dise\u00f1o. Las flores secas no son un recurso: son una elecci\u00f3n est\u00e9tica que celebra la naturaleza suspendida en el tiempo.<\/p>\n<p>Abrumar la silueta acampanada con demasiados elementos bot\u00e1nicos anula la pureza de la forma. El jarr\u00f3n tiene una presencia arquitect\u00f3nica que debe respetarse: mejor un solo tallo perfecto que un ramo ca\u00f3tico.<\/p>\n<p>Colocarlo en contextos excesivamente coloridos o ca\u00f3ticos dispersa su fuerza. El negro mate pide espacio para respirar, superficies limpias, paletas controladas. En un ambiente ya saturado, se convierte en un elemento m\u00e1s en lugar de un punto de anclaje.<\/p>\n<p>La luz es una aliada fundamental. En zonas de sombra total, las estr\u00edas pierden su juego de relieves. Se necesita luz lateral o cenital para que emerja la tridimensionalidad de la textura.<\/p>\n<h3>La po\u00e9tica de lo ef\u00edmero enmarcado<\/h3>\n<p>El verdadero papel de un jarr\u00f3n negro mate estriado no es contener, sino enmarcar. Ofrece estructura al desorden org\u00e1nico de las flores secas, geometr\u00eda a la casualidad de las ramas. Es el l\u00edmite entre el control humano y la imprevisibilidad natural.<\/p>\n<p>El acabado mate absorbe la mirada, invita al tacto, crea intimidad. No es un objeto que grita su presencia, sino que la susurra. Con el tiempo, se convierte en presencia familiar, punto de referencia visual que marca el espacio dom\u00e9stico.<\/p>\n<p>Elegir un jarr\u00f3n de PLA negro con textura estriada significa abrazar una est\u00e9tica contempor\u00e1nea que no renuncia a la emoci\u00f3n. Es tecnolog\u00eda que se convierte en calor, precisi\u00f3n industrial que se vuelve gesto dom\u00e9stico. Es el minimalismo que no excluye, sino que acoge, siempre que lo que acoge sea elegido con el mismo cuidado con el que fue dise\u00f1ado el propio objeto.<\/p>","protected":false},"excerpt":{"rendered":"<p>El jarr\u00f3n negro opaco acanalado une geometr\u00eda vertical y materia contempor\u00e1nea, creando un di\u00e1logo entre luz y vac\u00edo. En el dark-minimal, las superficies opacas absorben la luz, mientras que las acanaladuras a\u00f1aden ritmo t\u00e1ctil y impulso ascensional, valorizando incluso un solo tallo.<\/p>","protected":false},"author":3,"featured_media":720,"comment_status":"closed","ping_status":"","sticky":false,"template":"","format":"standard","meta":{"foradditive_qa_html":"<section class=\"foradditive-faq\"><div class=\"foradditive-faq-item\"><h3>Cos&#x27;\u00e8 lo stile dark-minimal descritto nell&#x27;articolo?<\/h3><p>Il dark-minimal nasce dall&#x27;incontro tra l&#x27;estetica giapponese del ma (il vuoto significante) e la precisione geometrica occidentale. \u00c8 caratterizzato da superfici opache che assorbono la luce e geometrie essenziali con dettagli tattili misurati.<\/p><\/div><div class=\"foradditive-faq-item\"><h3>Qual \u00e8 l&#x27;effetto visivo delle scanalature verticali sul vaso?<\/h3><p>Le scanalature verticali aggiungono un ritmo tattile e accentuano un movimento ascensionale, invitando lo sguardo a fermarsi sulla texture. Questa verticalit\u00e0 slanciata trasmette un senso di crescita e aspirazione verso l&#x27;alto.<\/p><\/div><div class=\"foradditive-faq-item\"><h3>Come si comporta il nero opaco in uno spazio chiaro?<\/h3><p>In uno spazio chiaro, un oggetto nero opaco non scompare ma si ancora, creando gravit\u00e0 visiva e offrendo un punto di riposo all&#x27;occhio. La sua funzione \u00e8 quella di modificare lo spazio circostante attraverso la profondit\u00e0 della finitura.<\/p><\/div><div class=\"foradditive-faq-item\"><h3>Quale atmosfera crea l&#x27;abbinamento del nero con le tonalit\u00e0 terra?<\/h3><p>Accostare il nero opaco a tonalit\u00e0 terra come ocra bruciata o terracotta ammorbidisce la durezza del colore, generando un&#x27;atmosfera desertica e avvolgente. Questo equilibrio \u00e8 ideale per interni che cercano di conciliare rigore e accoglienza.<\/p><\/div><div class=\"foradditive-faq-item\"><h3>Quali elementi vegetali valorizza meglio questo tipo di vaso?<\/h3><p>La forza del minimalismo scuro risiede nella capacit\u00e0 di valorizzare ci\u00f2 che contiene, trasformando composizioni semplici in sculture. Un singolo stelo di pampas grass bianco o tre rami di eucalipto essiccato acquistano immediata monumentalit\u00e0.<\/p><\/div><\/section>","foradditive_qa_html_en":"<section class=\"foradditive-faq\"><div class=\"foradditive-faq-item\"><h3>What is the dark-minimal style described in the article?<\/h3><p>Dark-minimalism emerges from the fusion of Japanese ma aesthetics (meaningful void) and Western geometric precision. It features matte surfaces that absorb light and essential geometries with measured tactile details.<\/p><\/div><div class=\"foradditive-faq-item\"><h3>What is the visual effect of vertical grooves on the vase?<\/h3><p>Vertical grooves add a tactile rhythm and accentuate an upward movement, inviting the eye to rest on the texture. This slender verticality conveys a sense of growth and aspiration upwards.<\/p><\/div><div class=\"foradditive-faq-item\"><h3>How does matte black behave in a light space?<\/h3><p>In a light space, a matte black object does not disappear but anchors itself, creating visual gravity and offering a resting point for the eye. Its function is to modify the surrounding space through the depth of its finish.<\/p><\/div><div class=\"foradditive-faq-item\"><h3>What atmosphere does pairing black with earth tones create?<\/h3><p>Pairing matte black with earth tones like burnt ochre or terracotta softens the color&#x27;s harshness, generating a desert-like, enveloping atmosphere. This balance is ideal for interiors seeking to reconcile rigor with warmth.<\/p><\/div><div class=\"foradditive-faq-item\"><h3>Which botanical elements does this type of vase enhance best?<\/h3><p>The strength of dark minimalism lies in its ability to highlight what it holds, transforming simple compositions into sculptures. A single stem of white pampas grass or three branches of dried eucalyptus instantly gain monumentality.<\/p><\/div><\/section>","foradditive_qa_html_fr":"<section class=\"foradditive-faq\"><div class=\"foradditive-faq-item\"><h3>Qu&#x27;est-ce que le style dark-minimal d\u00e9crit dans l&#x27;article ?<\/h3><p>Le dark-minimal na\u00eet de la rencontre entre l&#x27;esth\u00e9tique japonaise du ma (le vide signifiant) et la pr\u00e9cision g\u00e9om\u00e9trique occidentale. Il se caract\u00e9rise par des surfaces mates qui absorbent la lumi\u00e8re et des g\u00e9om\u00e9tries \u00e9pur\u00e9es aux d\u00e9tails tactiles mesur\u00e9s.<\/p><\/div><div class=\"foradditive-faq-item\"><h3>Quel est l&#x27;effet visuel des rainures verticales sur le vase ?<\/h3><p>Les rainures verticales ajoutent un rythme tactile et accentuent un mouvement ascensionnel, invitant le regard \u00e0 s&#x27;arr\u00eater sur la texture. Cette verticalit\u00e9 \u00e9lanc\u00e9e transmet une sensation de croissance et d&#x27;aspiration vers le haut.<\/p><\/div><div class=\"foradditive-faq-item\"><h3>Comment le noir mat se comporte-t-il dans un espace clair ?<\/h3><p>Dans un espace clair, un objet noir mat ne dispara\u00eet pas mais s&#x27;ancre, cr\u00e9ant une gravit\u00e9 visuelle et offrant un point de repos \u00e0 l&#x27;\u0153il. Sa fonction est de modifier l&#x27;espace environnant gr\u00e2ce \u00e0 la profondeur de sa finition.<\/p><\/div><div class=\"foradditive-faq-item\"><h3>Quelle atmosph\u00e8re cr\u00e9e l&#x27;association du noir avec les tons terre ?<\/h3><p>Associer le noir mat \u00e0 des tons terre comme l&#x27;ocre br\u00fbl\u00e9 ou la terracotta adoucit la duret\u00e9 de la couleur, g\u00e9n\u00e9rant une atmosph\u00e8re d\u00e9sertique et enveloppante. Cet \u00e9quilibre est id\u00e9al pour des int\u00e9rieurs cherchant \u00e0 concilier rigueur et accueil.<\/p><\/div><div class=\"foradditive-faq-item\"><h3>Quels \u00e9l\u00e9ments v\u00e9g\u00e9taux ce type de vase met-il le mieux en valeur ?<\/h3><p>La force du minimalisme sombre r\u00e9side dans sa capacit\u00e9 \u00e0 valoriser son contenu, transformant des compositions simples en sculptures. Une seule tige de pampas blanche ou trois branches d&#x27;eucalyptus s\u00e9ch\u00e9 acqui\u00e8rent imm\u00e9diatement une monumentalit\u00e9.<\/p><\/div><\/section>","foradditive_qa_html_de":"<section class=\"foradditive-faq\"><div class=\"foradditive-faq-item\"><h3>Was ist der im Artikel beschriebene Dark-Minimal-Stil?<\/h3><p>Der Dark-Minimal-Stil entsteht aus der Verbindung der japanischen \u00c4sthetik des Ma (der bedeutungsvollen Leere) mit westlicher geometrischer Pr\u00e4zision. Er zeichnet sich durch matte, lichtabsorbierende Oberfl\u00e4chen und essentielle Geometrien mit dosierten taktilen Details aus.<\/p><\/div><div class=\"foradditive-faq-item\"><h3>Welche visuelle Wirkung haben die vertikalen Rillen auf der Vase?<\/h3><p>Die vertikalen Rillen f\u00fcgen einen taktilen Rhythmus hinzu und betonen eine aufsteigende Bewegung, wodurch der Blick eingeladen wird, auf der Textur zu verweilen. Diese schlanke Vertikalit\u00e4t vermittelt ein Gef\u00fchl von Wachstum und Streben nach oben.<\/p><\/div><div class=\"foradditive-faq-item\"><h3>Wie verh\u00e4lt sich mattes Schwarz in einem hellen Raum?<\/h3><p>In einem hellen Raum verschwindet ein mattes schwarzes Objekt nicht, sondern verankert sich, schafft visuelle Schwere und bietet dem Auge einen Ruhepunkt. Seine Funktion besteht darin, den umgebenden Raum durch die Tiefe des Finishs zu ver\u00e4ndern.<\/p><\/div><div class=\"foradditive-faq-item\"><h3>Welche Atmosph\u00e4re erzeugt die Kombination von Schwarz mit Erdt\u00f6nen?<\/h3><p>Die Kombination von mattem Schwarz mit Erdt\u00f6nen wie verbranntem Ocker oder Terrakotta mildert die H\u00e4rte der Farbe und erzeugt eine w\u00fcstenhafte, einh\u00fcllende Atmosph\u00e4re. Dieses Gleichgewicht ist ideal f\u00fcr Innenr\u00e4ume, die Strenge und Gem\u00fctlichkeit vereinen m\u00f6chten.<\/p><\/div><div class=\"foradditive-faq-item\"><h3>Welche pflanzlichen Elemente werden durch diese Art von Vase am besten zur Geltung gebracht?<\/h3><p>Die St\u00e4rke des dunklen Minimalismus liegt in der F\u00e4higkeit, das Enthaltene hervorzuheben und einfache Kompositionen in Skulpturen zu verwandeln. Ein einzelner wei\u00dfer Pampasgras-St\u00e4ngel oder drei Zweige getrockneter Eukalyptus gewinnen sofort an Monumentalit\u00e4t.<\/p><\/div><\/section>","foradditive_qa_html_es":"<section class=\"foradditive-faq\"><div class=\"foradditive-faq-item\"><h3>\u00bfQu\u00e9 es el estilo dark-minimal descrito en el art\u00edculo?<\/h3><p>El dark-minimal surge del encuentro entre la est\u00e9tica japonesa del ma (el vac\u00edo significativo) y la precisi\u00f3n geom\u00e9trica occidental. Se caracteriza por superficies mates que absorben la luz y geometr\u00edas esenciales con detalles t\u00e1ctiles medidos.<\/p><\/div><div class=\"foradditive-faq-item\"><h3>\u00bfCu\u00e1l es el efecto visual de las estr\u00edas verticales en el jarr\u00f3n?<\/h3><p>Las estr\u00edas verticales a\u00f1aden un ritmo t\u00e1ctil y acent\u00faan un movimiento ascendente, invitando a la mirada a detenerse en la textura. Esta verticalidad esbelta transmite una sensaci\u00f3n de crecimiento y aspiraci\u00f3n hacia lo alto.<\/p><\/div><div class=\"foradditive-faq-item\"><h3>\u00bfC\u00f3mo se comporta el negro mate en un espacio claro?<\/h3><p>En un espacio claro, un objeto negro mate no desaparece, sino que se ancla, creando gravedad visual y ofreciendo un punto de descanso para la vista. Su funci\u00f3n es modificar el espacio circundante mediante la profundidad del acabado.<\/p><\/div><div class=\"foradditive-faq-item\"><h3>\u00bfQu\u00e9 atm\u00f3sfera crea la combinaci\u00f3n del negro con los tonos tierra?<\/h3><p>Combinar el negro mate con tonos tierra como ocre quemado o terracota suaviza la dureza del color, generando una atm\u00f3sfera des\u00e9rtica y envolvente. Este equilibrio es ideal para interiores que buscan conciliar rigor y acogida.<\/p><\/div><div class=\"foradditive-faq-item\"><h3>\u00bfQu\u00e9 elementos vegetales realza mejor este tipo de jarr\u00f3n?<\/h3><p>La fuerza del minimalismo oscuro reside en su capacidad para valorizar lo que contiene, transformando composiciones simples en esculturas. Un solo tallo de pampas grass blanco o tres ramas de eucalipto seco adquieren inmediata monumentalidad.<\/p><\/div><\/section>","foradditive_qa_jsonld":"{\"@context\":\"https:\/\/schema.org\",\"@type\":\"FAQPage\",\"inLanguage\":\"it\",\"mainEntity\":[{\"@type\":\"Question\",\"name\":\"Cos'\u00e8 lo stile dark-minimal descritto nell'articolo?\",\"acceptedAnswer\":{\"@type\":\"Answer\",\"text\":\"Il dark-minimal nasce dall'incontro tra l'estetica giapponese del ma (il vuoto significante) e la precisione geometrica occidentale. \u00c8 caratterizzato da superfici opache che assorbono la luce e geometrie essenziali con dettagli tattili misurati.\"}},{\"@type\":\"Question\",\"name\":\"Qual \u00e8 l'effetto visivo delle scanalature verticali sul vaso?\",\"acceptedAnswer\":{\"@type\":\"Answer\",\"text\":\"Le scanalature verticali aggiungono un ritmo tattile e accentuano un movimento ascensionale, invitando lo sguardo a fermarsi sulla texture. Questa verticalit\u00e0 slanciata trasmette un senso di crescita e aspirazione verso l'alto.\"}},{\"@type\":\"Question\",\"name\":\"Come si comporta il nero opaco in uno spazio chiaro?\",\"acceptedAnswer\":{\"@type\":\"Answer\",\"text\":\"In uno spazio chiaro, un oggetto nero opaco non scompare ma si ancora, creando gravit\u00e0 visiva e offrendo un punto di riposo all'occhio. La sua funzione \u00e8 quella di modificare lo spazio circostante attraverso la profondit\u00e0 della finitura.\"}},{\"@type\":\"Question\",\"name\":\"Quale atmosfera crea l'abbinamento del nero con le tonalit\u00e0 terra?\",\"acceptedAnswer\":{\"@type\":\"Answer\",\"text\":\"Accostare il nero opaco a tonalit\u00e0 terra come ocra bruciata o terracotta ammorbidisce la durezza del colore, generando un'atmosfera desertica e avvolgente. Questo equilibrio \u00e8 ideale per interni che cercano di conciliare rigore e accoglienza.\"}},{\"@type\":\"Question\",\"name\":\"Quali elementi vegetali valorizza meglio questo tipo di vaso?\",\"acceptedAnswer\":{\"@type\":\"Answer\",\"text\":\"La forza del minimalismo scuro risiede nella capacit\u00e0 di valorizzare ci\u00f2 che contiene, trasformando composizioni semplici in sculture. Un singolo stelo di pampas grass bianco o tre rami di eucalipto essiccato acquistano immediata monumentalit\u00e0.\"}}]}","foradditive_qa_jsonld_en":"{\"@context\":\"https:\/\/schema.org\",\"@type\":\"FAQPage\",\"inLanguage\":\"en\",\"mainEntity\":[{\"@type\":\"Question\",\"name\":\"What is the dark-minimal style described in the article?\",\"acceptedAnswer\":{\"@type\":\"Answer\",\"text\":\"Dark-minimalism emerges from the fusion of Japanese ma aesthetics (meaningful void) and Western geometric precision. It features matte surfaces that absorb light and essential geometries with measured tactile details.\"}},{\"@type\":\"Question\",\"name\":\"What is the visual effect of vertical grooves on the vase?\",\"acceptedAnswer\":{\"@type\":\"Answer\",\"text\":\"Vertical grooves add a tactile rhythm and accentuate an upward movement, inviting the eye to rest on the texture. This slender verticality conveys a sense of growth and aspiration upwards.\"}},{\"@type\":\"Question\",\"name\":\"How does matte black behave in a light space?\",\"acceptedAnswer\":{\"@type\":\"Answer\",\"text\":\"In a light space, a matte black object does not disappear but anchors itself, creating visual gravity and offering a resting point for the eye. Its function is to modify the surrounding space through the depth of its finish.\"}},{\"@type\":\"Question\",\"name\":\"What atmosphere does pairing black with earth tones create?\",\"acceptedAnswer\":{\"@type\":\"Answer\",\"text\":\"Pairing matte black with earth tones like burnt ochre or terracotta softens the color's harshness, generating a desert-like, enveloping atmosphere. This balance is ideal for interiors seeking to reconcile rigor with warmth.\"}},{\"@type\":\"Question\",\"name\":\"Which botanical elements does this type of vase enhance best?\",\"acceptedAnswer\":{\"@type\":\"Answer\",\"text\":\"The strength of dark minimalism lies in its ability to highlight what it holds, transforming simple compositions into sculptures. A single stem of white pampas grass or three branches of dried eucalyptus instantly gain monumentality.\"}}]}","foradditive_qa_jsonld_fr":"{\"@context\":\"https:\/\/schema.org\",\"@type\":\"FAQPage\",\"inLanguage\":\"fr\",\"mainEntity\":[{\"@type\":\"Question\",\"name\":\"Qu'est-ce que le style dark-minimal d\u00e9crit dans l'article ?\",\"acceptedAnswer\":{\"@type\":\"Answer\",\"text\":\"Le dark-minimal na\u00eet de la rencontre entre l'esth\u00e9tique japonaise du ma (le vide signifiant) et la pr\u00e9cision g\u00e9om\u00e9trique occidentale. Il se caract\u00e9rise par des surfaces mates qui absorbent la lumi\u00e8re et des g\u00e9om\u00e9tries \u00e9pur\u00e9es aux d\u00e9tails tactiles mesur\u00e9s.\"}},{\"@type\":\"Question\",\"name\":\"Quel est l'effet visuel des rainures verticales sur le vase ?\",\"acceptedAnswer\":{\"@type\":\"Answer\",\"text\":\"Les rainures verticales ajoutent un rythme tactile et accentuent un mouvement ascensionnel, invitant le regard \u00e0 s'arr\u00eater sur la texture. Cette verticalit\u00e9 \u00e9lanc\u00e9e transmet une sensation de croissance et d'aspiration vers le haut.\"}},{\"@type\":\"Question\",\"name\":\"Comment le noir mat se comporte-t-il dans un espace clair ?\",\"acceptedAnswer\":{\"@type\":\"Answer\",\"text\":\"Dans un espace clair, un objet noir mat ne dispara\u00eet pas mais s'ancre, cr\u00e9ant une gravit\u00e9 visuelle et offrant un point de repos \u00e0 l'\u0153il. Sa fonction est de modifier l'espace environnant gr\u00e2ce \u00e0 la profondeur de sa finition.\"}},{\"@type\":\"Question\",\"name\":\"Quelle atmosph\u00e8re cr\u00e9e l'association du noir avec les tons terre ?\",\"acceptedAnswer\":{\"@type\":\"Answer\",\"text\":\"Associer le noir mat \u00e0 des tons terre comme l'ocre br\u00fbl\u00e9 ou la terracotta adoucit la duret\u00e9 de la couleur, g\u00e9n\u00e9rant une atmosph\u00e8re d\u00e9sertique et enveloppante. Cet \u00e9quilibre est id\u00e9al pour des int\u00e9rieurs cherchant \u00e0 concilier rigueur et accueil.\"}},{\"@type\":\"Question\",\"name\":\"Quels \u00e9l\u00e9ments v\u00e9g\u00e9taux ce type de vase met-il le mieux en valeur ?\",\"acceptedAnswer\":{\"@type\":\"Answer\",\"text\":\"La force du minimalisme sombre r\u00e9side dans sa capacit\u00e9 \u00e0 valoriser son contenu, transformant des compositions simples en sculptures. Une seule tige de pampas blanche ou trois branches d'eucalyptus s\u00e9ch\u00e9 acqui\u00e8rent imm\u00e9diatement une monumentalit\u00e9.\"}}]}","foradditive_qa_jsonld_de":"{\"@context\":\"https:\/\/schema.org\",\"@type\":\"FAQPage\",\"inLanguage\":\"de\",\"mainEntity\":[{\"@type\":\"Question\",\"name\":\"Was ist der im Artikel beschriebene Dark-Minimal-Stil?\",\"acceptedAnswer\":{\"@type\":\"Answer\",\"text\":\"Der Dark-Minimal-Stil entsteht aus der Verbindung der japanischen \u00c4sthetik des Ma (der bedeutungsvollen Leere) mit westlicher geometrischer Pr\u00e4zision. Er zeichnet sich durch matte, lichtabsorbierende Oberfl\u00e4chen und essentielle Geometrien mit dosierten taktilen Details aus.\"}},{\"@type\":\"Question\",\"name\":\"Welche visuelle Wirkung haben die vertikalen Rillen auf der Vase?\",\"acceptedAnswer\":{\"@type\":\"Answer\",\"text\":\"Die vertikalen Rillen f\u00fcgen einen taktilen Rhythmus hinzu und betonen eine aufsteigende Bewegung, wodurch der Blick eingeladen wird, auf der Textur zu verweilen. Diese schlanke Vertikalit\u00e4t vermittelt ein Gef\u00fchl von Wachstum und Streben nach oben.\"}},{\"@type\":\"Question\",\"name\":\"Wie verh\u00e4lt sich mattes Schwarz in einem hellen Raum?\",\"acceptedAnswer\":{\"@type\":\"Answer\",\"text\":\"In einem hellen Raum verschwindet ein mattes schwarzes Objekt nicht, sondern verankert sich, schafft visuelle Schwere und bietet dem Auge einen Ruhepunkt. Seine Funktion besteht darin, den umgebenden Raum durch die Tiefe des Finishs zu ver\u00e4ndern.\"}},{\"@type\":\"Question\",\"name\":\"Welche Atmosph\u00e4re erzeugt die Kombination von Schwarz mit Erdt\u00f6nen?\",\"acceptedAnswer\":{\"@type\":\"Answer\",\"text\":\"Die Kombination von mattem Schwarz mit Erdt\u00f6nen wie verbranntem Ocker oder Terrakotta mildert die H\u00e4rte der Farbe und erzeugt eine w\u00fcstenhafte, einh\u00fcllende Atmosph\u00e4re. Dieses Gleichgewicht ist ideal f\u00fcr Innenr\u00e4ume, die Strenge und Gem\u00fctlichkeit vereinen m\u00f6chten.\"}},{\"@type\":\"Question\",\"name\":\"Welche pflanzlichen Elemente werden durch diese Art von Vase am besten zur Geltung gebracht?\",\"acceptedAnswer\":{\"@type\":\"Answer\",\"text\":\"Die St\u00e4rke des dunklen Minimalismus liegt in der F\u00e4higkeit, das Enthaltene hervorzuheben und einfache Kompositionen in Skulpturen zu verwandeln. Ein einzelner wei\u00dfer Pampasgras-St\u00e4ngel oder drei Zweige getrockneter Eukalyptus gewinnen sofort an Monumentalit\u00e4t.\"}}]}","foradditive_qa_jsonld_es":"{\"@context\":\"https:\/\/schema.org\",\"@type\":\"FAQPage\",\"inLanguage\":\"es\",\"mainEntity\":[{\"@type\":\"Question\",\"name\":\"\u00bfQu\u00e9 es el estilo dark-minimal descrito en el art\u00edculo?\",\"acceptedAnswer\":{\"@type\":\"Answer\",\"text\":\"El dark-minimal surge del encuentro entre la est\u00e9tica japonesa del ma (el vac\u00edo significativo) y la precisi\u00f3n geom\u00e9trica occidental. Se caracteriza por superficies mates que absorben la luz y geometr\u00edas esenciales con detalles t\u00e1ctiles medidos.\"}},{\"@type\":\"Question\",\"name\":\"\u00bfCu\u00e1l es el efecto visual de las estr\u00edas verticales en el jarr\u00f3n?\",\"acceptedAnswer\":{\"@type\":\"Answer\",\"text\":\"Las estr\u00edas verticales a\u00f1aden un ritmo t\u00e1ctil y acent\u00faan un movimiento ascendente, invitando a la mirada a detenerse en la textura. Esta verticalidad esbelta transmite una sensaci\u00f3n de crecimiento y aspiraci\u00f3n hacia lo alto.\"}},{\"@type\":\"Question\",\"name\":\"\u00bfC\u00f3mo se comporta el negro mate en un espacio claro?\",\"acceptedAnswer\":{\"@type\":\"Answer\",\"text\":\"En un espacio claro, un objeto negro mate no desaparece, sino que se ancla, creando gravedad visual y ofreciendo un punto de descanso para la vista. Su funci\u00f3n es modificar el espacio circundante mediante la profundidad del acabado.\"}},{\"@type\":\"Question\",\"name\":\"\u00bfQu\u00e9 atm\u00f3sfera crea la combinaci\u00f3n del negro con los tonos tierra?\",\"acceptedAnswer\":{\"@type\":\"Answer\",\"text\":\"Combinar el negro mate con tonos tierra como ocre quemado o terracota suaviza la dureza del color, generando una atm\u00f3sfera des\u00e9rtica y envolvente. Este equilibrio es ideal para interiores que buscan conciliar rigor y acogida.\"}},{\"@type\":\"Question\",\"name\":\"\u00bfQu\u00e9 elementos vegetales realza mejor este tipo de jarr\u00f3n?\",\"acceptedAnswer\":{\"@type\":\"Answer\",\"text\":\"La fuerza del minimalismo oscuro reside en su capacidad para valorizar lo que contiene, transformando composiciones simples en esculturas. Un solo tallo de pampas grass blanco o tres ramas de eucalipto seco adquieren inmediata monumentalidad.\"}}]}","foradditive_slug_en":"black-fluted-vessel-geometry-matter-dark-minimal","foradditive_slug_fr":"vase-noir-cannele-geometrie-matiere-dark-minimal","foradditive_slug_de":"schwarzer-gerillter-topf-geometrie-materie-dark-minimal","foradditive_slug_es":"jarron-negro-acanalado-geometria-materia-dark-minimal","foradditive_audio_summary_it":0,"foradditive_audio_summary_en":0,"foradditive_audio_summary_fr":0,"foradditive_audio_summary_de":0,"foradditive_audio_summary_es":0,"footnotes":""},"categories":[33],"tags":[],"foradditive_tecnologie":[],"foradditive_materiali":[],"foradditive_applicazioni":[],"foradditive_case_studies":[],"foradditive_settori_industriali":[],"class_list":["post-670","post","type-post","status-publish","format-standard","has-post-thumbnail","hentry","category-design"],"yoast_head":"<!-- This site is optimized with the Yoast SEO plugin v28.3 - https:\/\/yoast.com\/product\/yoast-seo-wordpress\/ -->\n<title>Vaso nero scanalato: geometria e materia per il dark-minimal - True Iconic Design<\/title>\n<meta name=\"description\" content=\"Descubre el jarr\u00f3n negro opaco acanalado: geometr\u00eda vertical y materia para el dark-minimal. Gu\u00eda de paleta, estilos y combinaciones para un dise\u00f1o esencial.\" \/>\n<meta name=\"robots\" content=\"index, follow, max-snippet:-1, max-image-preview:large, max-video-preview:-1\" \/>\n<link rel=\"canonical\" href=\"https:\/\/www.trueiconicdesign.com\/es\/jarron-negro-acanalado-geometria-materia-dark-minimal\/\" \/>\n<meta property=\"og:locale\" content=\"es_ES\" \/>\n<meta property=\"og:type\" content=\"article\" \/>\n<meta property=\"og:title\" content=\"Vaso nero scanalato: geometria e materia per il dark-minimal - True Iconic Design\" \/>\n<meta property=\"og:description\" content=\"Descubre el jarr\u00f3n negro opaco acanalado: geometr\u00eda vertical y materia para el dark-minimal. Gu\u00eda de paleta, estilos y combinaciones para un dise\u00f1o esencial.\" \/>\n<meta property=\"og:url\" content=\"https:\/\/www.trueiconicdesign.com\/es\/jarron-negro-acanalado-geometria-materia-dark-minimal\/\" \/>\n<meta property=\"og:site_name\" content=\"True Iconic Design\" \/>\n<meta property=\"article:published_time\" content=\"2026-08-08T06:33:20+00:00\" \/>\n<meta property=\"article:modified_time\" content=\"2026-08-10T12:18:51+00:00\" \/>\n<meta property=\"og:image\" content=\"https:\/\/www.trueiconicdesign.com\/wp-content\/uploads\/2026\/08\/featured-vaso-nero-scanalato-geometria-e-materia-per-il-dark-minimal-2-1024x1024.png\" \/>\n\t<meta property=\"og:image:width\" content=\"1024\" \/>\n\t<meta property=\"og:image:height\" content=\"1024\" \/>\n\t<meta property=\"og:image:type\" content=\"image\/png\" \/>\n<meta name=\"author\" content=\"sync\" \/>\n<meta name=\"twitter:card\" content=\"summary_large_image\" \/>\n<meta name=\"twitter:label1\" content=\"Written by\" \/>\n\t<meta name=\"twitter:data1\" content=\"sync\" \/>\n\t<meta name=\"twitter:label2\" content=\"Est. reading time\" \/>\n\t<meta name=\"twitter:data2\" content=\"6 minutes\" \/>\n<script type=\"application\/ld+json\" class=\"yoast-schema-graph\">{\"@context\":\"https:\\\/\\\/schema.org\",\"@graph\":[{\"@type\":\"Article\",\"@id\":\"https:\\\/\\\/www.trueiconicdesign.com\\\/it\\\/vaso-nero-scanalato-geometria-materia-dark-minimal\\\/#article\",\"isPartOf\":{\"@id\":\"https:\\\/\\\/www.trueiconicdesign.com\\\/it\\\/vaso-nero-scanalato-geometria-materia-dark-minimal\\\/\"},\"author\":{\"name\":\"sincronizaci\u00f3n\",\"@id\":\"https:\\\/\\\/wordpress.m.3dbooster.com\\\/it\\\/#\\\/schema\\\/person\\\/5a1c00cc9c7362ff5de0d9bea94fec08\"},\"headline\":\"Vaso negro acanalado: geometr\u00eda y materia para el dark-minimal\",\"datePublished\":\"2026-08-08T06:33:20+00:00\",\"dateModified\":\"2026-08-10T12:18:51+00:00\",\"mainEntityOfPage\":{\"@id\":\"https:\\\/\\\/www.trueiconicdesign.com\\\/it\\\/vaso-nero-scanalato-geometria-materia-dark-minimal\\\/\"},\"wordCount\":1146,\"publisher\":{\"@id\":\"https:\\\/\\\/www.trueiconicdesign.com\\\/en\\\/#organization\"},\"image\":{\"@id\":\"https:\\\/\\\/www.trueiconicdesign.com\\\/it\\\/vaso-nero-scanalato-geometria-materia-dark-minimal\\\/#primaryimage\"},\"thumbnailUrl\":\"https:\\\/\\\/www.trueiconicdesign.com\\\/wp-content\\\/uploads\\\/2026\\\/08\\\/featured-vaso-nero-scanalato-geometria-e-materia-per-il-dark-minimal-2.png\",\"articleSection\":[\"Design\"],\"inLanguage\":\"es-ES\"},{\"@type\":\"WebPage\",\"@id\":\"https:\\\/\\\/www.trueiconicdesign.com\\\/it\\\/vaso-nero-scanalato-geometria-materia-dark-minimal\\\/\",\"url\":\"https:\\\/\\\/www.trueiconicdesign.com\\\/it\\\/vaso-nero-scanalato-geometria-materia-dark-minimal\\\/\",\"name\":\"Vaso nero scanalato: geometria e materia per il dark-minimal - True Iconic Design\",\"isPartOf\":{\"@id\":\"https:\\\/\\\/www.trueiconicdesign.com\\\/en\\\/#website\"},\"primaryImageOfPage\":{\"@id\":\"https:\\\/\\\/www.trueiconicdesign.com\\\/it\\\/vaso-nero-scanalato-geometria-materia-dark-minimal\\\/#primaryimage\"},\"image\":{\"@id\":\"https:\\\/\\\/www.trueiconicdesign.com\\\/it\\\/vaso-nero-scanalato-geometria-materia-dark-minimal\\\/#primaryimage\"},\"thumbnailUrl\":\"https:\\\/\\\/www.trueiconicdesign.com\\\/wp-content\\\/uploads\\\/2026\\\/08\\\/featured-vaso-nero-scanalato-geometria-e-materia-per-il-dark-minimal-2.png\",\"datePublished\":\"2026-08-08T06:33:20+00:00\",\"dateModified\":\"2026-08-10T12:18:51+00:00\",\"description\":\"Descubre el jarr\u00f3n negro opaco acanalado: geometr\u00eda vertical y materia para el dark-minimal. Gu\u00eda de paleta, estilos y combinaciones para un dise\u00f1o esencial.\",\"breadcrumb\":{\"@id\":\"https:\\\/\\\/www.trueiconicdesign.com\\\/it\\\/vaso-nero-scanalato-geometria-materia-dark-minimal\\\/#breadcrumb\"},\"inLanguage\":\"es-ES\",\"potentialAction\":[{\"@type\":\"ReadAction\",\"target\":[\"https:\\\/\\\/www.trueiconicdesign.com\\\/it\\\/vaso-nero-scanalato-geometria-materia-dark-minimal\\\/\"]}]},{\"@type\":\"ImageObject\",\"inLanguage\":\"es-ES\",\"@id\":\"https:\\\/\\\/www.trueiconicdesign.com\\\/it\\\/vaso-nero-scanalato-geometria-materia-dark-minimal\\\/#primaryimage\",\"url\":\"https:\\\/\\\/www.trueiconicdesign.com\\\/wp-content\\\/uploads\\\/2026\\\/08\\\/featured-vaso-nero-scanalato-geometria-e-materia-per-il-dark-minimal-2.png\",\"contentUrl\":\"https:\\\/\\\/www.trueiconicdesign.com\\\/wp-content\\\/uploads\\\/2026\\\/08\\\/featured-vaso-nero-scanalato-geometria-e-materia-per-il-dark-minimal-2.png\",\"width\":2496,\"height\":2496},{\"@type\":\"BreadcrumbList\",\"@id\":\"https:\\\/\\\/www.trueiconicdesign.com\\\/it\\\/vaso-nero-scanalato-geometria-materia-dark-minimal\\\/#breadcrumb\",\"itemListElement\":[{\"@type\":\"ListItem\",\"position\":1,\"name\":\"Inicio\",\"item\":\"https:\\\/\\\/www.trueiconicdesign.com\\\/en\\\/\"},{\"@type\":\"ListItem\",\"position\":2,\"name\":\"Vaso negro acanalado: geometr\u00eda y materia para el dark-minimal\"}]},{\"@type\":\"WebSite\",\"@id\":\"https:\\\/\\\/www.trueiconicdesign.com\\\/en\\\/#website\",\"url\":\"https:\\\/\\\/www.trueiconicdesign.com\\\/en\\\/\",\"name\":\"Aut\u00e9ntico dise\u00f1o ic\u00f3nico\",\"description\":\"dise\u00f1o de estilo simb\u00f3lico emocional\",\"publisher\":{\"@id\":\"https:\\\/\\\/www.trueiconicdesign.com\\\/en\\\/#organization\"},\"alternateName\":\"4Additive - Blog de fabricaci\u00f3n aditiva\",\"potentialAction\":[{\"@type\":\"SearchAction\",\"target\":{\"@type\":\"EntryPoint\",\"urlTemplate\":\"https:\\\/\\\/www.trueiconicdesign.com\\\/en\\\/?s={search_term_string}\"},\"query-input\":{\"@type\":\"PropertyValueSpecification\",\"valueRequired\":true,\"valueName\":\"search_term_string\"}}],\"inLanguage\":\"es-ES\"},{\"@type\":\"Organization\",\"@id\":\"https:\\\/\\\/www.trueiconicdesign.com\\\/en\\\/#organization\",\"name\":\"Dise\u00f1o Simb\u00f3lico Emocional\",\"alternateName\":\"4Additive\",\"url\":\"https:\\\/\\\/www.trueiconicdesign.com\\\/en\\\/\",\"logo\":{\"@type\":\"ImageObject\",\"inLanguage\":\"es-ES\",\"@id\":\"https:\\\/\\\/wordpress.m.3dbooster.com\\\/it\\\/#\\\/schema\\\/logo\\\/image\\\/\",\"url\":\"https:\\\/\\\/www.trueiconicdesign.com\\\/wp-content\\\/uploads\\\/2026\\\/07\\\/trueiconicdesign-logo.svg\",\"contentUrl\":\"https:\\\/\\\/www.trueiconicdesign.com\\\/wp-content\\\/uploads\\\/2026\\\/07\\\/trueiconicdesign-logo.svg\",\"caption\":\"Dise\u00f1o Simb\u00f3lico Emocional\"},\"image\":{\"@id\":\"https:\\\/\\\/wordpress.m.3dbooster.com\\\/it\\\/#\\\/schema\\\/logo\\\/image\\\/\"},\"sameAs\":[\"https:\\\/\\\/trueiconicdesign.etsy.com\\\/\"]},{\"@type\":\"Person\",\"@id\":\"https:\\\/\\\/wordpress.m.3dbooster.com\\\/it\\\/#\\\/schema\\\/person\\\/5a1c00cc9c7362ff5de0d9bea94fec08\",\"name\":\"sincronizaci\u00f3n\"}]}<\/script>\n<!-- \/ Yoast SEO plugin. -->","yoast_head_json":{"title":"Vaso nero scanalato: geometria e materia per il dark-minimal - True Iconic Design","description":"Descubre el jarr\u00f3n negro opaco acanalado: geometr\u00eda vertical y materia para el dark-minimal. Gu\u00eda de paleta, estilos y combinaciones para un dise\u00f1o esencial.","robots":{"index":"index","follow":"follow","max-snippet":"max-snippet:-1","max-image-preview":"max-image-preview:large","max-video-preview":"max-video-preview:-1"},"canonical":"https:\/\/www.trueiconicdesign.com\/es\/jarron-negro-acanalado-geometria-materia-dark-minimal\/","og_locale":"es_ES","og_type":"article","og_title":"Vaso nero scanalato: geometria e materia per il dark-minimal - True Iconic Design","og_description":"Descubre el jarr\u00f3n negro opaco acanalado: geometr\u00eda vertical y materia para el dark-minimal. Gu\u00eda de paleta, estilos y combinaciones para un dise\u00f1o esencial.","og_url":"https:\/\/www.trueiconicdesign.com\/es\/jarron-negro-acanalado-geometria-materia-dark-minimal\/","og_site_name":"True Iconic Design","article_published_time":"2026-08-08T06:33:20+00:00","article_modified_time":"2026-08-10T12:18:51+00:00","og_image":[{"width":1024,"height":1024,"url":"https:\/\/www.trueiconicdesign.com\/wp-content\/uploads\/2026\/08\/featured-vaso-nero-scanalato-geometria-e-materia-per-il-dark-minimal-2-1024x1024.png","type":"image\/png"}],"author":"sync","twitter_card":"summary_large_image","twitter_misc":{"Written by":"sync","Est. reading time":"6 minutes"},"schema":{"@context":"https:\/\/schema.org","@graph":[{"@type":"Article","@id":"https:\/\/www.trueiconicdesign.com\/it\/vaso-nero-scanalato-geometria-materia-dark-minimal\/#article","isPartOf":{"@id":"https:\/\/www.trueiconicdesign.com\/it\/vaso-nero-scanalato-geometria-materia-dark-minimal\/"},"author":{"name":"sincronizaci\u00f3n","@id":"https:\/\/wordpress.m.3dbooster.com\/it\/#\/schema\/person\/5a1c00cc9c7362ff5de0d9bea94fec08"},"headline":"Vaso negro acanalado: geometr\u00eda y materia para el dark-minimal","datePublished":"2026-08-08T06:33:20+00:00","dateModified":"2026-08-10T12:18:51+00:00","mainEntityOfPage":{"@id":"https:\/\/www.trueiconicdesign.com\/it\/vaso-nero-scanalato-geometria-materia-dark-minimal\/"},"wordCount":1146,"publisher":{"@id":"https:\/\/www.trueiconicdesign.com\/en\/#organization"},"image":{"@id":"https:\/\/www.trueiconicdesign.com\/it\/vaso-nero-scanalato-geometria-materia-dark-minimal\/#primaryimage"},"thumbnailUrl":"https:\/\/www.trueiconicdesign.com\/wp-content\/uploads\/2026\/08\/featured-vaso-nero-scanalato-geometria-e-materia-per-il-dark-minimal-2.png","articleSection":["Design"],"inLanguage":"es-ES"},{"@type":"WebPage","@id":"https:\/\/www.trueiconicdesign.com\/it\/vaso-nero-scanalato-geometria-materia-dark-minimal\/","url":"https:\/\/www.trueiconicdesign.com\/it\/vaso-nero-scanalato-geometria-materia-dark-minimal\/","name":"Vaso nero scanalato: geometria e materia per il dark-minimal - True Iconic Design","isPartOf":{"@id":"https:\/\/www.trueiconicdesign.com\/en\/#website"},"primaryImageOfPage":{"@id":"https:\/\/www.trueiconicdesign.com\/it\/vaso-nero-scanalato-geometria-materia-dark-minimal\/#primaryimage"},"image":{"@id":"https:\/\/www.trueiconicdesign.com\/it\/vaso-nero-scanalato-geometria-materia-dark-minimal\/#primaryimage"},"thumbnailUrl":"https:\/\/www.trueiconicdesign.com\/wp-content\/uploads\/2026\/08\/featured-vaso-nero-scanalato-geometria-e-materia-per-il-dark-minimal-2.png","datePublished":"2026-08-08T06:33:20+00:00","dateModified":"2026-08-10T12:18:51+00:00","description":"Descubre el jarr\u00f3n negro opaco acanalado: geometr\u00eda vertical y materia para el dark-minimal. Gu\u00eda de paleta, estilos y combinaciones para un dise\u00f1o esencial.","breadcrumb":{"@id":"https:\/\/www.trueiconicdesign.com\/it\/vaso-nero-scanalato-geometria-materia-dark-minimal\/#breadcrumb"},"inLanguage":"es-ES","potentialAction":[{"@type":"ReadAction","target":["https:\/\/www.trueiconicdesign.com\/it\/vaso-nero-scanalato-geometria-materia-dark-minimal\/"]}]},{"@type":"ImageObject","inLanguage":"es-ES","@id":"https:\/\/www.trueiconicdesign.com\/it\/vaso-nero-scanalato-geometria-materia-dark-minimal\/#primaryimage","url":"https:\/\/www.trueiconicdesign.com\/wp-content\/uploads\/2026\/08\/featured-vaso-nero-scanalato-geometria-e-materia-per-il-dark-minimal-2.png","contentUrl":"https:\/\/www.trueiconicdesign.com\/wp-content\/uploads\/2026\/08\/featured-vaso-nero-scanalato-geometria-e-materia-per-il-dark-minimal-2.png","width":2496,"height":2496},{"@type":"BreadcrumbList","@id":"https:\/\/www.trueiconicdesign.com\/it\/vaso-nero-scanalato-geometria-materia-dark-minimal\/#breadcrumb","itemListElement":[{"@type":"ListItem","position":1,"name":"Inicio","item":"https:\/\/www.trueiconicdesign.com\/en\/"},{"@type":"ListItem","position":2,"name":"Vaso negro acanalado: geometr\u00eda y materia para el dark-minimal"}]},{"@type":"WebSite","@id":"https:\/\/www.trueiconicdesign.com\/en\/#website","url":"https:\/\/www.trueiconicdesign.com\/en\/","name":"Aut\u00e9ntico dise\u00f1o ic\u00f3nico","description":"dise\u00f1o de estilo simb\u00f3lico emocional","publisher":{"@id":"https:\/\/www.trueiconicdesign.com\/en\/#organization"},"alternateName":"4Additive - Blog de fabricaci\u00f3n aditiva","potentialAction":[{"@type":"SearchAction","target":{"@type":"EntryPoint","urlTemplate":"https:\/\/www.trueiconicdesign.com\/en\/?s={search_term_string}"},"query-input":{"@type":"PropertyValueSpecification","valueRequired":true,"valueName":"search_term_string"}}],"inLanguage":"es-ES"},{"@type":"Organization","@id":"https:\/\/www.trueiconicdesign.com\/en\/#organization","name":"Dise\u00f1o Simb\u00f3lico Emocional","alternateName":"4Additive","url":"https:\/\/www.trueiconicdesign.com\/en\/","logo":{"@type":"ImageObject","inLanguage":"es-ES","@id":"https:\/\/wordpress.m.3dbooster.com\/it\/#\/schema\/logo\/image\/","url":"https:\/\/www.trueiconicdesign.com\/wp-content\/uploads\/2026\/07\/trueiconicdesign-logo.svg","contentUrl":"https:\/\/www.trueiconicdesign.com\/wp-content\/uploads\/2026\/07\/trueiconicdesign-logo.svg","caption":"Dise\u00f1o Simb\u00f3lico Emocional"},"image":{"@id":"https:\/\/wordpress.m.3dbooster.com\/it\/#\/schema\/logo\/image\/"},"sameAs":["https:\/\/trueiconicdesign.etsy.com\/"]},{"@type":"Person","@id":"https:\/\/wordpress.m.3dbooster.com\/it\/#\/schema\/person\/5a1c00cc9c7362ff5de0d9bea94fec08","name":"sincronizaci\u00f3n"}]}},"_links":{"self":[{"href":"https:\/\/www.trueiconicdesign.com\/es\/wp-json\/wp\/v2\/posts\/670","targetHints":{"allow":["GET"]}}],"collection":[{"href":"https:\/\/www.trueiconicdesign.com\/es\/wp-json\/wp\/v2\/posts"}],"about":[{"href":"https:\/\/www.trueiconicdesign.com\/es\/wp-json\/wp\/v2\/types\/post"}],"author":[{"embeddable":true,"href":"https:\/\/www.trueiconicdesign.com\/es\/wp-json\/wp\/v2\/users\/3"}],"replies":[{"embeddable":true,"href":"https:\/\/www.trueiconicdesign.com\/es\/wp-json\/wp\/v2\/comments?post=670"}],"version-history":[{"count":3,"href":"https:\/\/www.trueiconicdesign.com\/es\/wp-json\/wp\/v2\/posts\/670\/revisions"}],"predecessor-version":[{"id":684,"href":"https:\/\/www.trueiconicdesign.com\/es\/wp-json\/wp\/v2\/posts\/670\/revisions\/684"}],"wp:featuredmedia":[{"embeddable":true,"href":"https:\/\/www.trueiconicdesign.com\/es\/wp-json\/wp\/v2\/media\/720"}],"wp:attachment":[{"href":"https:\/\/www.trueiconicdesign.com\/es\/wp-json\/wp\/v2\/media?parent=670"}],"wp:term":[{"taxonomy":"category","embeddable":true,"href":"https:\/\/www.trueiconicdesign.com\/es\/wp-json\/wp\/v2\/categories?post=670"},{"taxonomy":"post_tag","embeddable":true,"href":"https:\/\/www.trueiconicdesign.com\/es\/wp-json\/wp\/v2\/tags?post=670"},{"taxonomy":"foradditive_tecnologie","embeddable":true,"href":"https:\/\/www.trueiconicdesign.com\/es\/wp-json\/wp\/v2\/foradditive_tecnologie?post=670"},{"taxonomy":"foradditive_materiali","embeddable":true,"href":"https:\/\/www.trueiconicdesign.com\/es\/wp-json\/wp\/v2\/foradditive_materiali?post=670"},{"taxonomy":"foradditive_applicazioni","embeddable":true,"href":"https:\/\/www.trueiconicdesign.com\/es\/wp-json\/wp\/v2\/foradditive_applicazioni?post=670"},{"taxonomy":"foradditive_case_studies","embeddable":true,"href":"https:\/\/www.trueiconicdesign.com\/es\/wp-json\/wp\/v2\/foradditive_case_studies?post=670"},{"taxonomy":"foradditive_settori_industriali","embeddable":true,"href":"https:\/\/www.trueiconicdesign.com\/es\/wp-json\/wp\/v2\/foradditive_settori_industriali?post=670"}],"curies":[{"name":"wp","href":"https:\/\/api.w.org\/{rel}","templated":true}]}}