{"id":810,"date":"2026-08-31T11:29:29","date_gmt":"2026-08-31T09:29:29","guid":{"rendered":"https:\/\/www.trueiconicdesign.com\/it\/?p=810"},"modified":"2026-08-31T11:29:29","modified_gmt":"2026-08-31T09:29:29","slug":"fenice-nera-amuleto-rinascita-parete","status":"publish","type":"post","link":"https:\/\/www.trueiconicdesign.com\/de\/fenice-nera-amuleto-rinascita-parete\/","title":{"rendered":"Schwarzer Ph\u00f6nix: ein Amulett der Wiedergeburt f\u00fcr die Wand"},"content":{"rendered":"<h2>Der schwarze Ph\u00f6nix: Pr\u00e4senz der Wiedergeburt an der Wand<\/h2>\n<p>Wenn wir eine Transformation durchlaufen \u2013 das Ende einer Beziehung, ein neuer Job, ein Umzug \u2013 h\u00f6rt der Raum, den wir bewohnen, auf, nur ein Beh\u00e4lter zu sein, und wird zum Zeugen. Eine leere Wand kann sich in einen Brennpunkt innerer St\u00e4rke verwandeln, wenn wir uns entscheiden, sie mit einem Zeichen zu versehen, das zu unserem Weg spricht.<\/p>\n<p>Der schwarze Ph\u00f6nix ist keine einfache Dekoration: Er ist ein h\u00e4uslicher Talisman, der an die F\u00e4higkeit erinnert, aus der Asche wiedergeboren zu werden.<\/p>\n<h3>Das Symbol als Verankerung im Raum<\/h3>\n<p>*Die h\u00e4usliche Symbolik ist kein Aberglaube, sondern eine konkrete M\u00f6glichkeit, Absichten im physischen Raum zu verankern und die Umgebung in einen emotionalen Verb\u00fcndeten zu verwandeln.*<\/p>\n<p>In der zeitgen\u00f6ssischen Architektur, wie das Projekt von Papundekl Architects f\u00fcr ein modulares Haus in der Tschechischen Republik zeigt, l\u00f6st die \u00d6ffnung nach au\u00dfen \u2013 durch gro\u00dfe Glasfl\u00e4chen, die zum Wald hin ausgerichtet sind \u2013 die Grenze zwischen Innen und Au\u00dfen auf. Ebenso kann ein Symbol an der Wand die Grenze zwischen physischem Raum und emotionaler Dimension aufl\u00f6sen.<\/p>\n<p>Der Ph\u00f6nix repr\u00e4sentiert seit Jahrtausenden den Zyklus von Tod und Wiedergeburt. Wenn dieser Archetyp in mattem Schwarz Gestalt annimmt, verschmilzt Eleganz mit innerer St\u00e4rke. Schwarz ist nicht d\u00fcster: Es ist Schutz, Transformation, unausgesprochenes Potenzial.<\/p>\n<div class=\"article-box article-box--highlight\">\n<strong>Warum der schwarze Ph\u00f6nix als Brennpunkt funktioniert<\/strong><\/p>\n<ul>\n<li>Wiedererkennbare Silhouette, die sofort den Blick auf sich zieht<\/li>\n<li>Schwarze Farbe, die auf jeder hellen Wand einen grafischen Kontrast erzeugt<\/li>\n<li>Aufsteigende Haltung, die das Auge nach oben f\u00fchrt und Erhabenheit verleiht<\/li>\n<li>Universelle Bedeutung, die das Objekt in ein Gespr\u00e4ch verwandelt<\/li>\n<\/ul>\n<\/div>\n<h3>Wo man dem Ph\u00f6nix Raum zum Atmen gibt<\/h3>\n<p>*Die Platzierung bestimmt, ob ein symbolisches Objekt zum Protagonisten wird oder im visuellen Rauschen untergeht. Drei Regeln leiten die Wahl.*<\/p>\n<p>**Regel eins: visuelle Isolation.** Der <a href=\"https:\/\/www.trueiconicdesign.com\/de\/product\/fenice-nera-da-parete-simbolo-di-rinascita-e-nuovo-inizio\/\">schwarzer Wandph\u00f6nix<\/a> braucht Raum zum Atmen. Platziere ihn in der Mitte einer freien Wand, ohne den umgebenden Raum mit Bildern oder Regalen zu \u00fcberladen. Im Eingangsbereich, \u00fcber einer schmalen Konsole, wird er zum ersten Zeichen der Gastfreundschaft. Im Schlafzimmer, zentriert am Kopfende des Bettes, verwandelt er sich in einen n\u00e4chtlichen Schild.<\/p>\n<p>**Regel zwei: strategische Beleuchtung.** Das matte Schwarz lebt von Lichtkontrasten. Ein seitliches Streiflicht oder ein Spot von oben betont das geschichtete Profil und die k\u00f6rnige Textur des PLA-Biokunststoffs. Ohne angemessene Beleuchtung verschmilzt das Schwarz mit der Wand und verliert an Pr\u00e4senz.<\/p>\n<p>**Regel drei: Augenh\u00f6he.** Platziere den Ph\u00f6nix auf Augenh\u00f6he, wenn du stehst (ca. 160-170 cm \u00fcber dem Boden). Hinter dem Schreibtisch im B\u00fcro erinnert er an Resilienz bei beruflichen Herausforderungen. In einem kreativen Raum inspiriert er zur \u00dcberwindung von Hindernissen.<\/p>\n<div class=\"article-steps\">\n<h3>Montage und Vorbereitung der Wand<\/h3>\n<ol>\n<li><strong>Vorbereitung:<\/strong> Reinigen Sie die Wand und identifizieren Sie den Mittelpunkt mithilfe der mitgelieferten Bohrschablone.<\/li>\n<li><strong>Befestigung:<\/strong> Setzen Sie die D\u00fcbel in die hinteren, verteilten Schlitze ein, um Stabilit\u00e4t zu gew\u00e4hrleisten.<\/li>\n<li><strong>\u00dcberpr\u00fcfung:<\/strong> \u00dcberpr\u00fcfen Sie die horizontale Ausrichtung der Fl\u00fcgel, bevor Sie endg\u00fcltig festziehen.<\/li>\n<\/ol>\n<\/div>\n<h3>Das Schwarz dialogiert mit Licht und Materie<\/h3>\n<p>*Das matte Schwarz dialogiert mit spezifischen Materialien und Farben: Die Wahl der Kombination bestimmt die endg\u00fcltige Atmosph\u00e4re des Raumes.*<\/p>\n<p>F\u00fcr eine maximale grafische Wirkung w\u00e4hlen Sie eine wei\u00dfe oder sehr hellgraue Wand. Der monochrome Kontrast betont die stilisierte Silhouette und macht sie zu einer reinen Skulptur.<\/p>\n<p>Wenn du die St\u00e4rke des Schwarzen mildern m\u00f6chtest, entscheide dich f\u00fcr warme neutrale T\u00f6ne: Greige, Taupe, Sand. Diese Farben h\u00fcllen den Ph\u00f6nix in eine introvertierte und elegante Atmosph\u00e4re, perfekt f\u00fcr das Schlafzimmer.<\/p>\n<div class=\"article-table-wrap\">\n<table class=\"article-table\">\n<thead>\n<tr>\n<th>Palette<\/th>\n<th>Atmosph\u00e4re<\/th>\n<th>Ideales Ambiente<\/th>\n<\/tr>\n<\/thead>\n<tbody>\n<tr>\n<td>Schwarz auf Wei\u00df<\/td>\n<td>Grafisch, schlicht<\/td>\n<td>Minimalistisches Wohnzimmer<\/td>\n<\/tr>\n<tr>\n<td>Schwarz auf Greige<\/td>\n<td>Warm, umh\u00fcllend<\/td>\n<td>Schlafzimmer<\/td>\n<\/tr>\n<tr>\n<td>Schwarz auf Salbeigr\u00fcn<\/td>\n<td>Nat\u00fcrlich, regenerierend<\/td>\n<td>Kreativraum<\/td>\n<\/tr>\n<tr>\n<td>Schwarz auf Anthrazitgrau<\/td>\n<td>Urban, raffiniert<\/td>\n<td>Zeitgen\u00f6ssisches B\u00fcro<\/td>\n<\/tr>\n<\/tbody>\n<\/table>\n<\/div>\n<p>F\u00fcr materische Kombinationen erzeugt nat\u00fcrliches oder lackiertes Holz einen taktilen Kontrast. Glas und Spiegel verst\u00e4rken die wahrgenommene Leichtigkeit. Geb\u00fcrstetes Metall \u2013 Messing oder Bronze \u2013 setzt Akzente mit warmem Licht, die dezent an das Feuerelement des Ph\u00f6nix erinnern.<\/p>\n<h3>Eine Geste f\u00fcr die, die sich ver\u00e4ndern<\/h3>\n<p>*Ein symbolisches Objekt zu verschenken bedeutet, den Weg des anderen anzuerkennen und einen greifbaren Talisman f\u00fcr die Reise zu bieten.*<\/p>\n<p>Wenn jemand eine gro\u00dfe Ver\u00e4nderung durchmacht \u2013 Trennung, Trauer, neue Arbeit, Umzug \u2013 reichen Worte oft nicht aus. Ein <a href=\"https:\/\/www.trueiconicdesign.com\/de\/product\/fenice-nera-da-parete-simbolo-di-rinascita-e-nuovo-inizio\/\">Symbol der Wiedergeburt aus schwarzem Biokunststoff<\/a> wird zu einer stillen Botschaft: \u201cIch sehe dich. Ich wei\u00df, dass du wiedergeboren wirst. Hier ist etwas, das dich an deine St\u00e4rke erinnern wird.\u201d<\/p>\n<p>Die Wahl von Schwarz ist bedeutsam. Es ist nicht die Farbe der unmittelbaren Freude, sondern der tiefen Transformation. Es ist die Farbe der Nacht vor der Morgend\u00e4mmerung, der Erde vor dem Keimling.<\/p>\n<div class=\"article-box article-box--info\">\n<strong>Anl\u00e4sse, um den schwarzen Ph\u00f6nix zu verschenken<\/strong><\/p>\n<p>Neuer beruflicher Anfang, Ende einer wichtigen Beziehung, Abschluss einer therapeutischen Reise, Umzug in eine neue Stadt, \u00dcberwindung einer Krankheit, Beginn eines lange aufgeschobenen pers\u00f6nlichen Projekts.<\/p>\n<\/div>\n<h3>Was die Pr\u00e4senz des Objekts ausl\u00f6scht<\/h3>\n<p>*Drei h\u00e4ufige Fehler verwandeln einen kraftvollen Blickfang in eine anonyme Dekoration.*<\/p>\n<p>**Fehler eins: \u00dcberf\u00fcllung.** Wenn man den Ph\u00f6nix mit zu vielen Bildern, Fotos oder Regalen umgibt, l\u00f6scht das seine symbolische Wirkung aus. Die visuelle Stille um ein Symbol herum verst\u00e4rkt seine Stimme.<\/p>\n<p>**Fehler zwei: fehlende Beleuchtung.** Den Ph\u00f6nix in \u00fcberm\u00e4\u00dfig dunklen Bereichen zu platzieren, wo das Schwarz mit der Wand verschmilzt. Das matte Schwarz ben\u00f6tigt Licht, um als Kontrast zu existieren.<\/p>\n<p>**Fehler drei: inkonsistenter stilistischer Kontext.** Den Ph\u00f6nix in \u00fcberm\u00e4\u00dfig klassische Umgebungen einzuf\u00fcgen \u2013 goldene Stuckaturen, Louis-XV-M\u00f6bel \u2013 ohne eine zeitgen\u00f6ssische Br\u00fccke. Das essentielle Design des Ph\u00f6nix geh\u00f6rt zur zeitgen\u00f6ssischen Sprache: Minimalismus, Industrial Chic, Wabi-Sabi, Dark Academia.<\/p>\n<h3>Material und Ma\u00dfe<\/h3>\n<p>*Die praktischen Details bestimmen die Machbarkeit des Projekts: Ma\u00dfe, Material, Gewicht beeinflussen die Wahl der Wand und der Befestigung.*<\/p>\n<p>Die <a href=\"https:\/\/www.trueiconicdesign.com\/de\/product\/fenice-nera-da-parete-simbolo-di-rinascita-e-nuovo-inizio\/\">Wanddekoration aus schwarzem PLA<\/a> Ma\u00dfe: 23 cm Breite, 19,5 cm H\u00f6he und 1,5 cm Tiefe. Die kompakten Abmessungen machen sie f\u00fcr jeden Raum geeignet: Schlafzimmer, Wohnzimmer, K\u00fcche, B\u00fcro, Kreativraum.<\/p>\n<p>Das Material ist Biokunststoff PLA auf Maisbasis, handwerklich in Italien im 3D-Druck hergestellt. Die sichtbare k\u00f6rnige Textur ist eine Spur des kreativen Prozesses, kein Defekt: Sie verleiht handwerklichen Wert und Haptik.<\/p>\n<p>Der Stil ist zeitgen\u00f6ssisch, die Farbe mattschwarz. Die Leichtigkeit des PLA erm\u00f6glicht die Montage an jeder Wand, auch an Gipskarton, mit der mitgelieferten Bohrhilfe.<\/p>\n<h3>Den Wandel bewohnen<\/h3>\n<p>Einrichten bedeutet nicht nur, leere R\u00e4ume zu f\u00fcllen. Es bedeutet, zu w\u00e4hlen, welche Geschichten unsere W\u00e4nde erz\u00e4hlen sollen, welche Symbole wir als stille Begleiter in schwierigen Tagen haben wollen.<\/p>\n<p>Der schwarze Ph\u00f6nix an der Wand wird dein Leben nicht ver\u00e4ndern. Aber er wird dich jeden Morgen daran erinnern, dass du dich bereits tausendmal ver\u00e4ndert hast. Und dass du wieder auferstehen wirst.<\/p>","protected":false},"excerpt":{"rendered":"<p>Der schwarze Wandph\u00f6nix ist ein h\u00e4uslicher Talisman, der Wiedergeburt und innere Transformation symbolisiert. Mit seiner aufsteigenden Silhouette und dem grafischen Kontrast wird er zu einem Blickfang, der die Absichten im Raum verankert und visuelle Isolation erfordert, um seine ganze Kraft auszudr\u00fccken.<\/p>","protected":false},"author":3,"featured_media":811,"comment_status":"closed","ping_status":"","sticky":false,"template":"","format":"standard","meta":{"foradditive_qa_html":"<section class=\"foradditive-faq\"><div class=\"foradditive-faq-item\"><h3>Qual \u00e8 il significato simbolico della fenice nera?<\/h3><p>La fenice nera rappresenta la capacit\u00e0 di rinascere dalle ceneri dopo una trasformazione personale. Il colore nero opaco simboleggia protezione, forza interiore e potenziale inespresso.<\/p><\/div><div class=\"foradditive-faq-item\"><h3>Dove \u00e8 consigliabile posizionare la fenice nera in casa?<\/h3><p>Il punto ideale \u00e8 al centro di una parete libera, come sopra una console nell&#x27;ingresso o centrata sulla testata del letto in camera. \u00c8 fondamentale lasciare respiro visivo intorno all&#x27;oggetto.<\/p><\/div><div class=\"foradditive-faq-item\"><h3>Che tipo di illuminazione serve per valorizzare la fenice nera?<\/h3><p>Essendo in nero opaco, richiede contrasti luminosi come una luce radente laterale o un faretto dall&#x27;alto. Questa illuminazione esalta il profilo stratificato e la texture granulosa.<\/p><\/div><div class=\"foradditive-faq-item\"><h3>Di quale materiale \u00e8 realizzata la fenice nera descritta?<\/h3><p>L&#x27;articolo specifica che la fenice ha una texture granulosa ed \u00e8 realizzata in bioplastica PLA. Questo materiale permette di ottenere il particolare effetto visivo descritto.<\/p><\/div><div class=\"foradditive-faq-item\"><h3>A quale altezza va installata la fenice nera sulla parete?<\/h3><p>Va posizionata all&#x27;altezza degli occhi quando si \u00e8 in piedi, indicativamente tra i 160 e i 170 cm da terra. Questa collocazione garantisce la massima presenza visiva nello spazio.<\/p><\/div><\/section>","foradditive_qa_html_en":"<section class=\"foradditive-faq\"><div class=\"foradditive-faq-item\"><h3>What is the symbolic meaning of the black phoenix?<\/h3><p>The black phoenix represents the ability to rise from the ashes after a personal transformation. The matte black color symbolizes protection, inner strength, and untapped potential.<\/p><\/div><div class=\"foradditive-faq-item\"><h3>Where is it advisable to place the black phoenix in the home?<\/h3><p>The ideal spot is the center of a free wall, such as above a console in the entryway or centered on the bed headboard in the bedroom. It is essential to leave visual breathing room around the object.<\/p><\/div><div class=\"foradditive-faq-item\"><h3>What type of lighting is needed to enhance the black phoenix?<\/h3><p>Being matte black, it requires bright contrasts such as side grazing light or a spotlight from above. This lighting highlights the layered profile and granular texture.<\/p><\/div><div class=\"foradditive-faq-item\"><h3>What material is the described black phoenix made of?<\/h3><p>The item specifies that the phoenix has a granular texture and is made of PLA bioplastic. This material allows achieving the particular visual effect described.<\/p><\/div><div class=\"foradditive-faq-item\"><h3>At what height should the black phoenix be installed on the wall?<\/h3><p>It should be positioned at eye level when standing, approximately between 160 and 170 cm from the floor. This placement ensures maximum visual presence in the space.<\/p><\/div><\/section>","foradditive_qa_html_fr":"<section class=\"foradditive-faq\"><div class=\"foradditive-faq-item\"><h3>Quel est le sens symbolique du ph\u00e9nix noir ?<\/h3><p>Le ph\u00e9nix noir repr\u00e9sente la capacit\u00e9 de rena\u00eetre de ses cendres apr\u00e8s une transformation personnelle. Sa couleur noire mate symbolise la protection, la force int\u00e9rieure et le potentiel inexploit\u00e9.<\/p><\/div><div class=\"foradditive-faq-item\"><h3>O\u00f9 est-il conseill\u00e9 de placer le ph\u00e9nix noir dans la maison ?<\/h3><p>L&#x27;emplacement id\u00e9al est au centre d&#x27;un mur d\u00e9gag\u00e9, comme au-dessus d&#x27;une console dans l&#x27;entr\u00e9e ou centr\u00e9 sur la t\u00eate de lit dans la chambre. Il est essentiel de laisser un espace visuel autour de l&#x27;objet.<\/p><\/div><div class=\"foradditive-faq-item\"><h3>Quel type d&#x27;\u00e9clairage faut-il pour mettre en valeur le ph\u00e9nix noir ?<\/h3><p>\u00c9tant de couleur noire mate, il n\u00e9cessite des contrastes lumineux tels qu&#x27;une lumi\u00e8re rasante lat\u00e9rale ou un spot dirig\u00e9 depuis le haut. Cet \u00e9clairage met en relief le profil stratifi\u00e9 et la texture granuleuse.<\/p><\/div><div class=\"foradditive-faq-item\"><h3>De quel mat\u00e9riau est fait le ph\u00e9nix noir d\u00e9crit ?<\/h3><p>L&#x27;article pr\u00e9cise que le ph\u00e9nix poss\u00e8de une texture granuleuse et est r\u00e9alis\u00e9 en bioplastique PLA. Ce mat\u00e9riau permet d&#x27;obtenir l&#x27;effet visuel particulier d\u00e9crit.<\/p><\/div><div class=\"foradditive-faq-item\"><h3>\u00c0 quelle hauteur doit-on installer le ph\u00e9nix noir sur le mur ?<\/h3><p>Il doit \u00eatre plac\u00e9 \u00e0 hauteur des yeux lorsque l&#x27;on est debout, soit approximativement entre 160 et 170 cm du sol. Cette position garantit une pr\u00e9sence visuelle maximale dans l&#x27;espace.<\/p><\/div><\/section>","foradditive_qa_html_de":"<section class=\"foradditive-faq\"><div class=\"foradditive-faq-item\"><h3>Was ist die symbolische Bedeutung des schwarzen Ph\u00f6nix?<\/h3><p>Der schwarze Ph\u00f6nix steht f\u00fcr die F\u00e4higkeit, nach einer pers\u00f6nlichen Verwandlung aus der Asche wiedergeboren zu werden. Die matte schwarze Farbe symbolisiert Schutz, innere St\u00e4rke und unentfaltetes Potenzial.<\/p><\/div><div class=\"foradditive-faq-item\"><h3>Wo wird empfohlen, den schwarzen Ph\u00f6nix im Haus zu platzieren?<\/h3><p>Der ideale Ort ist die Mitte einer freien Wand, etwa \u00fcber einer Konsole im Eingangsbereich oder zentriert \u00fcber dem Kopfende des Bettes im Schlafzimmer. Es ist entscheidend, dem Objekt visuellen Atemraum zu lassen.<\/p><\/div><div class=\"foradditive-faq-item\"><h3>Welche Art von Beleuchtung wird ben\u00f6tigt, um den schwarzen Ph\u00f6nix zur Geltung zu bringen?<\/h3><p>Da er matt schwarz ist, ben\u00f6tigt er helle Kontraste wie seitliches Streiflicht oder einen Spot von oben. Diese Beleuchtung hebt das geschichtete Profil und die k\u00f6rnige Textur hervor.<\/p><\/div><div class=\"foradditive-faq-item\"><h3>Aus welchem Material besteht der beschriebene schwarze Ph\u00f6nix?<\/h3><p>Der Artikel gibt an, dass der Ph\u00f6nix eine k\u00f6rnige Textur hat und aus PLA-Biokunststoff gefertigt ist. Dieses Material erm\u00f6glicht den beschriebenen besonderen visuellen Effekt.<\/p><\/div><div class=\"foradditive-faq-item\"><h3>In welcher H\u00f6he sollte der schwarze Ph\u00f6nix an der Wand angebracht werden?<\/h3><p>Er sollte auf Augenh\u00f6he im Stehen positioniert werden, also etwa zwischen 160 und 170 cm \u00fcber dem Boden. Diese Platzierung gew\u00e4hrleistet eine maximale visuelle Pr\u00e4senz im Raum.<\/p><\/div><\/section>","foradditive_qa_html_es":"<section class=\"foradditive-faq\"><div class=\"foradditive-faq-item\"><h3>\u00bfCu\u00e1l es el significado simb\u00f3lico del f\u00e9nix negro?<\/h3><p>El f\u00e9nix negro representa la capacidad de renacer de las cenizas tras una transformaci\u00f3n personal. El color negro mate simboliza protecci\u00f3n, fuerza interior y potencial no expresado.<\/p><\/div><div class=\"foradditive-faq-item\"><h3>\u00bfD\u00f3nde se recomienda colocar el f\u00e9nix negro en casa?<\/h3><p>El lugar ideal es el centro de una pared libre, como encima de una consola en la entrada o centrado sobre el cabecero de la cama en el dormitorio. Es fundamental dejar espacio visual alrededor del objeto.<\/p><\/div><div class=\"foradditive-faq-item\"><h3>\u00bfQu\u00e9 tipo de iluminaci\u00f3n se necesita para realzar el f\u00e9nix negro?<\/h3><p>Al ser de color negro mate, requiere contrastes luminosos como una luz rasante lateral o un foco desde arriba. Esta iluminaci\u00f3n resalta el perfil estratificado y la textura granulada.<\/p><\/div><div class=\"foradditive-faq-item\"><h3>\u00bfDe qu\u00e9 material est\u00e1 hecho el f\u00e9nix negro descrito?<\/h3><p>El art\u00edculo especifica que el f\u00e9nix tiene una textura granulada y est\u00e1 fabricado en biopl\u00e1stico PLA. Este material permite lograr el efecto visual particular descrito.<\/p><\/div><div class=\"foradditive-faq-item\"><h3>\u00bfA qu\u00e9 altura debe instalarse el f\u00e9nix negro en la pared?<\/h3><p>Debe colocarse a la altura de los ojos cuando se est\u00e1 de pie, aproximadamente entre 160 y 170 cm del suelo. Esta ubicaci\u00f3n garantiza la m\u00e1xima presencia visual en el espacio.<\/p><\/div><\/section>","foradditive_qa_jsonld":"{\"@context\":\"https:\/\/schema.org\",\"@type\":\"FAQPage\",\"inLanguage\":\"it\",\"mainEntity\":[{\"@type\":\"Question\",\"name\":\"Qual \u00e8 il significato simbolico della fenice nera?\",\"acceptedAnswer\":{\"@type\":\"Answer\",\"text\":\"La fenice nera rappresenta la capacit\u00e0 di rinascere dalle ceneri dopo una trasformazione personale. Il colore nero opaco simboleggia protezione, forza interiore e potenziale inespresso.\"}},{\"@type\":\"Question\",\"name\":\"Dove \u00e8 consigliabile posizionare la fenice nera in casa?\",\"acceptedAnswer\":{\"@type\":\"Answer\",\"text\":\"Il punto ideale \u00e8 al centro di una parete libera, come sopra una console nell'ingresso o centrata sulla testata del letto in camera. \u00c8 fondamentale lasciare respiro visivo intorno all'oggetto.\"}},{\"@type\":\"Question\",\"name\":\"Che tipo di illuminazione serve per valorizzare la fenice nera?\",\"acceptedAnswer\":{\"@type\":\"Answer\",\"text\":\"Essendo in nero opaco, richiede contrasti luminosi come una luce radente laterale o un faretto dall'alto. Questa illuminazione esalta il profilo stratificato e la texture granulosa.\"}},{\"@type\":\"Question\",\"name\":\"Di quale materiale \u00e8 realizzata la fenice nera descritta?\",\"acceptedAnswer\":{\"@type\":\"Answer\",\"text\":\"L'articolo specifica che la fenice ha una texture granulosa ed \u00e8 realizzata in bioplastica PLA. Questo materiale permette di ottenere il particolare effetto visivo descritto.\"}},{\"@type\":\"Question\",\"name\":\"A quale altezza va installata la fenice nera sulla parete?\",\"acceptedAnswer\":{\"@type\":\"Answer\",\"text\":\"Va posizionata all'altezza degli occhi quando si \u00e8 in piedi, indicativamente tra i 160 e i 170 cm da terra. Questa collocazione garantisce la massima presenza visiva nello spazio.\"}}]}","foradditive_qa_jsonld_en":"{\"@context\":\"https:\/\/schema.org\",\"@type\":\"FAQPage\",\"inLanguage\":\"en\",\"mainEntity\":[{\"@type\":\"Question\",\"name\":\"What is the symbolic meaning of the black phoenix?\",\"acceptedAnswer\":{\"@type\":\"Answer\",\"text\":\"The black phoenix represents the ability to rise from the ashes after a personal transformation. The matte black color symbolizes protection, inner strength, and untapped potential.\"}},{\"@type\":\"Question\",\"name\":\"Where is it advisable to place the black phoenix in the home?\",\"acceptedAnswer\":{\"@type\":\"Answer\",\"text\":\"The ideal spot is the center of a free wall, such as above a console in the entryway or centered on the bed headboard in the bedroom. It is essential to leave visual breathing room around the object.\"}},{\"@type\":\"Question\",\"name\":\"What type of lighting is needed to enhance the black phoenix?\",\"acceptedAnswer\":{\"@type\":\"Answer\",\"text\":\"Being matte black, it requires bright contrasts such as side grazing light or a spotlight from above. This lighting highlights the layered profile and granular texture.\"}},{\"@type\":\"Question\",\"name\":\"What material is the described black phoenix made of?\",\"acceptedAnswer\":{\"@type\":\"Answer\",\"text\":\"The item specifies that the phoenix has a granular texture and is made of PLA bioplastic. This material allows achieving the particular visual effect described.\"}},{\"@type\":\"Question\",\"name\":\"At what height should the black phoenix be installed on the wall?\",\"acceptedAnswer\":{\"@type\":\"Answer\",\"text\":\"It should be positioned at eye level when standing, approximately between 160 and 170 cm from the floor. This placement ensures maximum visual presence in the space.\"}}]}","foradditive_qa_jsonld_fr":"{\"@context\":\"https:\/\/schema.org\",\"@type\":\"FAQPage\",\"inLanguage\":\"fr\",\"mainEntity\":[{\"@type\":\"Question\",\"name\":\"Quel est le sens symbolique du ph\u00e9nix noir ?\",\"acceptedAnswer\":{\"@type\":\"Answer\",\"text\":\"Le ph\u00e9nix noir repr\u00e9sente la capacit\u00e9 de rena\u00eetre de ses cendres apr\u00e8s une transformation personnelle. Sa couleur noire mate symbolise la protection, la force int\u00e9rieure et le potentiel inexploit\u00e9.\"}},{\"@type\":\"Question\",\"name\":\"O\u00f9 est-il conseill\u00e9 de placer le ph\u00e9nix noir dans la maison ?\",\"acceptedAnswer\":{\"@type\":\"Answer\",\"text\":\"L'emplacement id\u00e9al est au centre d'un mur d\u00e9gag\u00e9, comme au-dessus d'une console dans l'entr\u00e9e ou centr\u00e9 sur la t\u00eate de lit dans la chambre. Il est essentiel de laisser un espace visuel autour de l'objet.\"}},{\"@type\":\"Question\",\"name\":\"Quel type d'\u00e9clairage faut-il pour mettre en valeur le ph\u00e9nix noir ?\",\"acceptedAnswer\":{\"@type\":\"Answer\",\"text\":\"\u00c9tant de couleur noire mate, il n\u00e9cessite des contrastes lumineux tels qu'une lumi\u00e8re rasante lat\u00e9rale ou un spot dirig\u00e9 depuis le haut. Cet \u00e9clairage met en relief le profil stratifi\u00e9 et la texture granuleuse.\"}},{\"@type\":\"Question\",\"name\":\"De quel mat\u00e9riau est fait le ph\u00e9nix noir d\u00e9crit ?\",\"acceptedAnswer\":{\"@type\":\"Answer\",\"text\":\"L'article pr\u00e9cise que le ph\u00e9nix poss\u00e8de une texture granuleuse et est r\u00e9alis\u00e9 en bioplastique PLA. Ce mat\u00e9riau permet d'obtenir l'effet visuel particulier d\u00e9crit.\"}},{\"@type\":\"Question\",\"name\":\"\u00c0 quelle hauteur doit-on installer le ph\u00e9nix noir sur le mur ?\",\"acceptedAnswer\":{\"@type\":\"Answer\",\"text\":\"Il doit \u00eatre plac\u00e9 \u00e0 hauteur des yeux lorsque l'on est debout, soit approximativement entre 160 et 170 cm du sol. Cette position garantit une pr\u00e9sence visuelle maximale dans l'espace.\"}}]}","foradditive_qa_jsonld_de":"{\"@context\":\"https:\/\/schema.org\",\"@type\":\"FAQPage\",\"inLanguage\":\"de\",\"mainEntity\":[{\"@type\":\"Question\",\"name\":\"Was ist die symbolische Bedeutung des schwarzen Ph\u00f6nix?\",\"acceptedAnswer\":{\"@type\":\"Answer\",\"text\":\"Der schwarze Ph\u00f6nix steht f\u00fcr die F\u00e4higkeit, nach einer pers\u00f6nlichen Verwandlung aus der Asche wiedergeboren zu werden. Die matte schwarze Farbe symbolisiert Schutz, innere St\u00e4rke und unentfaltetes Potenzial.\"}},{\"@type\":\"Question\",\"name\":\"Wo wird empfohlen, den schwarzen Ph\u00f6nix im Haus zu platzieren?\",\"acceptedAnswer\":{\"@type\":\"Answer\",\"text\":\"Der ideale Ort ist die Mitte einer freien Wand, etwa \u00fcber einer Konsole im Eingangsbereich oder zentriert \u00fcber dem Kopfende des Bettes im Schlafzimmer. Es ist entscheidend, dem Objekt visuellen Atemraum zu lassen.\"}},{\"@type\":\"Question\",\"name\":\"Welche Art von Beleuchtung wird ben\u00f6tigt, um den schwarzen Ph\u00f6nix zur Geltung zu bringen?\",\"acceptedAnswer\":{\"@type\":\"Answer\",\"text\":\"Da er matt schwarz ist, ben\u00f6tigt er helle Kontraste wie seitliches Streiflicht oder einen Spot von oben. Diese Beleuchtung hebt das geschichtete Profil und die k\u00f6rnige Textur hervor.\"}},{\"@type\":\"Question\",\"name\":\"Aus welchem Material besteht der beschriebene schwarze Ph\u00f6nix?\",\"acceptedAnswer\":{\"@type\":\"Answer\",\"text\":\"Der Artikel gibt an, dass der Ph\u00f6nix eine k\u00f6rnige Textur hat und aus PLA-Biokunststoff gefertigt ist. Dieses Material erm\u00f6glicht den beschriebenen besonderen visuellen Effekt.\"}},{\"@type\":\"Question\",\"name\":\"In welcher H\u00f6he sollte der schwarze Ph\u00f6nix an der Wand angebracht werden?\",\"acceptedAnswer\":{\"@type\":\"Answer\",\"text\":\"Er sollte auf Augenh\u00f6he im Stehen positioniert werden, also etwa zwischen 160 und 170 cm \u00fcber dem Boden. Diese Platzierung gew\u00e4hrleistet eine maximale visuelle Pr\u00e4senz im Raum.\"}}]}","foradditive_qa_jsonld_es":"{\"@context\":\"https:\/\/schema.org\",\"@type\":\"FAQPage\",\"inLanguage\":\"es\",\"mainEntity\":[{\"@type\":\"Question\",\"name\":\"\u00bfCu\u00e1l es el significado simb\u00f3lico del f\u00e9nix negro?\",\"acceptedAnswer\":{\"@type\":\"Answer\",\"text\":\"El f\u00e9nix negro representa la capacidad de renacer de las cenizas tras una transformaci\u00f3n personal. El color negro mate simboliza protecci\u00f3n, fuerza interior y potencial no expresado.\"}},{\"@type\":\"Question\",\"name\":\"\u00bfD\u00f3nde se recomienda colocar el f\u00e9nix negro en casa?\",\"acceptedAnswer\":{\"@type\":\"Answer\",\"text\":\"El lugar ideal es el centro de una pared libre, como encima de una consola en la entrada o centrado sobre el cabecero de la cama en el dormitorio. Es fundamental dejar espacio visual alrededor del objeto.\"}},{\"@type\":\"Question\",\"name\":\"\u00bfQu\u00e9 tipo de iluminaci\u00f3n se necesita para realzar el f\u00e9nix negro?\",\"acceptedAnswer\":{\"@type\":\"Answer\",\"text\":\"Al ser de color negro mate, requiere contrastes luminosos como una luz rasante lateral o un foco desde arriba. Esta iluminaci\u00f3n resalta el perfil estratificado y la textura granulada.\"}},{\"@type\":\"Question\",\"name\":\"\u00bfDe qu\u00e9 material est\u00e1 hecho el f\u00e9nix negro descrito?\",\"acceptedAnswer\":{\"@type\":\"Answer\",\"text\":\"El art\u00edculo especifica que el f\u00e9nix tiene una textura granulada y est\u00e1 fabricado en biopl\u00e1stico PLA. Este material permite lograr el efecto visual particular descrito.\"}},{\"@type\":\"Question\",\"name\":\"\u00bfA qu\u00e9 altura debe instalarse el f\u00e9nix negro en la pared?\",\"acceptedAnswer\":{\"@type\":\"Answer\",\"text\":\"Debe colocarse a la altura de los ojos cuando se est\u00e1 de pie, aproximadamente entre 160 y 170 cm del suelo. Esta ubicaci\u00f3n garantiza la m\u00e1xima presencia visual en el espacio.\"}}]}","foradditive_slug_en":"black-phoenix-amulet-rebirth-wall","foradditive_slug_fr":"phoenix-noire-amulette-renaissance-mur","foradditive_slug_de":"schwarzer-phoenix-amulett-wiedergeburt-wand","foradditive_slug_es":"fenix-negra-amuleto-renacimiento-pared","foradditive_audio_summary_it":0,"foradditive_audio_summary_en":0,"foradditive_audio_summary_fr":0,"foradditive_audio_summary_de":0,"foradditive_audio_summary_es":0,"footnotes":""},"categories":[33],"tags":[],"foradditive_tecnologie":[],"foradditive_materiali":[],"foradditive_applicazioni":[],"foradditive_case_studies":[],"foradditive_settori_industriali":[],"class_list":["post-810","post","type-post","status-publish","format-standard","has-post-thumbnail","hentry","category-design"],"yoast_head":"<!-- This site is optimized with the Yoast SEO plugin v28.3 - https:\/\/yoast.com\/product\/yoast-seo-wordpress\/ -->\n<title>Schwarzer Ph\u00f6nix: ein Amulett der Wiedergeburt f\u00fcr die Wand - True Iconic Design<\/title>\n<meta name=\"description\" content=\"Entdecken Sie den Schwarzen Ph\u00f6nix: ein Amulett der Wiedergeburt aus PLA f\u00fcr die Wand. Anleitung zur idealen Platzierung zu Hause und im B\u00fcro, um den Raum zu verwandeln.\" \/>\n<meta name=\"robots\" content=\"index, follow, max-snippet:-1, max-image-preview:large, max-video-preview:-1\" \/>\n<link rel=\"canonical\" href=\"https:\/\/www.trueiconicdesign.com\/de\/schwarzer-phoenix-amulett-wiedergeburt-wand\/\" \/>\n<meta property=\"og:locale\" content=\"de_DE\" \/>\n<meta property=\"og:type\" content=\"article\" \/>\n<meta property=\"og:title\" content=\"Schwarzer Ph\u00f6nix: ein Amulett der Wiedergeburt f\u00fcr die Wand - True Iconic Design\" \/>\n<meta property=\"og:description\" content=\"Entdecken Sie den Schwarzen Ph\u00f6nix: ein Amulett der Wiedergeburt aus PLA f\u00fcr die Wand. Anleitung zur idealen Platzierung zu Hause und im B\u00fcro, um den Raum zu verwandeln.\" \/>\n<meta property=\"og:url\" content=\"https:\/\/www.trueiconicdesign.com\/de\/schwarzer-phoenix-amulett-wiedergeburt-wand\/\" \/>\n<meta property=\"og:site_name\" content=\"True Iconic Design\" \/>\n<meta property=\"article:published_time\" content=\"2026-08-31T09:29:29+00:00\" \/>\n<meta property=\"og:image\" content=\"https:\/\/www.trueiconicdesign.com\/wp-content\/uploads\/2026\/08\/featured-fenice-nera-un-amuleto-di-rinascita-per-la-parete-1024x1024.png\" \/>\n\t<meta property=\"og:image:width\" content=\"1024\" \/>\n\t<meta property=\"og:image:height\" content=\"1024\" \/>\n\t<meta property=\"og:image:type\" content=\"image\/png\" \/>\n<meta name=\"author\" content=\"sync\" \/>\n<meta name=\"twitter:card\" content=\"summary_large_image\" \/>\n<meta name=\"twitter:label1\" content=\"Written by\" \/>\n\t<meta name=\"twitter:data1\" content=\"sync\" \/>\n\t<meta name=\"twitter:label2\" content=\"Est. reading time\" \/>\n\t<meta name=\"twitter:data2\" content=\"5 minutes\" \/>\n<script type=\"application\/ld+json\" class=\"yoast-schema-graph\">{\"@context\":\"https:\\\/\\\/schema.org\",\"@graph\":[{\"@type\":\"Article\",\"@id\":\"https:\\\/\\\/www.trueiconicdesign.com\\\/it\\\/fenice-nera-amuleto-rinascita-parete\\\/#article\",\"isPartOf\":{\"@id\":\"https:\\\/\\\/www.trueiconicdesign.com\\\/it\\\/fenice-nera-amuleto-rinascita-parete\\\/\"},\"author\":{\"name\":\"sync\",\"@id\":\"https:\\\/\\\/wordpress.m.3dbooster.com\\\/it\\\/#\\\/schema\\\/person\\\/5a1c00cc9c7362ff5de0d9bea94fec08\"},\"headline\":\"Schwarzer Ph\u00f6nix: ein Amulett der Wiedergeburt f\u00fcr die Wand\",\"datePublished\":\"2026-08-31T09:29:29+00:00\",\"mainEntityOfPage\":{\"@id\":\"https:\\\/\\\/www.trueiconicdesign.com\\\/it\\\/fenice-nera-amuleto-rinascita-parete\\\/\"},\"wordCount\":1012,\"publisher\":{\"@id\":\"https:\\\/\\\/www.trueiconicdesign.com\\\/en\\\/#organization\"},\"image\":{\"@id\":\"https:\\\/\\\/www.trueiconicdesign.com\\\/it\\\/fenice-nera-amuleto-rinascita-parete\\\/#primaryimage\"},\"thumbnailUrl\":\"https:\\\/\\\/www.trueiconicdesign.com\\\/wp-content\\\/uploads\\\/2026\\\/08\\\/featured-fenice-nera-un-amuleto-di-rinascita-per-la-parete.png\",\"articleSection\":[\"Design\"],\"inLanguage\":\"de-DE\"},{\"@type\":\"WebPage\",\"@id\":\"https:\\\/\\\/www.trueiconicdesign.com\\\/it\\\/fenice-nera-amuleto-rinascita-parete\\\/\",\"url\":\"https:\\\/\\\/www.trueiconicdesign.com\\\/it\\\/fenice-nera-amuleto-rinascita-parete\\\/\",\"name\":\"Schwarzer Ph\u00f6nix: ein Amulett der Wiedergeburt f\u00fcr die Wand - True Iconic Design\",\"isPartOf\":{\"@id\":\"https:\\\/\\\/www.trueiconicdesign.com\\\/en\\\/#website\"},\"primaryImageOfPage\":{\"@id\":\"https:\\\/\\\/www.trueiconicdesign.com\\\/it\\\/fenice-nera-amuleto-rinascita-parete\\\/#primaryimage\"},\"image\":{\"@id\":\"https:\\\/\\\/www.trueiconicdesign.com\\\/it\\\/fenice-nera-amuleto-rinascita-parete\\\/#primaryimage\"},\"thumbnailUrl\":\"https:\\\/\\\/www.trueiconicdesign.com\\\/wp-content\\\/uploads\\\/2026\\\/08\\\/featured-fenice-nera-un-amuleto-di-rinascita-per-la-parete.png\",\"datePublished\":\"2026-08-31T09:29:29+00:00\",\"description\":\"Entdecken Sie den Schwarzen Ph\u00f6nix: ein Amulett der Wiedergeburt aus PLA f\u00fcr die Wand. Anleitung zur idealen Platzierung zu Hause und im B\u00fcro, um den Raum zu verwandeln.\",\"breadcrumb\":{\"@id\":\"https:\\\/\\\/www.trueiconicdesign.com\\\/it\\\/fenice-nera-amuleto-rinascita-parete\\\/#breadcrumb\"},\"inLanguage\":\"de-DE\",\"potentialAction\":[{\"@type\":\"ReadAction\",\"target\":[\"https:\\\/\\\/www.trueiconicdesign.com\\\/it\\\/fenice-nera-amuleto-rinascita-parete\\\/\"]}]},{\"@type\":\"ImageObject\",\"inLanguage\":\"de-DE\",\"@id\":\"https:\\\/\\\/www.trueiconicdesign.com\\\/it\\\/fenice-nera-amuleto-rinascita-parete\\\/#primaryimage\",\"url\":\"https:\\\/\\\/www.trueiconicdesign.com\\\/wp-content\\\/uploads\\\/2026\\\/08\\\/featured-fenice-nera-un-amuleto-di-rinascita-per-la-parete.png\",\"contentUrl\":\"https:\\\/\\\/www.trueiconicdesign.com\\\/wp-content\\\/uploads\\\/2026\\\/08\\\/featured-fenice-nera-un-amuleto-di-rinascita-per-la-parete.png\",\"width\":2192,\"height\":2192},{\"@type\":\"BreadcrumbList\",\"@id\":\"https:\\\/\\\/www.trueiconicdesign.com\\\/it\\\/fenice-nera-amuleto-rinascita-parete\\\/#breadcrumb\",\"itemListElement\":[{\"@type\":\"ListItem\",\"position\":1,\"name\":\"Startseite\",\"item\":\"https:\\\/\\\/www.trueiconicdesign.com\\\/en\\\/\"},{\"@type\":\"ListItem\",\"position\":2,\"name\":\"Schwarzer Ph\u00f6nix: ein Amulett der Wiedergeburt f\u00fcr die Wand\"}]},{\"@type\":\"WebSite\",\"@id\":\"https:\\\/\\\/www.trueiconicdesign.com\\\/en\\\/#website\",\"url\":\"https:\\\/\\\/www.trueiconicdesign.com\\\/en\\\/\",\"name\":\"True Iconic Design\",\"description\":\"emotionaler symbolischer Stil-Design\",\"publisher\":{\"@id\":\"https:\\\/\\\/www.trueiconicdesign.com\\\/en\\\/#organization\"},\"alternateName\":\"4Additive - Additive Fertigungsblog\",\"potentialAction\":[{\"@type\":\"SearchAction\",\"target\":{\"@type\":\"EntryPoint\",\"urlTemplate\":\"https:\\\/\\\/www.trueiconicdesign.com\\\/en\\\/?s={search_term_string}\"},\"query-input\":{\"@type\":\"PropertyValueSpecification\",\"valueRequired\":true,\"valueName\":\"search_term_string\"}}],\"inLanguage\":\"de-DE\"},{\"@type\":\"Organization\",\"@id\":\"https:\\\/\\\/www.trueiconicdesign.com\\\/en\\\/#organization\",\"name\":\"Emotionales Symbolisches Design\",\"alternateName\":\"4Additiv\",\"url\":\"https:\\\/\\\/www.trueiconicdesign.com\\\/en\\\/\",\"logo\":{\"@type\":\"ImageObject\",\"inLanguage\":\"de-DE\",\"@id\":\"https:\\\/\\\/wordpress.m.3dbooster.com\\\/it\\\/#\\\/schema\\\/logo\\\/image\\\/\",\"url\":\"https:\\\/\\\/www.trueiconicdesign.com\\\/wp-content\\\/uploads\\\/2026\\\/07\\\/trueiconicdesign-logo.svg\",\"contentUrl\":\"https:\\\/\\\/www.trueiconicdesign.com\\\/wp-content\\\/uploads\\\/2026\\\/07\\\/trueiconicdesign-logo.svg\",\"caption\":\"Emotionales Symbolisches Design\"},\"image\":{\"@id\":\"https:\\\/\\\/wordpress.m.3dbooster.com\\\/it\\\/#\\\/schema\\\/logo\\\/image\\\/\"},\"sameAs\":[\"https:\\\/\\\/trueiconicdesign.etsy.com\\\/\"]},{\"@type\":\"Person\",\"@id\":\"https:\\\/\\\/wordpress.m.3dbooster.com\\\/it\\\/#\\\/schema\\\/person\\\/5a1c00cc9c7362ff5de0d9bea94fec08\",\"name\":\"sync\"}]}<\/script>\n<!-- \/ Yoast SEO plugin. -->","yoast_head_json":{"title":"Schwarzer Ph\u00f6nix: ein Amulett der Wiedergeburt f\u00fcr die Wand - True Iconic Design","description":"Entdecken Sie den Schwarzen Ph\u00f6nix: ein Amulett der Wiedergeburt aus PLA f\u00fcr die Wand. Anleitung zur idealen Platzierung zu Hause und im B\u00fcro, um den Raum zu verwandeln.","robots":{"index":"index","follow":"follow","max-snippet":"max-snippet:-1","max-image-preview":"max-image-preview:large","max-video-preview":"max-video-preview:-1"},"canonical":"https:\/\/www.trueiconicdesign.com\/de\/schwarzer-phoenix-amulett-wiedergeburt-wand\/","og_locale":"de_DE","og_type":"article","og_title":"Schwarzer Ph\u00f6nix: ein Amulett der Wiedergeburt f\u00fcr die Wand - True Iconic Design","og_description":"Entdecken Sie den Schwarzen Ph\u00f6nix: ein Amulett der Wiedergeburt aus PLA f\u00fcr die Wand. Anleitung zur idealen Platzierung zu Hause und im B\u00fcro, um den Raum zu verwandeln.","og_url":"https:\/\/www.trueiconicdesign.com\/de\/schwarzer-phoenix-amulett-wiedergeburt-wand\/","og_site_name":"True Iconic Design","article_published_time":"2026-08-31T09:29:29+00:00","og_image":[{"width":1024,"height":1024,"url":"https:\/\/www.trueiconicdesign.com\/wp-content\/uploads\/2026\/08\/featured-fenice-nera-un-amuleto-di-rinascita-per-la-parete-1024x1024.png","type":"image\/png"}],"author":"sync","twitter_card":"summary_large_image","twitter_misc":{"Written by":"sync","Est. reading time":"5 minutes"},"schema":{"@context":"https:\/\/schema.org","@graph":[{"@type":"Article","@id":"https:\/\/www.trueiconicdesign.com\/it\/fenice-nera-amuleto-rinascita-parete\/#article","isPartOf":{"@id":"https:\/\/www.trueiconicdesign.com\/it\/fenice-nera-amuleto-rinascita-parete\/"},"author":{"name":"sync","@id":"https:\/\/wordpress.m.3dbooster.com\/it\/#\/schema\/person\/5a1c00cc9c7362ff5de0d9bea94fec08"},"headline":"Schwarzer Ph\u00f6nix: ein Amulett der Wiedergeburt f\u00fcr die Wand","datePublished":"2026-08-31T09:29:29+00:00","mainEntityOfPage":{"@id":"https:\/\/www.trueiconicdesign.com\/it\/fenice-nera-amuleto-rinascita-parete\/"},"wordCount":1012,"publisher":{"@id":"https:\/\/www.trueiconicdesign.com\/en\/#organization"},"image":{"@id":"https:\/\/www.trueiconicdesign.com\/it\/fenice-nera-amuleto-rinascita-parete\/#primaryimage"},"thumbnailUrl":"https:\/\/www.trueiconicdesign.com\/wp-content\/uploads\/2026\/08\/featured-fenice-nera-un-amuleto-di-rinascita-per-la-parete.png","articleSection":["Design"],"inLanguage":"de-DE"},{"@type":"WebPage","@id":"https:\/\/www.trueiconicdesign.com\/it\/fenice-nera-amuleto-rinascita-parete\/","url":"https:\/\/www.trueiconicdesign.com\/it\/fenice-nera-amuleto-rinascita-parete\/","name":"Schwarzer Ph\u00f6nix: ein Amulett der Wiedergeburt f\u00fcr die Wand - True Iconic Design","isPartOf":{"@id":"https:\/\/www.trueiconicdesign.com\/en\/#website"},"primaryImageOfPage":{"@id":"https:\/\/www.trueiconicdesign.com\/it\/fenice-nera-amuleto-rinascita-parete\/#primaryimage"},"image":{"@id":"https:\/\/www.trueiconicdesign.com\/it\/fenice-nera-amuleto-rinascita-parete\/#primaryimage"},"thumbnailUrl":"https:\/\/www.trueiconicdesign.com\/wp-content\/uploads\/2026\/08\/featured-fenice-nera-un-amuleto-di-rinascita-per-la-parete.png","datePublished":"2026-08-31T09:29:29+00:00","description":"Entdecken Sie den Schwarzen Ph\u00f6nix: ein Amulett der Wiedergeburt aus PLA f\u00fcr die Wand. Anleitung zur idealen Platzierung zu Hause und im B\u00fcro, um den Raum zu verwandeln.","breadcrumb":{"@id":"https:\/\/www.trueiconicdesign.com\/it\/fenice-nera-amuleto-rinascita-parete\/#breadcrumb"},"inLanguage":"de-DE","potentialAction":[{"@type":"ReadAction","target":["https:\/\/www.trueiconicdesign.com\/it\/fenice-nera-amuleto-rinascita-parete\/"]}]},{"@type":"ImageObject","inLanguage":"de-DE","@id":"https:\/\/www.trueiconicdesign.com\/it\/fenice-nera-amuleto-rinascita-parete\/#primaryimage","url":"https:\/\/www.trueiconicdesign.com\/wp-content\/uploads\/2026\/08\/featured-fenice-nera-un-amuleto-di-rinascita-per-la-parete.png","contentUrl":"https:\/\/www.trueiconicdesign.com\/wp-content\/uploads\/2026\/08\/featured-fenice-nera-un-amuleto-di-rinascita-per-la-parete.png","width":2192,"height":2192},{"@type":"BreadcrumbList","@id":"https:\/\/www.trueiconicdesign.com\/it\/fenice-nera-amuleto-rinascita-parete\/#breadcrumb","itemListElement":[{"@type":"ListItem","position":1,"name":"Startseite","item":"https:\/\/www.trueiconicdesign.com\/en\/"},{"@type":"ListItem","position":2,"name":"Schwarzer Ph\u00f6nix: ein Amulett der Wiedergeburt f\u00fcr die Wand"}]},{"@type":"WebSite","@id":"https:\/\/www.trueiconicdesign.com\/en\/#website","url":"https:\/\/www.trueiconicdesign.com\/en\/","name":"True Iconic Design","description":"emotionaler symbolischer Stil-Design","publisher":{"@id":"https:\/\/www.trueiconicdesign.com\/en\/#organization"},"alternateName":"4Additive - Additive Fertigungsblog","potentialAction":[{"@type":"SearchAction","target":{"@type":"EntryPoint","urlTemplate":"https:\/\/www.trueiconicdesign.com\/en\/?s={search_term_string}"},"query-input":{"@type":"PropertyValueSpecification","valueRequired":true,"valueName":"search_term_string"}}],"inLanguage":"de-DE"},{"@type":"Organization","@id":"https:\/\/www.trueiconicdesign.com\/en\/#organization","name":"Emotionales Symbolisches Design","alternateName":"4Additiv","url":"https:\/\/www.trueiconicdesign.com\/en\/","logo":{"@type":"ImageObject","inLanguage":"de-DE","@id":"https:\/\/wordpress.m.3dbooster.com\/it\/#\/schema\/logo\/image\/","url":"https:\/\/www.trueiconicdesign.com\/wp-content\/uploads\/2026\/07\/trueiconicdesign-logo.svg","contentUrl":"https:\/\/www.trueiconicdesign.com\/wp-content\/uploads\/2026\/07\/trueiconicdesign-logo.svg","caption":"Emotionales Symbolisches Design"},"image":{"@id":"https:\/\/wordpress.m.3dbooster.com\/it\/#\/schema\/logo\/image\/"},"sameAs":["https:\/\/trueiconicdesign.etsy.com\/"]},{"@type":"Person","@id":"https:\/\/wordpress.m.3dbooster.com\/it\/#\/schema\/person\/5a1c00cc9c7362ff5de0d9bea94fec08","name":"sync"}]}},"_links":{"self":[{"href":"https:\/\/www.trueiconicdesign.com\/de\/wp-json\/wp\/v2\/posts\/810","targetHints":{"allow":["GET"]}}],"collection":[{"href":"https:\/\/www.trueiconicdesign.com\/de\/wp-json\/wp\/v2\/posts"}],"about":[{"href":"https:\/\/www.trueiconicdesign.com\/de\/wp-json\/wp\/v2\/types\/post"}],"author":[{"embeddable":true,"href":"https:\/\/www.trueiconicdesign.com\/de\/wp-json\/wp\/v2\/users\/3"}],"replies":[{"embeddable":true,"href":"https:\/\/www.trueiconicdesign.com\/de\/wp-json\/wp\/v2\/comments?post=810"}],"version-history":[{"count":1,"href":"https:\/\/www.trueiconicdesign.com\/de\/wp-json\/wp\/v2\/posts\/810\/revisions"}],"predecessor-version":[{"id":812,"href":"https:\/\/www.trueiconicdesign.com\/de\/wp-json\/wp\/v2\/posts\/810\/revisions\/812"}],"wp:featuredmedia":[{"embeddable":true,"href":"https:\/\/www.trueiconicdesign.com\/de\/wp-json\/wp\/v2\/media\/811"}],"wp:attachment":[{"href":"https:\/\/www.trueiconicdesign.com\/de\/wp-json\/wp\/v2\/media?parent=810"}],"wp:term":[{"taxonomy":"category","embeddable":true,"href":"https:\/\/www.trueiconicdesign.com\/de\/wp-json\/wp\/v2\/categories?post=810"},{"taxonomy":"post_tag","embeddable":true,"href":"https:\/\/www.trueiconicdesign.com\/de\/wp-json\/wp\/v2\/tags?post=810"},{"taxonomy":"foradditive_tecnologie","embeddable":true,"href":"https:\/\/www.trueiconicdesign.com\/de\/wp-json\/wp\/v2\/foradditive_tecnologie?post=810"},{"taxonomy":"foradditive_materiali","embeddable":true,"href":"https:\/\/www.trueiconicdesign.com\/de\/wp-json\/wp\/v2\/foradditive_materiali?post=810"},{"taxonomy":"foradditive_applicazioni","embeddable":true,"href":"https:\/\/www.trueiconicdesign.com\/de\/wp-json\/wp\/v2\/foradditive_applicazioni?post=810"},{"taxonomy":"foradditive_case_studies","embeddable":true,"href":"https:\/\/www.trueiconicdesign.com\/de\/wp-json\/wp\/v2\/foradditive_case_studies?post=810"},{"taxonomy":"foradditive_settori_industriali","embeddable":true,"href":"https:\/\/www.trueiconicdesign.com\/de\/wp-json\/wp\/v2\/foradditive_settori_industriali?post=810"}],"curies":[{"name":"wp","href":"https:\/\/api.w.org\/{rel}","templated":true}]}}