{"id":803,"date":"2026-08-26T08:50:41","date_gmt":"2026-08-26T06:50:41","guid":{"rendered":"https:\/\/www.trueiconicdesign.com\/it\/?p=803"},"modified":"2026-08-26T08:50:41","modified_gmt":"2026-08-26T06:50:41","slug":"rame-scanalato-verticalita-scolpisce-luce","status":"publish","type":"post","link":"https:\/\/www.trueiconicdesign.com\/de\/rame-scanalato-verticalita-scolpisce-luce\/","title":{"rendered":"Gerilltes Kupfer: die Vertikalit\u00e4t, die Licht mei\u00dfelt"},"content":{"rendered":"<h2>Die Ewigkeit des Kupfers: Wenn Licht Stille mei\u00dfelt<\/h2>\n<p>Das Licht durchquert nicht einfach einen Raum: Es bewohnt ihn. Wenn es auf eine von der W\u00e4rme des Kupfers gerillte Oberfl\u00e4che trifft, zersplittert es in Reflexionen, die die Umgebung mit einer stillen Pr\u00e4senz erw\u00e4rmen. In diesem Dialog zwischen Materie und Leuchtkraft entsteht der Wert eines vertikalen Objekts, das in der Lage ist, den am meisten vergessenen Winkel des Hauses sichtbar zu machen.<\/p>\n<p>Kupfer ist nicht nur eine Farbe: Es ist ein Versprechen h\u00e4uslicher W\u00e4rme, ein Echo von Traditionen, die sich mit der formalen Reinheit des zeitgen\u00f6ssischen Designs verbinden. Die vertikalen Rillen sind nicht einfache Dekorationen, sondern Miniaturarchitekturen, die das Licht in einem kontinuierlichen Rhythmus einfangen und freisetzen und eine Atmosph\u00e4re schaffen, die sich im Laufe der Stunden ver\u00e4ndert.<\/p>\n<h3>Die vertikale Sprache der Materie<\/h3>\n<p><em>Die gerillten Oberfl\u00e4chen schaffen einen Dialog zwischen Licht und Schatten, der die Statik in Bewegung verwandelt und minimalistischen R\u00e4umen visuelle Tiefe verleiht.<\/em><\/p>\n<p>Vertikalit\u00e4t ist eine m\u00e4chtige architektonische Sprache. Sie lenkt den Blick nach oben, unterbricht die dominierende Horizontalit\u00e4t niedriger M\u00f6bel, schafft Atem in komprimierten R\u00e4umen. Wenn sich diese Vertikalit\u00e4t mit einer gerillten Textur bekleidet, wird das Spiel komplexer: Jede Rippe wird zu einer kleinen Theaterkulisse, in der das Licht l\u00e4ngliche Schatten zeichnet.<\/p>\n<p>Das metallische Kupfer verst\u00e4rkt diesen Effekt. Sein warmer Ton \u2013 schwebend zwischen Ziegelrot und antikem Bronze \u2013 f\u00e4ngt auch die sch\u00fcchternste Lichtquelle ein und gibt sie vervielfacht, diffus, durch die matte Oberfl\u00e4che mit metallischen Reflexen auf den Rillenk\u00e4mmen weich gemacht, zur\u00fcck.<\/p>\n<div class=\"article-box article-box--highlight\">\n<strong>Warum vertikale Rillen funktionieren<\/strong><\/p>\n<ul>\n<li>Sie erzeugen visuellen Rhythmus, der den Blick nach oben f\u00fchrt.<\/li>\n<li>Sie fangen das seitliche Licht ein und verwandeln es in dynamische Schattenspiele<\/li>\n<li>Sie verleihen auch aus der Ferne taktile Tiefe<\/li>\n<li>Sie durchbrechen die Monotonie glatter Oberfl\u00e4chen, die typisch f\u00fcr den Minimalismus sind<\/li>\n<\/ul>\n<\/div>\n<h3>Trockenblumen: Sch\u00f6nheit, die in der Zeit schwebt<\/h3>\n<p><em>Getrocknete Blumen sind keine Nostalgie nach der Vergangenheit, sondern eine Feier der Sch\u00f6nheit, die sich dem Kreislauf des Verfalls entzieht und zum Symbol h\u00e4uslicher Ewigkeit wird.<\/em><\/p>\n<p>Es liegt etwas zutiefst Beruhigendes in der Pr\u00e4senz trockener Vegetation. Die Pampasgr\u00e4ser mit ihren luftigen Federn scheinen das Licht einzufangen, wie es die Rillen des Metalls tun: Sie halten es fest, streuen es, machen es zum Teil der Komposition. Sie verlangen keine t\u00e4gliche Pflege, verwelken nicht, t\u00e4uschen nicht. Sie bleiben treue Zeugen einer \u00e4sthetischen Wahl, die Best\u00e4ndigkeit \u00fcber Verg\u00e4nglichkeit stellt.<\/p>\n<p>Der <a href=\"https:\/\/www.trueiconicdesign.com\/de\/product\/vaso-effetto-rame-metallico-scanalato-svasato-18cm-per-fiori-secchi-e-pampas\/\">Gerillte Vase mit Kupfereffekt, 18 cm<\/a> wird zum perfekten vertikalen Anker f\u00fcr diese \u00e4therischen Kompositionen. Seine H\u00f6he von 18 cm und der geringe Durchmesser von 6,5 cm bieten die ideale strukturelle Unterst\u00fctzung, um einem oder wenigen Stielen Schwung zu verleihen und die skulpturale Wirkung zu maximieren, ohne das Auge zu belasten.<\/p>\n<p>Das PLA-Material mit Kupfereffekt-Oberfl\u00e4che schafft eine Br\u00fccke zwischen zeitgen\u00f6ssischer Pr\u00e4zision und materieller W\u00e4rme. Die vertikal gerillte Oberfl\u00e4che korrespondiert mit der nat\u00fcrlichen Textur der Pampasgr\u00e4ser und schafft eine Harmonie der Linien, die sich gegenseitig jagen, ohne sich zu \u00fcberlagern.<\/p>\n<h3>Platzierung und chromatische Dialoge<\/h3>\n<p><em>Die strategische Platzierung verwandelt eine einfache Vase in einen Katalysator f\u00fcr Atmosph\u00e4re, der die thermische und lichtbezogene Wahrnehmung eines gesamten Raumes ver\u00e4ndern kann.<\/em><\/p>\n<p>Die Konsole im Eingangsbereich ist die erste B\u00fchne dieser Begegnung zwischen Licht und Materie. Positioniert vor einem Fenster oder unter einer indirekten Lichtquelle, die <a href=\"https:\/\/www.trueiconicdesign.com\/de\/product\/vaso-effetto-rame-metallico-scanalato-svasato-18cm-per-fiori-secchi-e-pampas\/\">hohe zylindrische Vase im zeitgen\u00f6ssischen Stil<\/a> f\u00e4ngt die Strahlen ein und verwandelt sie in eine symbolische Begr\u00fc\u00dfung f\u00fcr alle, die eintreten. Ein einzelner Pampasgras-Halm wird zu einer stillen, aber beredten Geste des Willkommens.<\/p>\n<p>Auf dem Nachttisch im Schlafzimmer \u00fcbernimmt dasselbe Objekt eine andere Rolle: leuchtender Blickfang in einer Schattenecke, beruhigende Pr\u00e4senz, die das Erwachen mit ihren warmen Reflexen begleitet. Der Kupferton harmoniert nat\u00fcrlich mit groben Leinenstoffen, hellem Naturholz wie Birke oder Buche, wei\u00dfer glasierter Keramik, die durch den Kontrast die<\/p>","protected":false},"excerpt":{"rendered":"<p>Die vertikalen Rillen einer metallischen Kupferoberfl\u00e4che fangen das Licht ein und verwandeln es in dynamische Schattenspiele, verleihen minimalistischen R\u00e4umen taktile Tiefe und lenken den Blick mit einem warmen und stillen visuellen Rhythmus nach oben.<\/p>","protected":false},"author":3,"featured_media":804,"comment_status":"closed","ping_status":"","sticky":false,"template":"","format":"standard","meta":{"foradditive_qa_html":"<section class=\"foradditive-faq\"><div class=\"foradditive-faq-item\"><h3>Qual \u00e8 l&#x27;effetto delle scanalature verticali sul rame?<\/h3><p>Le scanalature verticali creano un dialogo tra luce e ombra che trasforma la staticit\u00e0 in movimento, offrendo profondit\u00e0 visiva. Ogni costola agisce come una quinta teatrale dove la luce disegna ombre allungate e dinamiche.<\/p><\/div><div class=\"foradditive-faq-item\"><h3>Perch\u00e9 il rame \u00e8 ideale per illuminare gli ambienti?<\/h3><p>Il rame metallico amplifica l&#x27;effetto luminoso grazie alla sua tonalit\u00e0 calda, sospesa tra rosso mattone e bronzo antico. Cattura anche le fonti luminose pi\u00f9 timide e le restituisce moltiplicate e diffuse.<\/p><\/div><div class=\"foradditive-faq-item\"><h3>Quali vantaggi offrono le superfici scanalate nel minimalismo?<\/h3><p>Le superfici scanalate rompono la monotonia delle superfici lisce tipiche del minimalismo aggiungendo profondit\u00e0 tattile. Creano inoltre un ritmo visivo che guida lo sguardo verso l&#x27;alto, slanciando la percezione dello spazio.<\/p><\/div><div class=\"foradditive-faq-item\"><h3>Perch\u00e9 i fiori secchi sono adatti a questi vasi?<\/h3><p>I fiori essiccati celebrano una bellezza che si sottrae al deperimento, diventando simbolo di eternit\u00e0 domestica senza richiedere cure quotidiane. Le loro forme aeree, come le pampas, trattengono e diffondono la luce similmente alle scanalature del metallo.<\/p><\/div><div class=\"foradditive-faq-item\"><h3>Quali sono le dimensioni del vaso in rame citato?<\/h3><p>Il vaso scanalato effetto rame descritto ha un&#x27;altezza di 18 cm e un diametro contenuto di 6,5 cm. Queste misure offrono il supporto strutturale ideale per dare slancio a composizioni di fiori secchi.<\/p><\/div><\/section>","foradditive_qa_html_en":"<section class=\"foradditive-faq\"><div class=\"foradditive-faq-item\"><h3>What is the effect of vertical grooves on copper?<\/h3><p>The vertical grooves create a dialogue between light and shadow that transforms stillness into movement, offering visual depth. Each rib acts as a theatrical backdrop where light draws elongated, dynamic shadows.<\/p><\/div><div class=\"foradditive-faq-item\"><h3>Why is copper ideal for illuminating spaces?<\/h3><p>Metallic copper amplifies the luminous effect thanks to its warm hue, suspended between brick red and antique bronze. It captures even the shyest light sources and returns them multiplied and diffused.<\/p><\/div><div class=\"foradditive-faq-item\"><h3>What advantages do grooved surfaces offer in minimalism?<\/h3><p>Grooved surfaces break the monotony of smooth finishes typical of minimalism by adding tactile depth. They also create a visual rhythm that guides the eye upward, enhancing the perception of space.<\/p><\/div><div class=\"foradditive-faq-item\"><h3>Why are dried flowers suitable for these vases?<\/h3><p>Dried flowers celebrate a beauty that escapes decay, becoming a symbol of domestic eternity without requiring daily care. Their airy forms, like pampas grass, trap and diffuse light similarly to the metal&#x27;s grooves.<\/p><\/div><div class=\"foradditive-faq-item\"><h3>What are the dimensions of the mentioned copper vase?<\/h3><p>The described grooved copper-effect vase has a height of 18 cm and a compact diameter of 6.5 cm. These dimensions provide the ideal structural support to give lift to dried flower arrangements.<\/p><\/div><\/section>","foradditive_qa_html_fr":"<section class=\"foradditive-faq\"><div class=\"foradditive-faq-item\"><h3>Quel est l&#x27;effet des rainures verticales sur le cuivre ?<\/h3><p>Les rainures verticales cr\u00e9ent un dialogue entre lumi\u00e8re et ombre qui transforme la staticit\u00e9 en mouvement, offrant une profondeur visuelle. Chaque nervure agit comme un d\u00e9cor de th\u00e9\u00e2tre o\u00f9 la lumi\u00e8re dessine des ombres allong\u00e9es et dynamiques.<\/p><\/div><div class=\"foradditive-faq-item\"><h3>Pourquoi le cuivre est-il id\u00e9al pour \u00e9clairer les espaces ?<\/h3><p>Le cuivre m\u00e9tallique amplifie l&#x27;effet lumineux gr\u00e2ce \u00e0 sa teinte chaude, suspendue entre le rouge brique et le bronze ancien. Il capte m\u00eame les sources lumineuses les plus timides et les restitue multipli\u00e9es et diffus\u00e9es.<\/p><\/div><div class=\"foradditive-faq-item\"><h3>Quels avantages les surfaces rainur\u00e9es offrent-elles dans le minimalisme ?<\/h3><p>Les surfaces rainur\u00e9es brisent la monotonie des surfaces lisses typiques du minimalisme en ajoutant une profondeur tactile. Elles cr\u00e9ent \u00e9galement un rythme visuel qui guide le regard vers le haut, \u00e9lancant la perception de l&#x27;espace.<\/p><\/div><div class=\"foradditive-faq-item\"><h3>Pourquoi les fleurs s\u00e9ch\u00e9es conviennent-elles \u00e0 ces vases ?<\/h3><p>Les fleurs s\u00e9ch\u00e9es c\u00e9l\u00e8brent une beaut\u00e9 qui \u00e9chappe au d\u00e9p\u00e9rissement, devenant symbole d&#x27;\u00e9ternit\u00e9 domestique sans n\u00e9cessiter de soins quotidiens. Leurs formes a\u00e9riennes, comme les pampas, retiennent et diffusent la lumi\u00e8re similairement aux rainures du m\u00e9tal.<\/p><\/div><div class=\"foradditive-faq-item\"><h3>Quelles sont les dimensions du vase en cuivre cit\u00e9 ?<\/h3><p>Le vase rainur\u00e9 effet cuivre d\u00e9crit mesure 18 cm de hauteur et un diam\u00e8tre contenu de 6,5 cm. Ces dimensions offrent le support structurel id\u00e9al pour \u00e9lancer des compositions de fleurs s\u00e9ch\u00e9es.<\/p><\/div><\/section>","foradditive_qa_html_de":"<section class=\"foradditive-faq\"><div class=\"foradditive-faq-item\"><h3>Welche Wirkung haben die vertikalen Rillen auf das Kupfer?<\/h3><p>Die vertikalen Rillen schaffen einen Dialog zwischen Licht und Schatten, der die Statik in Bewegung verwandelt und visuelle Tiefe bietet. Jede Rippe wirkt wie eine Theaterkulisse, auf der das Licht lange, dynamische Schatten zeichnet.<\/p><\/div><div class=\"foradditive-faq-item\"><h3>Warum ist Kupfer ideal zur Beleuchtung von R\u00e4umen?<\/h3><p>Das metallische Kupfer verst\u00e4rkt den Lichteffekt dank seines warmen Tons, der zwischen Ziegelrot und antiker Bronze schwebt. Es f\u00e4ngt selbst die sch\u00fcchternsten Lichtquellen ein und gibt sie vervielfacht und diffus wieder.<\/p><\/div><div class=\"foradditive-faq-item\"><h3>Welche Vorteile bieten geriffelte Oberfl\u00e4chen im Minimalismus?<\/h3><p>Geriffelte Oberfl\u00e4chen durchbrechen die Monotonie glatter Fl\u00e4chen, die f\u00fcr den Minimalismus typisch sind, und f\u00fcgen haptische Tiefe hinzu. Zudem erzeugen sie einen visuellen Rhythmus, der den Blick nach oben f\u00fchrt und die Raumwahrnehmung streckt.<\/p><\/div><div class=\"foradditive-faq-item\"><h3>Warum eignen sich getrocknete Blumen f\u00fcr diese Vasen?<\/h3><p>Getrocknete Blumen zelebrieren eine Sch\u00f6nheit, die dem Verfall entflieht, und werden zum Symbol h\u00e4uslicher Ewigkeit ohne t\u00e4glichen Pflegeaufwand. Ihre luftigen Formen, wie bei Pampasgras, halten Licht \u00e4hnlich den Metallrillen fest und verteilen es.<\/p><\/div><div class=\"foradditive-faq-item\"><h3>Welche Abmessungen hat die genannte Kupfervase mit Rillen?<\/h3><p>Die beschriebene geriffelte Vase mit Kupfereffekt hat eine H\u00f6he von 18 cm und einen schlanken Durchmesser von 6,5 cm. Diese Ma\u00dfe bieten die ideale strukturelle Unterst\u00fctzung, um Arrangements aus getrockneten Blumen Schwung zu verleihen.<\/p><\/div><\/section>","foradditive_qa_html_es":"<section class=\"foradditive-faq\"><div class=\"foradditive-faq-item\"><h3>\u00bfCu\u00e1l es el efecto de las estr\u00edas verticales en el cobre?<\/h3><p>Las estr\u00edas verticales crean un di\u00e1logo entre luz y sombra que transforma la staticidad en movimiento, ofreciendo profundidad visual. Cada nervadura act\u00faa como un tel\u00f3n de teatro donde la luz dibuja sombras alargadas y din\u00e1micas.<\/p><\/div><div class=\"foradditive-faq-item\"><h3>\u00bfPor qu\u00e9 el cobre es ideal para iluminar los ambientes?<\/h3><p>El cobre met\u00e1lico amplifica el efecto luminoso gracias a su tonalidad c\u00e1lida, suspendida entre el rojo ladrillo y el bronce antiguo. Captura incluso las fuentes de luz m\u00e1s t\u00edmidas y las devuelve multiplicadas y difusas.<\/p><\/div><div class=\"foradditive-faq-item\"><h3>\u00bfQu\u00e9 ventajas ofrecen las superficies estriadas en el minimalismo?<\/h3><p>Las superficies estriadas rompen la monoton\u00eda de las superficies lisas t\u00edpicas del minimalismo a\u00f1adiendo profundidad t\u00e1ctil. Crean adem\u00e1s un ritmo visual que gu\u00eda la mirada hacia arriba, elevando la percepci\u00f3n del espacio.<\/p><\/div><div class=\"foradditive-faq-item\"><h3>\u00bfPor qu\u00e9 las flores secas son adecuadas para estos jarrones?<\/h3><p>Las flores secas celebran una belleza que se sustrae al deterioro, convirti\u00e9ndose en s\u00edmbolo de eternidad dom\u00e9stica sin requerir cuidados diarios. Sus formas a\u00e9reas, como las pampas, retienen y difunden la luz de manera similar a las estr\u00edas del metal.<\/p><\/div><div class=\"foradditive-faq-item\"><h3>\u00bfCu\u00e1les son las dimensiones del jarr\u00f3n de cobre mencionado?<\/h3><p>El jarr\u00f3n estriado con efecto cobre descrito tiene una altura de 18 cm y un di\u00e1metro contenido de 6,5 cm. Estas medidas ofrecen el soporte estructural ideal para dar impulso a composiciones de flores secas.<\/p><\/div><\/section>","foradditive_qa_jsonld":"{\"@context\":\"https:\/\/schema.org\",\"@type\":\"FAQPage\",\"inLanguage\":\"it\",\"mainEntity\":[{\"@type\":\"Question\",\"name\":\"Qual \u00e8 l'effetto delle scanalature verticali sul rame?\",\"acceptedAnswer\":{\"@type\":\"Answer\",\"text\":\"Le scanalature verticali creano un dialogo tra luce e ombra che trasforma la staticit\u00e0 in movimento, offrendo profondit\u00e0 visiva. Ogni costola agisce come una quinta teatrale dove la luce disegna ombre allungate e dinamiche.\"}},{\"@type\":\"Question\",\"name\":\"Perch\u00e9 il rame \u00e8 ideale per illuminare gli ambienti?\",\"acceptedAnswer\":{\"@type\":\"Answer\",\"text\":\"Il rame metallico amplifica l'effetto luminoso grazie alla sua tonalit\u00e0 calda, sospesa tra rosso mattone e bronzo antico. Cattura anche le fonti luminose pi\u00f9 timide e le restituisce moltiplicate e diffuse.\"}},{\"@type\":\"Question\",\"name\":\"Quali vantaggi offrono le superfici scanalate nel minimalismo?\",\"acceptedAnswer\":{\"@type\":\"Answer\",\"text\":\"Le superfici scanalate rompono la monotonia delle superfici lisce tipiche del minimalismo aggiungendo profondit\u00e0 tattile. Creano inoltre un ritmo visivo che guida lo sguardo verso l'alto, slanciando la percezione dello spazio.\"}},{\"@type\":\"Question\",\"name\":\"Perch\u00e9 i fiori secchi sono adatti a questi vasi?\",\"acceptedAnswer\":{\"@type\":\"Answer\",\"text\":\"I fiori essiccati celebrano una bellezza che si sottrae al deperimento, diventando simbolo di eternit\u00e0 domestica senza richiedere cure quotidiane. Le loro forme aeree, come le pampas, trattengono e diffondono la luce similmente alle scanalature del metallo.\"}},{\"@type\":\"Question\",\"name\":\"Quali sono le dimensioni del vaso in rame citato?\",\"acceptedAnswer\":{\"@type\":\"Answer\",\"text\":\"Il vaso scanalato effetto rame descritto ha un'altezza di 18 cm e un diametro contenuto di 6,5 cm. Queste misure offrono il supporto strutturale ideale per dare slancio a composizioni di fiori secchi.\"}}]}","foradditive_qa_jsonld_en":"{\"@context\":\"https:\/\/schema.org\",\"@type\":\"FAQPage\",\"inLanguage\":\"en\",\"mainEntity\":[{\"@type\":\"Question\",\"name\":\"What is the effect of vertical grooves on copper?\",\"acceptedAnswer\":{\"@type\":\"Answer\",\"text\":\"The vertical grooves create a dialogue between light and shadow that transforms stillness into movement, offering visual depth. Each rib acts as a theatrical backdrop where light draws elongated, dynamic shadows.\"}},{\"@type\":\"Question\",\"name\":\"Why is copper ideal for illuminating spaces?\",\"acceptedAnswer\":{\"@type\":\"Answer\",\"text\":\"Metallic copper amplifies the luminous effect thanks to its warm hue, suspended between brick red and antique bronze. It captures even the shyest light sources and returns them multiplied and diffused.\"}},{\"@type\":\"Question\",\"name\":\"What advantages do grooved surfaces offer in minimalism?\",\"acceptedAnswer\":{\"@type\":\"Answer\",\"text\":\"Grooved surfaces break the monotony of smooth finishes typical of minimalism by adding tactile depth. They also create a visual rhythm that guides the eye upward, enhancing the perception of space.\"}},{\"@type\":\"Question\",\"name\":\"Why are dried flowers suitable for these vases?\",\"acceptedAnswer\":{\"@type\":\"Answer\",\"text\":\"Dried flowers celebrate a beauty that escapes decay, becoming a symbol of domestic eternity without requiring daily care. Their airy forms, like pampas grass, trap and diffuse light similarly to the metal's grooves.\"}},{\"@type\":\"Question\",\"name\":\"What are the dimensions of the mentioned copper vase?\",\"acceptedAnswer\":{\"@type\":\"Answer\",\"text\":\"The described grooved copper-effect vase has a height of 18 cm and a compact diameter of 6.5 cm. These dimensions provide the ideal structural support to give lift to dried flower arrangements.\"}}]}","foradditive_qa_jsonld_fr":"{\"@context\":\"https:\/\/schema.org\",\"@type\":\"FAQPage\",\"inLanguage\":\"fr\",\"mainEntity\":[{\"@type\":\"Question\",\"name\":\"Quel est l'effet des rainures verticales sur le cuivre ?\",\"acceptedAnswer\":{\"@type\":\"Answer\",\"text\":\"Les rainures verticales cr\u00e9ent un dialogue entre lumi\u00e8re et ombre qui transforme la staticit\u00e9 en mouvement, offrant une profondeur visuelle. Chaque nervure agit comme un d\u00e9cor de th\u00e9\u00e2tre o\u00f9 la lumi\u00e8re dessine des ombres allong\u00e9es et dynamiques.\"}},{\"@type\":\"Question\",\"name\":\"Pourquoi le cuivre est-il id\u00e9al pour \u00e9clairer les espaces ?\",\"acceptedAnswer\":{\"@type\":\"Answer\",\"text\":\"Le cuivre m\u00e9tallique amplifie l'effet lumineux gr\u00e2ce \u00e0 sa teinte chaude, suspendue entre le rouge brique et le bronze ancien. Il capte m\u00eame les sources lumineuses les plus timides et les restitue multipli\u00e9es et diffus\u00e9es.\"}},{\"@type\":\"Question\",\"name\":\"Quels avantages les surfaces rainur\u00e9es offrent-elles dans le minimalisme ?\",\"acceptedAnswer\":{\"@type\":\"Answer\",\"text\":\"Les surfaces rainur\u00e9es brisent la monotonie des surfaces lisses typiques du minimalisme en ajoutant une profondeur tactile. Elles cr\u00e9ent \u00e9galement un rythme visuel qui guide le regard vers le haut, \u00e9lancant la perception de l'espace.\"}},{\"@type\":\"Question\",\"name\":\"Pourquoi les fleurs s\u00e9ch\u00e9es conviennent-elles \u00e0 ces vases ?\",\"acceptedAnswer\":{\"@type\":\"Answer\",\"text\":\"Les fleurs s\u00e9ch\u00e9es c\u00e9l\u00e8brent une beaut\u00e9 qui \u00e9chappe au d\u00e9p\u00e9rissement, devenant symbole d'\u00e9ternit\u00e9 domestique sans n\u00e9cessiter de soins quotidiens. Leurs formes a\u00e9riennes, comme les pampas, retiennent et diffusent la lumi\u00e8re similairement aux rainures du m\u00e9tal.\"}},{\"@type\":\"Question\",\"name\":\"Quelles sont les dimensions du vase en cuivre cit\u00e9 ?\",\"acceptedAnswer\":{\"@type\":\"Answer\",\"text\":\"Le vase rainur\u00e9 effet cuivre d\u00e9crit mesure 18 cm de hauteur et un diam\u00e8tre contenu de 6,5 cm. Ces dimensions offrent le support structurel id\u00e9al pour \u00e9lancer des compositions de fleurs s\u00e9ch\u00e9es.\"}}]}","foradditive_qa_jsonld_de":"{\"@context\":\"https:\/\/schema.org\",\"@type\":\"FAQPage\",\"inLanguage\":\"de\",\"mainEntity\":[{\"@type\":\"Question\",\"name\":\"Welche Wirkung haben die vertikalen Rillen auf das Kupfer?\",\"acceptedAnswer\":{\"@type\":\"Answer\",\"text\":\"Die vertikalen Rillen schaffen einen Dialog zwischen Licht und Schatten, der die Statik in Bewegung verwandelt und visuelle Tiefe bietet. Jede Rippe wirkt wie eine Theaterkulisse, auf der das Licht lange, dynamische Schatten zeichnet.\"}},{\"@type\":\"Question\",\"name\":\"Warum ist Kupfer ideal zur Beleuchtung von R\u00e4umen?\",\"acceptedAnswer\":{\"@type\":\"Answer\",\"text\":\"Das metallische Kupfer verst\u00e4rkt den Lichteffekt dank seines warmen Tons, der zwischen Ziegelrot und antiker Bronze schwebt. Es f\u00e4ngt selbst die sch\u00fcchternsten Lichtquellen ein und gibt sie vervielfacht und diffus wieder.\"}},{\"@type\":\"Question\",\"name\":\"Welche Vorteile bieten geriffelte Oberfl\u00e4chen im Minimalismus?\",\"acceptedAnswer\":{\"@type\":\"Answer\",\"text\":\"Geriffelte Oberfl\u00e4chen durchbrechen die Monotonie glatter Fl\u00e4chen, die f\u00fcr den Minimalismus typisch sind, und f\u00fcgen haptische Tiefe hinzu. Zudem erzeugen sie einen visuellen Rhythmus, der den Blick nach oben f\u00fchrt und die Raumwahrnehmung streckt.\"}},{\"@type\":\"Question\",\"name\":\"Warum eignen sich getrocknete Blumen f\u00fcr diese Vasen?\",\"acceptedAnswer\":{\"@type\":\"Answer\",\"text\":\"Getrocknete Blumen zelebrieren eine Sch\u00f6nheit, die dem Verfall entflieht, und werden zum Symbol h\u00e4uslicher Ewigkeit ohne t\u00e4glichen Pflegeaufwand. Ihre luftigen Formen, wie bei Pampasgras, halten Licht \u00e4hnlich den Metallrillen fest und verteilen es.\"}},{\"@type\":\"Question\",\"name\":\"Welche Abmessungen hat die genannte Kupfervase mit Rillen?\",\"acceptedAnswer\":{\"@type\":\"Answer\",\"text\":\"Die beschriebene geriffelte Vase mit Kupfereffekt hat eine H\u00f6he von 18 cm und einen schlanken Durchmesser von 6,5 cm. Diese Ma\u00dfe bieten die ideale strukturelle Unterst\u00fctzung, um Arrangements aus getrockneten Blumen Schwung zu verleihen.\"}}]}","foradditive_qa_jsonld_es":"{\"@context\":\"https:\/\/schema.org\",\"@type\":\"FAQPage\",\"inLanguage\":\"es\",\"mainEntity\":[{\"@type\":\"Question\",\"name\":\"\u00bfCu\u00e1l es el efecto de las estr\u00edas verticales en el cobre?\",\"acceptedAnswer\":{\"@type\":\"Answer\",\"text\":\"Las estr\u00edas verticales crean un di\u00e1logo entre luz y sombra que transforma la staticidad en movimiento, ofreciendo profundidad visual. Cada nervadura act\u00faa como un tel\u00f3n de teatro donde la luz dibuja sombras alargadas y din\u00e1micas.\"}},{\"@type\":\"Question\",\"name\":\"\u00bfPor qu\u00e9 el cobre es ideal para iluminar los ambientes?\",\"acceptedAnswer\":{\"@type\":\"Answer\",\"text\":\"El cobre met\u00e1lico amplifica el efecto luminoso gracias a su tonalidad c\u00e1lida, suspendida entre el rojo ladrillo y el bronce antiguo. Captura incluso las fuentes de luz m\u00e1s t\u00edmidas y las devuelve multiplicadas y difusas.\"}},{\"@type\":\"Question\",\"name\":\"\u00bfQu\u00e9 ventajas ofrecen las superficies estriadas en el minimalismo?\",\"acceptedAnswer\":{\"@type\":\"Answer\",\"text\":\"Las superficies estriadas rompen la monoton\u00eda de las superficies lisas t\u00edpicas del minimalismo a\u00f1adiendo profundidad t\u00e1ctil. Crean adem\u00e1s un ritmo visual que gu\u00eda la mirada hacia arriba, elevando la percepci\u00f3n del espacio.\"}},{\"@type\":\"Question\",\"name\":\"\u00bfPor qu\u00e9 las flores secas son adecuadas para estos jarrones?\",\"acceptedAnswer\":{\"@type\":\"Answer\",\"text\":\"Las flores secas celebran una belleza que se sustrae al deterioro, convirti\u00e9ndose en s\u00edmbolo de eternidad dom\u00e9stica sin requerir cuidados diarios. Sus formas a\u00e9reas, como las pampas, retienen y difunden la luz de manera similar a las estr\u00edas del metal.\"}},{\"@type\":\"Question\",\"name\":\"\u00bfCu\u00e1les son las dimensiones del jarr\u00f3n de cobre mencionado?\",\"acceptedAnswer\":{\"@type\":\"Answer\",\"text\":\"El jarr\u00f3n estriado con efecto cobre descrito tiene una altura de 18 cm y un di\u00e1metro contenido de 6,5 cm. Estas medidas ofrecen el soporte estructural ideal para dar impulso a composiciones de flores secas.\"}}]}","foradditive_slug_en":"fluted-copper-verticality-sculpts-light","foradditive_slug_fr":"rame-cannele-verticalite-sculpte-lumiere","foradditive_slug_de":"geripptes-kupfer-vertikalitaet-meisselt-licht","foradditive_slug_es":"rame-estriado-verticalidad-esculpe-luz","foradditive_audio_summary_it":0,"foradditive_audio_summary_en":0,"foradditive_audio_summary_fr":0,"foradditive_audio_summary_de":0,"foradditive_audio_summary_es":0,"footnotes":""},"categories":[33],"tags":[],"foradditive_tecnologie":[],"foradditive_materiali":[],"foradditive_applicazioni":[],"foradditive_case_studies":[],"foradditive_settori_industriali":[],"class_list":["post-803","post","type-post","status-publish","format-standard","has-post-thumbnail","hentry","category-design"],"yoast_head":"<!-- This site is optimized with the Yoast SEO plugin v28.3 - https:\/\/yoast.com\/product\/yoast-seo-wordpress\/ -->\n<title>Rame scanalato: la verticalit\u00e0 che scolpisce la luce - True Iconic Design<\/title>\n<meta name=\"description\" content=\"Entdecken Sie, wie das gerillte Kupfer das Licht formt und die R\u00e4ume aufwertet. Es vereint Vertikalit\u00e4t, W\u00e4rme und zeitgen\u00f6ssisches Design f\u00fcr eine einzigartige Atmosph\u00e4re.\" \/>\n<meta name=\"robots\" content=\"index, follow, max-snippet:-1, max-image-preview:large, max-video-preview:-1\" \/>\n<link rel=\"canonical\" href=\"https:\/\/www.trueiconicdesign.com\/de\/geripptes-kupfer-vertikalitaet-meisselt-licht\/\" \/>\n<meta property=\"og:locale\" content=\"de_DE\" \/>\n<meta property=\"og:type\" content=\"article\" \/>\n<meta property=\"og:title\" content=\"Rame scanalato: la verticalit\u00e0 che scolpisce la luce - True Iconic Design\" \/>\n<meta property=\"og:description\" content=\"Entdecken Sie, wie das gerillte Kupfer das Licht formt und die R\u00e4ume aufwertet. Es vereint Vertikalit\u00e4t, W\u00e4rme und zeitgen\u00f6ssisches Design f\u00fcr eine einzigartige Atmosph\u00e4re.\" \/>\n<meta property=\"og:url\" content=\"https:\/\/www.trueiconicdesign.com\/de\/geripptes-kupfer-vertikalitaet-meisselt-licht\/\" \/>\n<meta property=\"og:site_name\" content=\"True Iconic Design\" \/>\n<meta property=\"article:published_time\" content=\"2026-08-26T06:50:41+00:00\" \/>\n<meta property=\"og:image\" content=\"https:\/\/www.trueiconicdesign.com\/wp-content\/uploads\/2026\/08\/featured-rame-scanalato-la-verticalit-che-scolpisce-la-luce-1024x1024.png\" \/>\n\t<meta property=\"og:image:width\" content=\"1024\" \/>\n\t<meta property=\"og:image:height\" content=\"1024\" \/>\n\t<meta property=\"og:image:type\" content=\"image\/png\" \/>\n<meta name=\"author\" content=\"sync\" \/>\n<meta name=\"twitter:card\" content=\"summary_large_image\" \/>\n<meta name=\"twitter:label1\" content=\"Written by\" \/>\n\t<meta name=\"twitter:data1\" content=\"sync\" \/>\n\t<meta name=\"twitter:label2\" content=\"Est. reading time\" \/>\n\t<meta name=\"twitter:data2\" content=\"3 minutes\" \/>\n<script type=\"application\/ld+json\" class=\"yoast-schema-graph\">{\"@context\":\"https:\\\/\\\/schema.org\",\"@graph\":[{\"@type\":\"Article\",\"@id\":\"https:\\\/\\\/www.trueiconicdesign.com\\\/it\\\/rame-scanalato-verticalita-scolpisce-luce\\\/#article\",\"isPartOf\":{\"@id\":\"https:\\\/\\\/www.trueiconicdesign.com\\\/it\\\/rame-scanalato-verticalita-scolpisce-luce\\\/\"},\"author\":{\"name\":\"sync\",\"@id\":\"https:\\\/\\\/wordpress.m.3dbooster.com\\\/it\\\/#\\\/schema\\\/person\\\/5a1c00cc9c7362ff5de0d9bea94fec08\"},\"headline\":\"Gerilltes Kupfer: die Vertikalit\u00e4t, die Licht mei\u00dfelt\",\"datePublished\":\"2026-08-26T06:50:41+00:00\",\"mainEntityOfPage\":{\"@id\":\"https:\\\/\\\/www.trueiconicdesign.com\\\/it\\\/rame-scanalato-verticalita-scolpisce-luce\\\/\"},\"wordCount\":613,\"publisher\":{\"@id\":\"https:\\\/\\\/www.trueiconicdesign.com\\\/en\\\/#organization\"},\"image\":{\"@id\":\"https:\\\/\\\/www.trueiconicdesign.com\\\/it\\\/rame-scanalato-verticalita-scolpisce-luce\\\/#primaryimage\"},\"thumbnailUrl\":\"https:\\\/\\\/www.trueiconicdesign.com\\\/wp-content\\\/uploads\\\/2026\\\/08\\\/featured-rame-scanalato-la-verticalit-che-scolpisce-la-luce.png\",\"articleSection\":[\"Design\"],\"inLanguage\":\"de-DE\"},{\"@type\":\"WebPage\",\"@id\":\"https:\\\/\\\/www.trueiconicdesign.com\\\/it\\\/rame-scanalato-verticalita-scolpisce-luce\\\/\",\"url\":\"https:\\\/\\\/www.trueiconicdesign.com\\\/it\\\/rame-scanalato-verticalita-scolpisce-luce\\\/\",\"name\":\"Rame scanalato: la verticalit\u00e0 che scolpisce la luce - True Iconic Design\",\"isPartOf\":{\"@id\":\"https:\\\/\\\/www.trueiconicdesign.com\\\/en\\\/#website\"},\"primaryImageOfPage\":{\"@id\":\"https:\\\/\\\/www.trueiconicdesign.com\\\/it\\\/rame-scanalato-verticalita-scolpisce-luce\\\/#primaryimage\"},\"image\":{\"@id\":\"https:\\\/\\\/www.trueiconicdesign.com\\\/it\\\/rame-scanalato-verticalita-scolpisce-luce\\\/#primaryimage\"},\"thumbnailUrl\":\"https:\\\/\\\/www.trueiconicdesign.com\\\/wp-content\\\/uploads\\\/2026\\\/08\\\/featured-rame-scanalato-la-verticalit-che-scolpisce-la-luce.png\",\"datePublished\":\"2026-08-26T06:50:41+00:00\",\"description\":\"Entdecken Sie, wie das gerillte Kupfer das Licht formt und die R\u00e4ume aufwertet. Es vereint Vertikalit\u00e4t, W\u00e4rme und zeitgen\u00f6ssisches Design f\u00fcr eine einzigartige Atmosph\u00e4re.\",\"breadcrumb\":{\"@id\":\"https:\\\/\\\/www.trueiconicdesign.com\\\/it\\\/rame-scanalato-verticalita-scolpisce-luce\\\/#breadcrumb\"},\"inLanguage\":\"de-DE\",\"potentialAction\":[{\"@type\":\"ReadAction\",\"target\":[\"https:\\\/\\\/www.trueiconicdesign.com\\\/it\\\/rame-scanalato-verticalita-scolpisce-luce\\\/\"]}]},{\"@type\":\"ImageObject\",\"inLanguage\":\"de-DE\",\"@id\":\"https:\\\/\\\/www.trueiconicdesign.com\\\/it\\\/rame-scanalato-verticalita-scolpisce-luce\\\/#primaryimage\",\"url\":\"https:\\\/\\\/www.trueiconicdesign.com\\\/wp-content\\\/uploads\\\/2026\\\/08\\\/featured-rame-scanalato-la-verticalit-che-scolpisce-la-luce.png\",\"contentUrl\":\"https:\\\/\\\/www.trueiconicdesign.com\\\/wp-content\\\/uploads\\\/2026\\\/08\\\/featured-rame-scanalato-la-verticalit-che-scolpisce-la-luce.png\",\"width\":2496,\"height\":2496},{\"@type\":\"BreadcrumbList\",\"@id\":\"https:\\\/\\\/www.trueiconicdesign.com\\\/it\\\/rame-scanalato-verticalita-scolpisce-luce\\\/#breadcrumb\",\"itemListElement\":[{\"@type\":\"ListItem\",\"position\":1,\"name\":\"Startseite\",\"item\":\"https:\\\/\\\/www.trueiconicdesign.com\\\/en\\\/\"},{\"@type\":\"ListItem\",\"position\":2,\"name\":\"Gerilltes Kupfer: die Vertikalit\u00e4t, die Licht mei\u00dfelt\"}]},{\"@type\":\"WebSite\",\"@id\":\"https:\\\/\\\/www.trueiconicdesign.com\\\/en\\\/#website\",\"url\":\"https:\\\/\\\/www.trueiconicdesign.com\\\/en\\\/\",\"name\":\"True Iconic Design\",\"description\":\"emotionaler symbolischer Stil-Design\",\"publisher\":{\"@id\":\"https:\\\/\\\/www.trueiconicdesign.com\\\/en\\\/#organization\"},\"alternateName\":\"4Additive - Additive Fertigungsblog\",\"potentialAction\":[{\"@type\":\"SearchAction\",\"target\":{\"@type\":\"EntryPoint\",\"urlTemplate\":\"https:\\\/\\\/www.trueiconicdesign.com\\\/en\\\/?s={search_term_string}\"},\"query-input\":{\"@type\":\"PropertyValueSpecification\",\"valueRequired\":true,\"valueName\":\"search_term_string\"}}],\"inLanguage\":\"de-DE\"},{\"@type\":\"Organization\",\"@id\":\"https:\\\/\\\/www.trueiconicdesign.com\\\/en\\\/#organization\",\"name\":\"Emotionales Symbolisches Design\",\"alternateName\":\"4Additiv\",\"url\":\"https:\\\/\\\/www.trueiconicdesign.com\\\/en\\\/\",\"logo\":{\"@type\":\"ImageObject\",\"inLanguage\":\"de-DE\",\"@id\":\"https:\\\/\\\/wordpress.m.3dbooster.com\\\/it\\\/#\\\/schema\\\/logo\\\/image\\\/\",\"url\":\"https:\\\/\\\/www.trueiconicdesign.com\\\/wp-content\\\/uploads\\\/2026\\\/07\\\/trueiconicdesign-logo.svg\",\"contentUrl\":\"https:\\\/\\\/www.trueiconicdesign.com\\\/wp-content\\\/uploads\\\/2026\\\/07\\\/trueiconicdesign-logo.svg\",\"caption\":\"Emotionales Symbolisches Design\"},\"image\":{\"@id\":\"https:\\\/\\\/wordpress.m.3dbooster.com\\\/it\\\/#\\\/schema\\\/logo\\\/image\\\/\"},\"sameAs\":[\"https:\\\/\\\/trueiconicdesign.etsy.com\\\/\"]},{\"@type\":\"Person\",\"@id\":\"https:\\\/\\\/wordpress.m.3dbooster.com\\\/it\\\/#\\\/schema\\\/person\\\/5a1c00cc9c7362ff5de0d9bea94fec08\",\"name\":\"sync\"}]}<\/script>\n<!-- \/ Yoast SEO plugin. -->","yoast_head_json":{"title":"Rame scanalato: la verticalit\u00e0 che scolpisce la luce - True Iconic Design","description":"Entdecken Sie, wie das gerillte Kupfer das Licht formt und die R\u00e4ume aufwertet. Es vereint Vertikalit\u00e4t, W\u00e4rme und zeitgen\u00f6ssisches Design f\u00fcr eine einzigartige Atmosph\u00e4re.","robots":{"index":"index","follow":"follow","max-snippet":"max-snippet:-1","max-image-preview":"max-image-preview:large","max-video-preview":"max-video-preview:-1"},"canonical":"https:\/\/www.trueiconicdesign.com\/de\/geripptes-kupfer-vertikalitaet-meisselt-licht\/","og_locale":"de_DE","og_type":"article","og_title":"Rame scanalato: la verticalit\u00e0 che scolpisce la luce - True Iconic Design","og_description":"Entdecken Sie, wie das gerillte Kupfer das Licht formt und die R\u00e4ume aufwertet. Es vereint Vertikalit\u00e4t, W\u00e4rme und zeitgen\u00f6ssisches Design f\u00fcr eine einzigartige Atmosph\u00e4re.","og_url":"https:\/\/www.trueiconicdesign.com\/de\/geripptes-kupfer-vertikalitaet-meisselt-licht\/","og_site_name":"True Iconic Design","article_published_time":"2026-08-26T06:50:41+00:00","og_image":[{"width":1024,"height":1024,"url":"https:\/\/www.trueiconicdesign.com\/wp-content\/uploads\/2026\/08\/featured-rame-scanalato-la-verticalit-che-scolpisce-la-luce-1024x1024.png","type":"image\/png"}],"author":"sync","twitter_card":"summary_large_image","twitter_misc":{"Written by":"sync","Est. reading time":"3 minutes"},"schema":{"@context":"https:\/\/schema.org","@graph":[{"@type":"Article","@id":"https:\/\/www.trueiconicdesign.com\/it\/rame-scanalato-verticalita-scolpisce-luce\/#article","isPartOf":{"@id":"https:\/\/www.trueiconicdesign.com\/it\/rame-scanalato-verticalita-scolpisce-luce\/"},"author":{"name":"sync","@id":"https:\/\/wordpress.m.3dbooster.com\/it\/#\/schema\/person\/5a1c00cc9c7362ff5de0d9bea94fec08"},"headline":"Gerilltes Kupfer: die Vertikalit\u00e4t, die Licht mei\u00dfelt","datePublished":"2026-08-26T06:50:41+00:00","mainEntityOfPage":{"@id":"https:\/\/www.trueiconicdesign.com\/it\/rame-scanalato-verticalita-scolpisce-luce\/"},"wordCount":613,"publisher":{"@id":"https:\/\/www.trueiconicdesign.com\/en\/#organization"},"image":{"@id":"https:\/\/www.trueiconicdesign.com\/it\/rame-scanalato-verticalita-scolpisce-luce\/#primaryimage"},"thumbnailUrl":"https:\/\/www.trueiconicdesign.com\/wp-content\/uploads\/2026\/08\/featured-rame-scanalato-la-verticalit-che-scolpisce-la-luce.png","articleSection":["Design"],"inLanguage":"de-DE"},{"@type":"WebPage","@id":"https:\/\/www.trueiconicdesign.com\/it\/rame-scanalato-verticalita-scolpisce-luce\/","url":"https:\/\/www.trueiconicdesign.com\/it\/rame-scanalato-verticalita-scolpisce-luce\/","name":"Rame scanalato: la verticalit\u00e0 che scolpisce la luce - True Iconic Design","isPartOf":{"@id":"https:\/\/www.trueiconicdesign.com\/en\/#website"},"primaryImageOfPage":{"@id":"https:\/\/www.trueiconicdesign.com\/it\/rame-scanalato-verticalita-scolpisce-luce\/#primaryimage"},"image":{"@id":"https:\/\/www.trueiconicdesign.com\/it\/rame-scanalato-verticalita-scolpisce-luce\/#primaryimage"},"thumbnailUrl":"https:\/\/www.trueiconicdesign.com\/wp-content\/uploads\/2026\/08\/featured-rame-scanalato-la-verticalit-che-scolpisce-la-luce.png","datePublished":"2026-08-26T06:50:41+00:00","description":"Entdecken Sie, wie das gerillte Kupfer das Licht formt und die R\u00e4ume aufwertet. Es vereint Vertikalit\u00e4t, W\u00e4rme und zeitgen\u00f6ssisches Design f\u00fcr eine einzigartige Atmosph\u00e4re.","breadcrumb":{"@id":"https:\/\/www.trueiconicdesign.com\/it\/rame-scanalato-verticalita-scolpisce-luce\/#breadcrumb"},"inLanguage":"de-DE","potentialAction":[{"@type":"ReadAction","target":["https:\/\/www.trueiconicdesign.com\/it\/rame-scanalato-verticalita-scolpisce-luce\/"]}]},{"@type":"ImageObject","inLanguage":"de-DE","@id":"https:\/\/www.trueiconicdesign.com\/it\/rame-scanalato-verticalita-scolpisce-luce\/#primaryimage","url":"https:\/\/www.trueiconicdesign.com\/wp-content\/uploads\/2026\/08\/featured-rame-scanalato-la-verticalit-che-scolpisce-la-luce.png","contentUrl":"https:\/\/www.trueiconicdesign.com\/wp-content\/uploads\/2026\/08\/featured-rame-scanalato-la-verticalit-che-scolpisce-la-luce.png","width":2496,"height":2496},{"@type":"BreadcrumbList","@id":"https:\/\/www.trueiconicdesign.com\/it\/rame-scanalato-verticalita-scolpisce-luce\/#breadcrumb","itemListElement":[{"@type":"ListItem","position":1,"name":"Startseite","item":"https:\/\/www.trueiconicdesign.com\/en\/"},{"@type":"ListItem","position":2,"name":"Gerilltes Kupfer: die Vertikalit\u00e4t, die Licht mei\u00dfelt"}]},{"@type":"WebSite","@id":"https:\/\/www.trueiconicdesign.com\/en\/#website","url":"https:\/\/www.trueiconicdesign.com\/en\/","name":"True Iconic Design","description":"emotionaler symbolischer Stil-Design","publisher":{"@id":"https:\/\/www.trueiconicdesign.com\/en\/#organization"},"alternateName":"4Additive - Additive Fertigungsblog","potentialAction":[{"@type":"SearchAction","target":{"@type":"EntryPoint","urlTemplate":"https:\/\/www.trueiconicdesign.com\/en\/?s={search_term_string}"},"query-input":{"@type":"PropertyValueSpecification","valueRequired":true,"valueName":"search_term_string"}}],"inLanguage":"de-DE"},{"@type":"Organization","@id":"https:\/\/www.trueiconicdesign.com\/en\/#organization","name":"Emotionales Symbolisches Design","alternateName":"4Additiv","url":"https:\/\/www.trueiconicdesign.com\/en\/","logo":{"@type":"ImageObject","inLanguage":"de-DE","@id":"https:\/\/wordpress.m.3dbooster.com\/it\/#\/schema\/logo\/image\/","url":"https:\/\/www.trueiconicdesign.com\/wp-content\/uploads\/2026\/07\/trueiconicdesign-logo.svg","contentUrl":"https:\/\/www.trueiconicdesign.com\/wp-content\/uploads\/2026\/07\/trueiconicdesign-logo.svg","caption":"Emotionales Symbolisches Design"},"image":{"@id":"https:\/\/wordpress.m.3dbooster.com\/it\/#\/schema\/logo\/image\/"},"sameAs":["https:\/\/trueiconicdesign.etsy.com\/"]},{"@type":"Person","@id":"https:\/\/wordpress.m.3dbooster.com\/it\/#\/schema\/person\/5a1c00cc9c7362ff5de0d9bea94fec08","name":"sync"}]}},"_links":{"self":[{"href":"https:\/\/www.trueiconicdesign.com\/de\/wp-json\/wp\/v2\/posts\/803","targetHints":{"allow":["GET"]}}],"collection":[{"href":"https:\/\/www.trueiconicdesign.com\/de\/wp-json\/wp\/v2\/posts"}],"about":[{"href":"https:\/\/www.trueiconicdesign.com\/de\/wp-json\/wp\/v2\/types\/post"}],"author":[{"embeddable":true,"href":"https:\/\/www.trueiconicdesign.com\/de\/wp-json\/wp\/v2\/users\/3"}],"replies":[{"embeddable":true,"href":"https:\/\/www.trueiconicdesign.com\/de\/wp-json\/wp\/v2\/comments?post=803"}],"version-history":[{"count":1,"href":"https:\/\/www.trueiconicdesign.com\/de\/wp-json\/wp\/v2\/posts\/803\/revisions"}],"predecessor-version":[{"id":805,"href":"https:\/\/www.trueiconicdesign.com\/de\/wp-json\/wp\/v2\/posts\/803\/revisions\/805"}],"wp:featuredmedia":[{"embeddable":true,"href":"https:\/\/www.trueiconicdesign.com\/de\/wp-json\/wp\/v2\/media\/804"}],"wp:attachment":[{"href":"https:\/\/www.trueiconicdesign.com\/de\/wp-json\/wp\/v2\/media?parent=803"}],"wp:term":[{"taxonomy":"category","embeddable":true,"href":"https:\/\/www.trueiconicdesign.com\/de\/wp-json\/wp\/v2\/categories?post=803"},{"taxonomy":"post_tag","embeddable":true,"href":"https:\/\/www.trueiconicdesign.com\/de\/wp-json\/wp\/v2\/tags?post=803"},{"taxonomy":"foradditive_tecnologie","embeddable":true,"href":"https:\/\/www.trueiconicdesign.com\/de\/wp-json\/wp\/v2\/foradditive_tecnologie?post=803"},{"taxonomy":"foradditive_materiali","embeddable":true,"href":"https:\/\/www.trueiconicdesign.com\/de\/wp-json\/wp\/v2\/foradditive_materiali?post=803"},{"taxonomy":"foradditive_applicazioni","embeddable":true,"href":"https:\/\/www.trueiconicdesign.com\/de\/wp-json\/wp\/v2\/foradditive_applicazioni?post=803"},{"taxonomy":"foradditive_case_studies","embeddable":true,"href":"https:\/\/www.trueiconicdesign.com\/de\/wp-json\/wp\/v2\/foradditive_case_studies?post=803"},{"taxonomy":"foradditive_settori_industriali","embeddable":true,"href":"https:\/\/www.trueiconicdesign.com\/de\/wp-json\/wp\/v2\/foradditive_settori_industriali?post=803"}],"curies":[{"name":"wp","href":"https:\/\/api.w.org\/{rel}","templated":true}]}}