{"id":784,"date":"2026-08-17T12:15:58","date_gmt":"2026-08-17T10:15:58","guid":{"rendered":"https:\/\/www.trueiconicdesign.com\/it\/?p=784"},"modified":"2026-08-17T12:22:13","modified_gmt":"2026-08-17T10:22:13","slug":"nuvoletta-3d-pla-arredo-fumetto-personalizzato","status":"publish","type":"post","link":"https:\/\/www.trueiconicdesign.com\/de\/nuvoletta-3d-pla-arredo-fumetto-personalizzato\/","title":{"rendered":"Nuvoletta 3D in PLA: il fumetto diventa arredo personalizzato"},"content":{"rendered":"<h2>Das Wort, das aus dem Blatt tritt: Wenn der Comic zum dreidimensionalen Wohnaccessoire wird<\/h2>\n<p>Es kommt ein Moment, in dem Worte aufh\u00f6ren, nur Tinte auf Papier zu sein, und zu einer physischen Pr\u00e4senz im Raum werden. Ein Satz, der einen seit Jahren begleitet, ein Gedanke, den man greifbar machen m\u00f6chte, findet endlich Form an der Wand. Die Sprechblase, ein wiedererkennbares grafisches Symbol, verwandelt sich in ein dreidimensionales Objekt. Sie durchbricht die vierte Wand nicht, um zu verbl\u00fcffen, sondern um dem Zuhause einen neuen Rhythmus zu geben und den Raum in eine Szene zu verwandeln, in der die Stimme von den Bewohnern gew\u00e4hlt wird.<\/p>\n<h3>Vom Blatt an die Wand: Die visuelle Grammatik des Comics<\/h3>\n<p><em>Der Comic hat immer durch Sprechblasen gesprochen. Sie aus der Seite herauszuholen bedeutet, der Sprache selbst einen physischen K\u00f6rper zu geben.<\/em><\/p>\n<p>Die Silhouette ist unmittelbar: die abgerundete Kontur, das dreieckige Schw\u00e4nzchen, das eine Richtung anzeigt, der schwarze Rand, der den wei\u00dfen Raum definiert. Es ist die universelle Grammatik des gezeichneten Dialogs, die seit Jahrzehnten den Figuren eine Stimme verleiht.<\/p>\n<p>Aber wenn diese zweidimensionale Form eine Dicke von 1 cm erh\u00e4lt und aus PLA-Biokunststoff gefertigt wird, \u00e4ndert sich die Wahrnehmung. Der Text ist nicht mehr auf eine Oberfl\u00e4che gedruckt: Er ist in das Material integriert. Die schwarzen Buchstaben heben sich vom wei\u00dfen Hintergrund mit einer taktilen Pr\u00e4senz ab, die auch im Profil sichtbar ist und einen leichten Schatten an der Wand erzeugt.<\/p>\n<p>Der Farbkontrast bleibt der klassischen \u00c4sthetik des Schwarz-Wei\u00df-Comics treu. Keine Schattierung, keine Abstufung: nur der klare Dialog zwischen zwei gegens\u00e4tzlichen Polen, die sich gegenseitig definieren.<\/p>\n<div class=\"article-box article-box--highlight\">\n<strong>Besondere Merkmale<\/strong><\/p>\n<ul>\n<li>Maximale Ma\u00dfe 23\u00d723 cm, anpassbar an den gew\u00e4hlten Text<\/li>\n<li>1 cm Dicke, die ein sp\u00fcrbares Relief erzeugt<\/li>\n<li>Herstellung in PLA mittels 3D-Druck auf Bestellung<\/li>\n<li>Vollst\u00e4ndige Personalisierung des Textes und M\u00f6glichkeit f\u00fcr zus\u00e4tzliche \u00c4nderungen<\/li>\n<\/ul>\n<\/div>\n<h3>Die richtigen Worte w\u00e4hlen: Personalisierung als kreativer Akt<\/h3>\n<p><em>Jeder Raum hat eine Stimme. Die personalisierte Wolke erm\u00f6glicht es dir, sie buchst\u00e4blich zu schreiben.<\/em><\/p>\n<p>Die Personalisierung ist kein nebens\u00e4chliches Detail: Sie ist das Herzst\u00fcck des Objekts. Den eigenen Text einzuf\u00fcgen bedeutet zu entscheiden, welche Botschaft den Alltag begleiten wird, welcher Satz Teil der visuellen Identit\u00e4t eines Raumes wird.<\/p>\n<p>Im Schlafzimmer kann eine Wolke \u00fcber dem Bett einen wiederkehrenden Gedanken oder eine ironische Bemerkung zum Aufwachen enthalten. Im Homeoffice wird ein Satz zu einer sichtbaren Erinnerung w\u00e4hrend der Arbeitszeit. Im kreativen Raum kann ein Zitat als mentaler Bezugspunkt dienen.<\/p>\n<p>Die Wahl des Textes erfordert Ausgewogenheit. Zu lange S\u00e4tze verlieren an visueller Wirkung und Lesbarkeit: Die Wolke funktioniert am besten mit kurzen Spr\u00fcchen, kurzen Aphorismen, Ausrufen, die auf den ersten Blick treffen. Es ist ein Objekt, das durch Synthese arbeitet, nicht durch Dissertation.<\/p>\n<h3>Die Stimme platzieren: Wo und wie man die Wolke positioniert<\/h3>\n<p><em>Die Positionierung bestimmt die Bedeutung. Eine Wolke in der N\u00e4he der Kaffeemaschine spricht nicht wie eine \u00fcber dem Schreibtisch.<\/em><\/p>\n<p>Die <a href=\"https:\/\/www.trueiconicdesign.com\/de\/product\/fumetto-nuvoletta-da-parete-personalizzato-con-testo-a-scelta\/\">personalisierbare Wandwolke<\/a> findet seinen idealen Platz in f\u00fcnf Hauptbereichen: Schlafzimmer, K\u00fcche und Esszimmer, Wohnzimmer, Kreativbereich und B\u00fcro. Jeder Kontext verleiht ihm eine andere erz\u00e4hlerische Rolle.<\/p>\n<p>In der K\u00fcche, in der N\u00e4he der Kaffeeecke platziert, kann sie den t\u00e4glichen Koffeinbedarf kommentieren. Im Wohnzimmer, neben einem Bild oder einer Pflanze, schafft sie einen visuellen Dialog mit den anderen Einrichtungselementen. Im Eingangsbereich fungiert sie als Willkommensbotschaft oder scherzhafte Warnung f\u00fcr die Eintretenden.<\/p>\n<p>Das Befestigungssystem sieht ein hinteres Loch zum Aufh\u00e4ngen an Nagel oder Schraube vor, oder die Verwendung von doppelseitigem Klebeband. Die Leichtigkeit des PLA macht<\/p>\n<div class=\"article-box article-box--related\">\n<strong>Lies auch<\/strong><\/p>\n<ul>\n<li><a href=\"https:\/\/www.trueiconicdesign.com\/de\/comic-cloud-wall-narrative-device\/\">Sprechende W\u00e4nde: Die Sprechblase als narratives Mittel<\/a><\/li>\n<\/ul>\n<\/div>","protected":false},"excerpt":{"rendered":"<p>La nuvoletta da fumetto in PLA stampata in 3D diventa un arredo tridimensionale: spessore 1 cm, testo personalizzabile, contrasto bianco e nero per dare voce alle pareti.<\/p>","protected":false},"author":3,"featured_media":785,"comment_status":"closed","ping_status":"","sticky":false,"template":"","format":"standard","meta":{"foradditive_qa_html":"<section class=\"foradditive-faq\"><div class=\"foradditive-faq-item\"><h3>Di quale materiale \u00e8 realizzata la nuvoletta da fumetto?<\/h3><p>La nuvoletta \u00e8 realizzata interamente in bioplastica PLA tramite stampa 3D su ordinazione. Questo materiale permette di ottenere uno spessore solido di 1 cm mantenendo la leggerezza dell&#x27;oggetto.<\/p><\/div><div class=\"foradditive-faq-item\"><h3>Quali sono le dimensioni massime disponibili per la nuvoletta?<\/h3><p>Le dimensioni massime della nuvoletta sono di 23\u00d723 cm, ma queste possono essere adattate in base alla lunghezza del testo scelto. La forma rimane riconoscibile grazie al contorno arrotondato e alla codetta triangolare.<\/p><\/div><div class=\"foradditive-faq-item\"><h3>\u00c8 possibile personalizzare il testo scritto nella nuvoletta?<\/h3><p>S\u00ec, la personalizzazione del testo \u00e8 completa e rappresenta il cuore creativo dell&#x27;oggetto. Puoi inserire frasi brevi, aforismi o battute secche che meglio esprimono l&#x27;identit\u00e0 della stanza.<\/p><\/div><div class=\"foradditive-faq-item\"><h3>Come appare visivamente il testo sulla nuvoletta 3D?<\/h3><p>Le lettere nere emergono dal fondo bianco con una presenza tattile e visibile anche di profilo, creando una leggera ombra sul muro. Il contrasto cromatico resta fedele all&#x27;estetica classica del fumetto in bianco e nero.<\/p><\/div><div class=\"foradditive-faq-item\"><h3>In quali ambienti si consiglia di posizionare la nuvoletta?<\/h3><p>La nuvoletta \u00e8 ideale in camera da letto per pensieri ricorrenti, nell&#x27;home office come promemoria visibile o negli spazi creativi come punto di riferimento mentale. Il posizionamento determina il significato e l&#x27;impatto della frase scelta.<\/p><\/div><\/section>","foradditive_qa_html_en":"<section class=\"foradditive-faq\"><div class=\"foradditive-faq-item\"><h3>What material is the comic cloud made of?<\/h3><p>The cloud is entirely made of PLA bioplastic via on-demand 3D printing. This material allows for a solid 1 cm thickness while keeping the object lightweight.<\/p><\/div><div class=\"foradditive-faq-item\"><h3>What are the maximum dimensions available for the cloud?<\/h3><p>The cloud&#x27;s maximum dimensions are 23\u00d723 cm, but these can be adapted based on the length of the chosen text. The shape remains recognizable thanks to its rounded outline and triangular tail.<\/p><\/div><div class=\"foradditive-faq-item\"><h3>Is it possible to customize the text written in the cloud?<\/h3><p>Yes, text customization is complete and represents the creative heart of the object. You can insert short phrases, aphorisms, or witty remarks that best express the room&#x27;s identity.<\/p><\/div><div class=\"foradditive-faq-item\"><h3>How does the text visually appear on the 3D cloud?<\/h3><p>The black letters emerge from the white background with a tactile and visible presence even in profile, casting a slight shadow on the wall. The color contrast remains faithful to the classic black-and-white comic aesthetic.<\/p><\/div><div class=\"foradditive-faq-item\"><h3>In which environments is it recommended to place the cloud?<\/h3><p>The cloud is ideal in bedrooms for recurring thoughts, in home offices as a visible reminder, or in creative spaces as a mental reference point. Placement determines the meaning and impact of the chosen phrase.<\/p><\/div><\/section>","foradditive_qa_html_fr":"<section class=\"foradditive-faq\"><div class=\"foradditive-faq-item\"><h3>De quel mat\u00e9riau est faite la bulle de bande dessin\u00e9e ?<\/h3><p>La bulle est enti\u00e8rement r\u00e9alis\u00e9e en bioplastique PLA par impression 3D sur commande. Ce mat\u00e9riau permet d&#x27;obtenir une \u00e9paisseur solide de 1 cm tout en conservant la l\u00e9g\u00e8ret\u00e9 de l&#x27;objet.<\/p><\/div><div class=\"foradditive-faq-item\"><h3>Quelles sont les dimensions maximales disponibles pour la bulle ?<\/h3><p>Les dimensions maximales de la bulle sont de 23\u00d723 cm, mais elles peuvent \u00eatre adapt\u00e9es selon la longueur du texte choisi. La forme reste reconnaissable gr\u00e2ce au contour arrondi et \u00e0 la petite queue triangulaire.<\/p><\/div><div class=\"foradditive-faq-item\"><h3>Est-il possible de personnaliser le texte inscrit dans la bulle ?<\/h3><p>Oui, la personnalisation du texte est totale et constitue le c\u0153ur cr\u00e9atif de l&#x27;objet. Vous pouvez ins\u00e9rer des phrases courtes, des aphorismes ou des r\u00e9pliques percutantes qui expriment au mieux l&#x27;identit\u00e9 de la pi\u00e8ce.<\/p><\/div><div class=\"foradditive-faq-item\"><h3>Comment le texte appara\u00eet-il visuellement sur la bulle 3D ?<\/h3><p>Les lettres noires se d\u00e9tachent du fond blanc avec une pr\u00e9sence tactile et visible m\u00eame de profil, cr\u00e9ant une l\u00e9g\u00e8re ombre sur le mur. Le contraste chromatique reste fid\u00e8le \u00e0 l&#x27;esth\u00e9tique classique de la bande dessin\u00e9e en noir et blanc.<\/p><\/div><div class=\"foradditive-faq-item\"><h3>Dans quels environnements est-il recommand\u00e9 de placer la bulle ?<\/h3><p>La bulle est id\u00e9ale dans une chambre \u00e0 coucher pour des pens\u00e9es r\u00e9currentes, dans un bureau \u00e0 domicile comme aide-m\u00e9moire visible, ou dans des espaces cr\u00e9atifs comme point de rep\u00e8re mental. Le positionnement d\u00e9termine le sens et l&#x27;impact de la phrase choisie.<\/p><\/div><\/section>","foradditive_qa_html_de":"<section class=\"foradditive-faq\"><div class=\"foradditive-faq-item\"><h3>Aus welchem Material besteht die Sprechblase?<\/h3><p>Die Sprechblase wird vollst\u00e4ndig aus PLA-Biokunststoff im 3D-Druck auf Bestellung gefertigt. Dieses Material erm\u00f6glicht eine solide St\u00e4rke von 1 cm bei gleichzeitiger Leichtigkeit des Objekts.<\/p><\/div><div class=\"foradditive-faq-item\"><h3>Welche maximalen Abmessungen sind f\u00fcr die Sprechblase verf\u00fcgbar?<\/h3><p>Die Maximalabmessungen der Sprechblase betragen 23\u00d723 cm, k\u00f6nnen jedoch an die L\u00e4nge des gew\u00e4hlten Textes angepasst werden. Die Form bleibt dank der abgerundeten Kontur und des dreieckigen Schw\u00e4nzchens erkennbar.<\/p><\/div><div class=\"foradditive-faq-item\"><h3>Kann der Text in der Sprechblase personalisiert werden?<\/h3><p>Ja, die Textpersonalisierung ist umfassend und stellt das kreative Herzst\u00fcck des Objekts dar. Sie k\u00f6nnen kurze S\u00e4tze, Aphorismen oder pointierte Witze einf\u00fcgen, die die Identit\u00e4t des Raums am besten ausdr\u00fccken.<\/p><\/div><div class=\"foradditive-faq-item\"><h3>Wie erscheint der Text auf der 3D-Sprechblase visuell?<\/h3><p>Die schwarzen Buchstaben heben sich taktil und sichtbar auch im Profil vom wei\u00dfen Hintergrund ab und werfen einen leichten Schatten an die Wand. Der Farbkontrast bleibt der klassischen \u00c4sthetik schwarz-wei\u00dfer Comics treu.<\/p><\/div><div class=\"foradditive-faq-item\"><h3>In welchen R\u00e4umen wird die Platzierung der Sprechblase empfohlen?<\/h3><p>Die Sprechblase eignet sich ideal f\u00fcr das Schlafzimmer bei wiederkehrenden Gedanken, im Homeoffice als sichtbare Erinnerung oder in kreativen Bereichen als mentaler Bezugspunkt. Die Positionierung bestimmt die Bedeutung und Wirkung des gew\u00e4hlten Satzes.<\/p><\/div><\/section>","foradditive_qa_html_es":"<section class=\"foradditive-faq\"><div class=\"foradditive-faq-item\"><h3>\u00bfDe qu\u00e9 material est\u00e1 hecha la nubecita de c\u00f3mic?<\/h3><p>La nubecita est\u00e1 fabricada \u00edntegramente en biopl\u00e1stico PLA mediante impresi\u00f3n 3D bajo pedido. Este material permite lograr un grosor s\u00f3lido de 1 cm manteniendo la ligereza del objeto.<\/p><\/div><div class=\"foradditive-faq-item\"><h3>\u00bfCu\u00e1les son las dimensiones m\u00e1ximas disponibles para la nubecita?<\/h3><p>Las dimensiones m\u00e1ximas de la nubecita son de 23\u00d723 cm, pero pueden adaptarse seg\u00fan la longitud del texto elegido. La forma permanece reconocible gracias al contorno redondeado y a la colita triangular.<\/p><\/div><div class=\"foradditive-faq-item\"><h3>\u00bfEs posible personalizar el texto escrito en la nubecita?<\/h3><p>S\u00ed, la personalizaci\u00f3n del texto es completa y representa el n\u00facleo creativo del objeto. Puedes incluir frases breves, aforismos o chistes ingeniosos que expresen mejor la identidad de la habitaci\u00f3n.<\/p><\/div><div class=\"foradditive-faq-item\"><h3>\u00bfC\u00f3mo aparece visualmente el texto sobre la nubecita 3D?<\/h3><p>Las letras negras sobresalen del fondo blanco con una presencia t\u00e1ctil y visible incluso de perfil, creando una ligera sombra en la pared. El contraste crom\u00e1tico se mantiene fiel a la est\u00e9tica cl\u00e1sica del c\u00f3mic en blanco y negro.<\/p><\/div><div class=\"foradditive-faq-item\"><h3>\u00bfEn qu\u00e9 espacios se recomienda colocar la nubecita?<\/h3><p>La nubecita es ideal en el dormitorio para pensamientos recurrentes, en el home office como recordatorio visible o en espacios creativos como punto de referencia mental. La ubicaci\u00f3n determina el significado y el impacto de la frase elegida.<\/p><\/div><\/section>","foradditive_qa_jsonld":"{\"@context\":\"https:\/\/schema.org\",\"@type\":\"FAQPage\",\"inLanguage\":\"it\",\"mainEntity\":[{\"@type\":\"Question\",\"name\":\"Di quale materiale \u00e8 realizzata la nuvoletta da fumetto?\",\"acceptedAnswer\":{\"@type\":\"Answer\",\"text\":\"La nuvoletta \u00e8 realizzata interamente in bioplastica PLA tramite stampa 3D su ordinazione. Questo materiale permette di ottenere uno spessore solido di 1 cm mantenendo la leggerezza dell'oggetto.\"}},{\"@type\":\"Question\",\"name\":\"Quali sono le dimensioni massime disponibili per la nuvoletta?\",\"acceptedAnswer\":{\"@type\":\"Answer\",\"text\":\"Le dimensioni massime della nuvoletta sono di 23\u00d723 cm, ma queste possono essere adattate in base alla lunghezza del testo scelto. La forma rimane riconoscibile grazie al contorno arrotondato e alla codetta triangolare.\"}},{\"@type\":\"Question\",\"name\":\"\u00c8 possibile personalizzare il testo scritto nella nuvoletta?\",\"acceptedAnswer\":{\"@type\":\"Answer\",\"text\":\"S\u00ec, la personalizzazione del testo \u00e8 completa e rappresenta il cuore creativo dell'oggetto. Puoi inserire frasi brevi, aforismi o battute secche che meglio esprimono l'identit\u00e0 della stanza.\"}},{\"@type\":\"Question\",\"name\":\"Come appare visivamente il testo sulla nuvoletta 3D?\",\"acceptedAnswer\":{\"@type\":\"Answer\",\"text\":\"Le lettere nere emergono dal fondo bianco con una presenza tattile e visibile anche di profilo, creando una leggera ombra sul muro. Il contrasto cromatico resta fedele all'estetica classica del fumetto in bianco e nero.\"}},{\"@type\":\"Question\",\"name\":\"In quali ambienti si consiglia di posizionare la nuvoletta?\",\"acceptedAnswer\":{\"@type\":\"Answer\",\"text\":\"La nuvoletta \u00e8 ideale in camera da letto per pensieri ricorrenti, nell'home office come promemoria visibile o negli spazi creativi come punto di riferimento mentale. Il posizionamento determina il significato e l'impatto della frase scelta.\"}}]}","foradditive_qa_jsonld_en":"{\"@context\":\"https:\/\/schema.org\",\"@type\":\"FAQPage\",\"inLanguage\":\"en\",\"mainEntity\":[{\"@type\":\"Question\",\"name\":\"What material is the comic cloud made of?\",\"acceptedAnswer\":{\"@type\":\"Answer\",\"text\":\"The cloud is entirely made of PLA bioplastic via on-demand 3D printing. This material allows for a solid 1 cm thickness while keeping the object lightweight.\"}},{\"@type\":\"Question\",\"name\":\"What are the maximum dimensions available for the cloud?\",\"acceptedAnswer\":{\"@type\":\"Answer\",\"text\":\"The cloud's maximum dimensions are 23\u00d723 cm, but these can be adapted based on the length of the chosen text. The shape remains recognizable thanks to its rounded outline and triangular tail.\"}},{\"@type\":\"Question\",\"name\":\"Is it possible to customize the text written in the cloud?\",\"acceptedAnswer\":{\"@type\":\"Answer\",\"text\":\"Yes, text customization is complete and represents the creative heart of the object. You can insert short phrases, aphorisms, or witty remarks that best express the room's identity.\"}},{\"@type\":\"Question\",\"name\":\"How does the text visually appear on the 3D cloud?\",\"acceptedAnswer\":{\"@type\":\"Answer\",\"text\":\"The black letters emerge from the white background with a tactile and visible presence even in profile, casting a slight shadow on the wall. The color contrast remains faithful to the classic black-and-white comic aesthetic.\"}},{\"@type\":\"Question\",\"name\":\"In which environments is it recommended to place the cloud?\",\"acceptedAnswer\":{\"@type\":\"Answer\",\"text\":\"The cloud is ideal in bedrooms for recurring thoughts, in home offices as a visible reminder, or in creative spaces as a mental reference point. Placement determines the meaning and impact of the chosen phrase.\"}}]}","foradditive_qa_jsonld_fr":"{\"@context\":\"https:\/\/schema.org\",\"@type\":\"FAQPage\",\"inLanguage\":\"fr\",\"mainEntity\":[{\"@type\":\"Question\",\"name\":\"De quel mat\u00e9riau est faite la bulle de bande dessin\u00e9e ?\",\"acceptedAnswer\":{\"@type\":\"Answer\",\"text\":\"La bulle est enti\u00e8rement r\u00e9alis\u00e9e en bioplastique PLA par impression 3D sur commande. Ce mat\u00e9riau permet d'obtenir une \u00e9paisseur solide de 1 cm tout en conservant la l\u00e9g\u00e8ret\u00e9 de l'objet.\"}},{\"@type\":\"Question\",\"name\":\"Quelles sont les dimensions maximales disponibles pour la bulle ?\",\"acceptedAnswer\":{\"@type\":\"Answer\",\"text\":\"Les dimensions maximales de la bulle sont de 23\u00d723 cm, mais elles peuvent \u00eatre adapt\u00e9es selon la longueur du texte choisi. La forme reste reconnaissable gr\u00e2ce au contour arrondi et \u00e0 la petite queue triangulaire.\"}},{\"@type\":\"Question\",\"name\":\"Est-il possible de personnaliser le texte inscrit dans la bulle ?\",\"acceptedAnswer\":{\"@type\":\"Answer\",\"text\":\"Oui, la personnalisation du texte est totale et constitue le c\u0153ur cr\u00e9atif de l'objet. Vous pouvez ins\u00e9rer des phrases courtes, des aphorismes ou des r\u00e9pliques percutantes qui expriment au mieux l'identit\u00e9 de la pi\u00e8ce.\"}},{\"@type\":\"Question\",\"name\":\"Comment le texte appara\u00eet-il visuellement sur la bulle 3D ?\",\"acceptedAnswer\":{\"@type\":\"Answer\",\"text\":\"Les lettres noires se d\u00e9tachent du fond blanc avec une pr\u00e9sence tactile et visible m\u00eame de profil, cr\u00e9ant une l\u00e9g\u00e8re ombre sur le mur. Le contraste chromatique reste fid\u00e8le \u00e0 l'esth\u00e9tique classique de la bande dessin\u00e9e en noir et blanc.\"}},{\"@type\":\"Question\",\"name\":\"Dans quels environnements est-il recommand\u00e9 de placer la bulle ?\",\"acceptedAnswer\":{\"@type\":\"Answer\",\"text\":\"La bulle est id\u00e9ale dans une chambre \u00e0 coucher pour des pens\u00e9es r\u00e9currentes, dans un bureau \u00e0 domicile comme aide-m\u00e9moire visible, ou dans des espaces cr\u00e9atifs comme point de rep\u00e8re mental. Le positionnement d\u00e9termine le sens et l'impact de la phrase choisie.\"}}]}","foradditive_qa_jsonld_de":"{\"@context\":\"https:\/\/schema.org\",\"@type\":\"FAQPage\",\"inLanguage\":\"de\",\"mainEntity\":[{\"@type\":\"Question\",\"name\":\"Aus welchem Material besteht die Sprechblase?\",\"acceptedAnswer\":{\"@type\":\"Answer\",\"text\":\"Die Sprechblase wird vollst\u00e4ndig aus PLA-Biokunststoff im 3D-Druck auf Bestellung gefertigt. Dieses Material erm\u00f6glicht eine solide St\u00e4rke von 1 cm bei gleichzeitiger Leichtigkeit des Objekts.\"}},{\"@type\":\"Question\",\"name\":\"Welche maximalen Abmessungen sind f\u00fcr die Sprechblase verf\u00fcgbar?\",\"acceptedAnswer\":{\"@type\":\"Answer\",\"text\":\"Die Maximalabmessungen der Sprechblase betragen 23\u00d723 cm, k\u00f6nnen jedoch an die L\u00e4nge des gew\u00e4hlten Textes angepasst werden. Die Form bleibt dank der abgerundeten Kontur und des dreieckigen Schw\u00e4nzchens erkennbar.\"}},{\"@type\":\"Question\",\"name\":\"Kann der Text in der Sprechblase personalisiert werden?\",\"acceptedAnswer\":{\"@type\":\"Answer\",\"text\":\"Ja, die Textpersonalisierung ist umfassend und stellt das kreative Herzst\u00fcck des Objekts dar. Sie k\u00f6nnen kurze S\u00e4tze, Aphorismen oder pointierte Witze einf\u00fcgen, die die Identit\u00e4t des Raums am besten ausdr\u00fccken.\"}},{\"@type\":\"Question\",\"name\":\"Wie erscheint der Text auf der 3D-Sprechblase visuell?\",\"acceptedAnswer\":{\"@type\":\"Answer\",\"text\":\"Die schwarzen Buchstaben heben sich taktil und sichtbar auch im Profil vom wei\u00dfen Hintergrund ab und werfen einen leichten Schatten an die Wand. Der Farbkontrast bleibt der klassischen \u00c4sthetik schwarz-wei\u00dfer Comics treu.\"}},{\"@type\":\"Question\",\"name\":\"In welchen R\u00e4umen wird die Platzierung der Sprechblase empfohlen?\",\"acceptedAnswer\":{\"@type\":\"Answer\",\"text\":\"Die Sprechblase eignet sich ideal f\u00fcr das Schlafzimmer bei wiederkehrenden Gedanken, im Homeoffice als sichtbare Erinnerung oder in kreativen Bereichen als mentaler Bezugspunkt. Die Positionierung bestimmt die Bedeutung und Wirkung des gew\u00e4hlten Satzes.\"}}]}","foradditive_qa_jsonld_es":"{\"@context\":\"https:\/\/schema.org\",\"@type\":\"FAQPage\",\"inLanguage\":\"es\",\"mainEntity\":[{\"@type\":\"Question\",\"name\":\"\u00bfDe qu\u00e9 material est\u00e1 hecha la nubecita de c\u00f3mic?\",\"acceptedAnswer\":{\"@type\":\"Answer\",\"text\":\"La nubecita est\u00e1 fabricada \u00edntegramente en biopl\u00e1stico PLA mediante impresi\u00f3n 3D bajo pedido. Este material permite lograr un grosor s\u00f3lido de 1 cm manteniendo la ligereza del objeto.\"}},{\"@type\":\"Question\",\"name\":\"\u00bfCu\u00e1les son las dimensiones m\u00e1ximas disponibles para la nubecita?\",\"acceptedAnswer\":{\"@type\":\"Answer\",\"text\":\"Las dimensiones m\u00e1ximas de la nubecita son de 23\u00d723 cm, pero pueden adaptarse seg\u00fan la longitud del texto elegido. La forma permanece reconocible gracias al contorno redondeado y a la colita triangular.\"}},{\"@type\":\"Question\",\"name\":\"\u00bfEs posible personalizar el texto escrito en la nubecita?\",\"acceptedAnswer\":{\"@type\":\"Answer\",\"text\":\"S\u00ed, la personalizaci\u00f3n del texto es completa y representa el n\u00facleo creativo del objeto. Puedes incluir frases breves, aforismos o chistes ingeniosos que expresen mejor la identidad de la habitaci\u00f3n.\"}},{\"@type\":\"Question\",\"name\":\"\u00bfC\u00f3mo aparece visualmente el texto sobre la nubecita 3D?\",\"acceptedAnswer\":{\"@type\":\"Answer\",\"text\":\"Las letras negras sobresalen del fondo blanco con una presencia t\u00e1ctil y visible incluso de perfil, creando una ligera sombra en la pared. El contraste crom\u00e1tico se mantiene fiel a la est\u00e9tica cl\u00e1sica del c\u00f3mic en blanco y negro.\"}},{\"@type\":\"Question\",\"name\":\"\u00bfEn qu\u00e9 espacios se recomienda colocar la nubecita?\",\"acceptedAnswer\":{\"@type\":\"Answer\",\"text\":\"La nubecita es ideal en el dormitorio para pensamientos recurrentes, en el home office como recordatorio visible o en espacios creativos como punto de referencia mental. La ubicaci\u00f3n determina el significado y el impacto de la frase elegida.\"}}]}","foradditive_slug_en":"3d-cloud-pla-cartoon-custom-furniture","foradditive_slug_fr":"nuage-3d-pla-deco-bd-personnalise","foradditive_slug_de":"3d-wolke-pla-moebel-comic-personalisiert","foradditive_slug_es":"nube-3d-pla-decoracion-comic-personalizada","foradditive_audio_summary_it":0,"foradditive_audio_summary_en":0,"foradditive_audio_summary_fr":0,"foradditive_audio_summary_de":0,"foradditive_audio_summary_es":0,"footnotes":""},"categories":[33],"tags":[],"foradditive_tecnologie":[],"foradditive_materiali":[],"foradditive_applicazioni":[],"foradditive_case_studies":[],"foradditive_settori_industriali":[],"class_list":["post-784","post","type-post","status-publish","format-standard","has-post-thumbnail","hentry","category-design"],"yoast_head":"<!-- This site is optimized with the Yoast SEO plugin v28.3 - https:\/\/yoast.com\/product\/yoast-seo-wordpress\/ -->\n<title>3D-Wolke aus PLA: Der Comic wird zum personalisierten M\u00f6belst\u00fcck - True Iconic Design<\/title>\n<meta name=\"description\" content=\"Verwandle den Comic in M\u00f6bel mit Nuvoletta 3D aus PLA. Personalisiere einzigartige S\u00e4tze, um deinen W\u00e4nden mit dreidimensionalem Stil eine Stimme zu verleihen.\" \/>\n<meta name=\"robots\" content=\"index, follow, max-snippet:-1, max-image-preview:large, max-video-preview:-1\" \/>\n<link rel=\"canonical\" href=\"https:\/\/www.trueiconicdesign.com\/de\/3d-wolke-pla-moebel-comic-personalisiert\/\" \/>\n<meta property=\"og:locale\" content=\"de_DE\" \/>\n<meta property=\"og:type\" content=\"article\" \/>\n<meta property=\"og:title\" content=\"3D-Wolke aus PLA: Der Comic wird zum personalisierten M\u00f6belst\u00fcck - True Iconic Design\" \/>\n<meta property=\"og:description\" content=\"Verwandle den Comic in M\u00f6bel mit Nuvoletta 3D aus PLA. Personalisiere einzigartige S\u00e4tze, um deinen W\u00e4nden mit dreidimensionalem Stil eine Stimme zu verleihen.\" \/>\n<meta property=\"og:url\" content=\"https:\/\/www.trueiconicdesign.com\/de\/3d-wolke-pla-moebel-comic-personalisiert\/\" \/>\n<meta property=\"og:site_name\" content=\"True Iconic Design\" \/>\n<meta property=\"article:published_time\" content=\"2026-08-17T10:15:58+00:00\" \/>\n<meta property=\"article:modified_time\" content=\"2026-08-17T10:22:13+00:00\" \/>\n<meta property=\"og:image\" content=\"https:\/\/www.trueiconicdesign.com\/wp-content\/uploads\/2026\/08\/featured-nuvoletta-3d-in-pla-il-fumetto-diventa-arredo-personalizzato-1024x1024.png\" \/>\n\t<meta property=\"og:image:width\" content=\"1024\" \/>\n\t<meta property=\"og:image:height\" content=\"1024\" \/>\n\t<meta property=\"og:image:type\" content=\"image\/png\" \/>\n<meta name=\"author\" content=\"sync\" \/>\n<meta name=\"twitter:card\" content=\"summary_large_image\" \/>\n<meta name=\"twitter:label1\" content=\"Written by\" \/>\n\t<meta name=\"twitter:data1\" content=\"sync\" \/>\n\t<meta name=\"twitter:label2\" content=\"Est. reading time\" \/>\n\t<meta name=\"twitter:data2\" content=\"3 minutes\" \/>\n<script type=\"application\/ld+json\" class=\"yoast-schema-graph\">{\"@context\":\"https:\\\/\\\/schema.org\",\"@graph\":[{\"@type\":\"Article\",\"@id\":\"https:\\\/\\\/www.trueiconicdesign.com\\\/it\\\/nuvoletta-3d-pla-arredo-fumetto-personalizzato\\\/#article\",\"isPartOf\":{\"@id\":\"https:\\\/\\\/www.trueiconicdesign.com\\\/it\\\/nuvoletta-3d-pla-arredo-fumetto-personalizzato\\\/\"},\"author\":{\"name\":\"sync\",\"@id\":\"https:\\\/\\\/wordpress.m.3dbooster.com\\\/it\\\/#\\\/schema\\\/person\\\/5a1c00cc9c7362ff5de0d9bea94fec08\"},\"headline\":\"Nuvoletta 3D in PLA: il fumetto diventa arredo personalizzato\",\"datePublished\":\"2026-08-17T10:15:58+00:00\",\"dateModified\":\"2026-08-17T10:22:13+00:00\",\"mainEntityOfPage\":{\"@id\":\"https:\\\/\\\/www.trueiconicdesign.com\\\/it\\\/nuvoletta-3d-pla-arredo-fumetto-personalizzato\\\/\"},\"wordCount\":558,\"publisher\":{\"@id\":\"https:\\\/\\\/www.trueiconicdesign.com\\\/en\\\/#organization\"},\"image\":{\"@id\":\"https:\\\/\\\/www.trueiconicdesign.com\\\/it\\\/nuvoletta-3d-pla-arredo-fumetto-personalizzato\\\/#primaryimage\"},\"thumbnailUrl\":\"https:\\\/\\\/www.trueiconicdesign.com\\\/wp-content\\\/uploads\\\/2026\\\/08\\\/featured-nuvoletta-3d-in-pla-il-fumetto-diventa-arredo-personalizzato.png\",\"articleSection\":[\"Design\"],\"inLanguage\":\"de-DE\"},{\"@type\":\"WebPage\",\"@id\":\"https:\\\/\\\/www.trueiconicdesign.com\\\/it\\\/nuvoletta-3d-pla-arredo-fumetto-personalizzato\\\/\",\"url\":\"https:\\\/\\\/www.trueiconicdesign.com\\\/it\\\/nuvoletta-3d-pla-arredo-fumetto-personalizzato\\\/\",\"name\":\"3D-Wolke aus PLA: Der Comic wird zum personalisierten M\u00f6belst\u00fcck - True Iconic Design\",\"isPartOf\":{\"@id\":\"https:\\\/\\\/www.trueiconicdesign.com\\\/en\\\/#website\"},\"primaryImageOfPage\":{\"@id\":\"https:\\\/\\\/www.trueiconicdesign.com\\\/it\\\/nuvoletta-3d-pla-arredo-fumetto-personalizzato\\\/#primaryimage\"},\"image\":{\"@id\":\"https:\\\/\\\/www.trueiconicdesign.com\\\/it\\\/nuvoletta-3d-pla-arredo-fumetto-personalizzato\\\/#primaryimage\"},\"thumbnailUrl\":\"https:\\\/\\\/www.trueiconicdesign.com\\\/wp-content\\\/uploads\\\/2026\\\/08\\\/featured-nuvoletta-3d-in-pla-il-fumetto-diventa-arredo-personalizzato.png\",\"datePublished\":\"2026-08-17T10:15:58+00:00\",\"dateModified\":\"2026-08-17T10:22:13+00:00\",\"description\":\"Verwandle den Comic in M\u00f6bel mit Nuvoletta 3D aus PLA. Personalisiere einzigartige S\u00e4tze, um deinen W\u00e4nden mit dreidimensionalem Stil eine Stimme zu verleihen.\",\"breadcrumb\":{\"@id\":\"https:\\\/\\\/www.trueiconicdesign.com\\\/it\\\/nuvoletta-3d-pla-arredo-fumetto-personalizzato\\\/#breadcrumb\"},\"inLanguage\":\"de-DE\",\"potentialAction\":[{\"@type\":\"ReadAction\",\"target\":[\"https:\\\/\\\/www.trueiconicdesign.com\\\/it\\\/nuvoletta-3d-pla-arredo-fumetto-personalizzato\\\/\"]}]},{\"@type\":\"ImageObject\",\"inLanguage\":\"de-DE\",\"@id\":\"https:\\\/\\\/www.trueiconicdesign.com\\\/it\\\/nuvoletta-3d-pla-arredo-fumetto-personalizzato\\\/#primaryimage\",\"url\":\"https:\\\/\\\/www.trueiconicdesign.com\\\/wp-content\\\/uploads\\\/2026\\\/08\\\/featured-nuvoletta-3d-in-pla-il-fumetto-diventa-arredo-personalizzato.png\",\"contentUrl\":\"https:\\\/\\\/www.trueiconicdesign.com\\\/wp-content\\\/uploads\\\/2026\\\/08\\\/featured-nuvoletta-3d-in-pla-il-fumetto-diventa-arredo-personalizzato.png\",\"width\":2560,\"height\":2560},{\"@type\":\"BreadcrumbList\",\"@id\":\"https:\\\/\\\/www.trueiconicdesign.com\\\/it\\\/nuvoletta-3d-pla-arredo-fumetto-personalizzato\\\/#breadcrumb\",\"itemListElement\":[{\"@type\":\"ListItem\",\"position\":1,\"name\":\"Startseite\",\"item\":\"https:\\\/\\\/www.trueiconicdesign.com\\\/en\\\/\"},{\"@type\":\"ListItem\",\"position\":2,\"name\":\"Nuvoletta 3D in PLA: il fumetto diventa arredo personalizzato\"}]},{\"@type\":\"WebSite\",\"@id\":\"https:\\\/\\\/www.trueiconicdesign.com\\\/en\\\/#website\",\"url\":\"https:\\\/\\\/www.trueiconicdesign.com\\\/en\\\/\",\"name\":\"True Iconic Design\",\"description\":\"emotionaler symbolischer Stil-Design\",\"publisher\":{\"@id\":\"https:\\\/\\\/www.trueiconicdesign.com\\\/en\\\/#organization\"},\"alternateName\":\"4Additive - Additive Fertigungsblog\",\"potentialAction\":[{\"@type\":\"SearchAction\",\"target\":{\"@type\":\"EntryPoint\",\"urlTemplate\":\"https:\\\/\\\/www.trueiconicdesign.com\\\/en\\\/?s={search_term_string}\"},\"query-input\":{\"@type\":\"PropertyValueSpecification\",\"valueRequired\":true,\"valueName\":\"search_term_string\"}}],\"inLanguage\":\"de-DE\"},{\"@type\":\"Organization\",\"@id\":\"https:\\\/\\\/www.trueiconicdesign.com\\\/en\\\/#organization\",\"name\":\"Emotionales Symbolisches Design\",\"alternateName\":\"4Additiv\",\"url\":\"https:\\\/\\\/www.trueiconicdesign.com\\\/en\\\/\",\"logo\":{\"@type\":\"ImageObject\",\"inLanguage\":\"de-DE\",\"@id\":\"https:\\\/\\\/wordpress.m.3dbooster.com\\\/it\\\/#\\\/schema\\\/logo\\\/image\\\/\",\"url\":\"https:\\\/\\\/www.trueiconicdesign.com\\\/wp-content\\\/uploads\\\/2026\\\/07\\\/trueiconicdesign-logo.svg\",\"contentUrl\":\"https:\\\/\\\/www.trueiconicdesign.com\\\/wp-content\\\/uploads\\\/2026\\\/07\\\/trueiconicdesign-logo.svg\",\"caption\":\"Emotionales Symbolisches Design\"},\"image\":{\"@id\":\"https:\\\/\\\/wordpress.m.3dbooster.com\\\/it\\\/#\\\/schema\\\/logo\\\/image\\\/\"},\"sameAs\":[\"https:\\\/\\\/trueiconicdesign.etsy.com\\\/\"]},{\"@type\":\"Person\",\"@id\":\"https:\\\/\\\/wordpress.m.3dbooster.com\\\/it\\\/#\\\/schema\\\/person\\\/5a1c00cc9c7362ff5de0d9bea94fec08\",\"name\":\"sync\"}]}<\/script>\n<!-- \/ Yoast SEO plugin. -->","yoast_head_json":{"title":"3D-Wolke aus PLA: Der Comic wird zum personalisierten M\u00f6belst\u00fcck - True Iconic Design","description":"Verwandle den Comic in M\u00f6bel mit Nuvoletta 3D aus PLA. Personalisiere einzigartige S\u00e4tze, um deinen W\u00e4nden mit dreidimensionalem Stil eine Stimme zu verleihen.","robots":{"index":"index","follow":"follow","max-snippet":"max-snippet:-1","max-image-preview":"max-image-preview:large","max-video-preview":"max-video-preview:-1"},"canonical":"https:\/\/www.trueiconicdesign.com\/de\/3d-wolke-pla-moebel-comic-personalisiert\/","og_locale":"de_DE","og_type":"article","og_title":"3D-Wolke aus PLA: Der Comic wird zum personalisierten M\u00f6belst\u00fcck - True Iconic Design","og_description":"Verwandle den Comic in M\u00f6bel mit Nuvoletta 3D aus PLA. Personalisiere einzigartige S\u00e4tze, um deinen W\u00e4nden mit dreidimensionalem Stil eine Stimme zu verleihen.","og_url":"https:\/\/www.trueiconicdesign.com\/de\/3d-wolke-pla-moebel-comic-personalisiert\/","og_site_name":"True Iconic Design","article_published_time":"2026-08-17T10:15:58+00:00","article_modified_time":"2026-08-17T10:22:13+00:00","og_image":[{"width":1024,"height":1024,"url":"https:\/\/www.trueiconicdesign.com\/wp-content\/uploads\/2026\/08\/featured-nuvoletta-3d-in-pla-il-fumetto-diventa-arredo-personalizzato-1024x1024.png","type":"image\/png"}],"author":"sync","twitter_card":"summary_large_image","twitter_misc":{"Written by":"sync","Est. reading time":"3 minutes"},"schema":{"@context":"https:\/\/schema.org","@graph":[{"@type":"Article","@id":"https:\/\/www.trueiconicdesign.com\/it\/nuvoletta-3d-pla-arredo-fumetto-personalizzato\/#article","isPartOf":{"@id":"https:\/\/www.trueiconicdesign.com\/it\/nuvoletta-3d-pla-arredo-fumetto-personalizzato\/"},"author":{"name":"sync","@id":"https:\/\/wordpress.m.3dbooster.com\/it\/#\/schema\/person\/5a1c00cc9c7362ff5de0d9bea94fec08"},"headline":"Nuvoletta 3D in PLA: il fumetto diventa arredo personalizzato","datePublished":"2026-08-17T10:15:58+00:00","dateModified":"2026-08-17T10:22:13+00:00","mainEntityOfPage":{"@id":"https:\/\/www.trueiconicdesign.com\/it\/nuvoletta-3d-pla-arredo-fumetto-personalizzato\/"},"wordCount":558,"publisher":{"@id":"https:\/\/www.trueiconicdesign.com\/en\/#organization"},"image":{"@id":"https:\/\/www.trueiconicdesign.com\/it\/nuvoletta-3d-pla-arredo-fumetto-personalizzato\/#primaryimage"},"thumbnailUrl":"https:\/\/www.trueiconicdesign.com\/wp-content\/uploads\/2026\/08\/featured-nuvoletta-3d-in-pla-il-fumetto-diventa-arredo-personalizzato.png","articleSection":["Design"],"inLanguage":"de-DE"},{"@type":"WebPage","@id":"https:\/\/www.trueiconicdesign.com\/it\/nuvoletta-3d-pla-arredo-fumetto-personalizzato\/","url":"https:\/\/www.trueiconicdesign.com\/it\/nuvoletta-3d-pla-arredo-fumetto-personalizzato\/","name":"3D-Wolke aus PLA: Der Comic wird zum personalisierten M\u00f6belst\u00fcck - True Iconic Design","isPartOf":{"@id":"https:\/\/www.trueiconicdesign.com\/en\/#website"},"primaryImageOfPage":{"@id":"https:\/\/www.trueiconicdesign.com\/it\/nuvoletta-3d-pla-arredo-fumetto-personalizzato\/#primaryimage"},"image":{"@id":"https:\/\/www.trueiconicdesign.com\/it\/nuvoletta-3d-pla-arredo-fumetto-personalizzato\/#primaryimage"},"thumbnailUrl":"https:\/\/www.trueiconicdesign.com\/wp-content\/uploads\/2026\/08\/featured-nuvoletta-3d-in-pla-il-fumetto-diventa-arredo-personalizzato.png","datePublished":"2026-08-17T10:15:58+00:00","dateModified":"2026-08-17T10:22:13+00:00","description":"Verwandle den Comic in M\u00f6bel mit Nuvoletta 3D aus PLA. Personalisiere einzigartige S\u00e4tze, um deinen W\u00e4nden mit dreidimensionalem Stil eine Stimme zu verleihen.","breadcrumb":{"@id":"https:\/\/www.trueiconicdesign.com\/it\/nuvoletta-3d-pla-arredo-fumetto-personalizzato\/#breadcrumb"},"inLanguage":"de-DE","potentialAction":[{"@type":"ReadAction","target":["https:\/\/www.trueiconicdesign.com\/it\/nuvoletta-3d-pla-arredo-fumetto-personalizzato\/"]}]},{"@type":"ImageObject","inLanguage":"de-DE","@id":"https:\/\/www.trueiconicdesign.com\/it\/nuvoletta-3d-pla-arredo-fumetto-personalizzato\/#primaryimage","url":"https:\/\/www.trueiconicdesign.com\/wp-content\/uploads\/2026\/08\/featured-nuvoletta-3d-in-pla-il-fumetto-diventa-arredo-personalizzato.png","contentUrl":"https:\/\/www.trueiconicdesign.com\/wp-content\/uploads\/2026\/08\/featured-nuvoletta-3d-in-pla-il-fumetto-diventa-arredo-personalizzato.png","width":2560,"height":2560},{"@type":"BreadcrumbList","@id":"https:\/\/www.trueiconicdesign.com\/it\/nuvoletta-3d-pla-arredo-fumetto-personalizzato\/#breadcrumb","itemListElement":[{"@type":"ListItem","position":1,"name":"Startseite","item":"https:\/\/www.trueiconicdesign.com\/en\/"},{"@type":"ListItem","position":2,"name":"Nuvoletta 3D in PLA: il fumetto diventa arredo personalizzato"}]},{"@type":"WebSite","@id":"https:\/\/www.trueiconicdesign.com\/en\/#website","url":"https:\/\/www.trueiconicdesign.com\/en\/","name":"True Iconic Design","description":"emotionaler symbolischer Stil-Design","publisher":{"@id":"https:\/\/www.trueiconicdesign.com\/en\/#organization"},"alternateName":"4Additive - Additive Fertigungsblog","potentialAction":[{"@type":"SearchAction","target":{"@type":"EntryPoint","urlTemplate":"https:\/\/www.trueiconicdesign.com\/en\/?s={search_term_string}"},"query-input":{"@type":"PropertyValueSpecification","valueRequired":true,"valueName":"search_term_string"}}],"inLanguage":"de-DE"},{"@type":"Organization","@id":"https:\/\/www.trueiconicdesign.com\/en\/#organization","name":"Emotionales Symbolisches Design","alternateName":"4Additiv","url":"https:\/\/www.trueiconicdesign.com\/en\/","logo":{"@type":"ImageObject","inLanguage":"de-DE","@id":"https:\/\/wordpress.m.3dbooster.com\/it\/#\/schema\/logo\/image\/","url":"https:\/\/www.trueiconicdesign.com\/wp-content\/uploads\/2026\/07\/trueiconicdesign-logo.svg","contentUrl":"https:\/\/www.trueiconicdesign.com\/wp-content\/uploads\/2026\/07\/trueiconicdesign-logo.svg","caption":"Emotionales Symbolisches Design"},"image":{"@id":"https:\/\/wordpress.m.3dbooster.com\/it\/#\/schema\/logo\/image\/"},"sameAs":["https:\/\/trueiconicdesign.etsy.com\/"]},{"@type":"Person","@id":"https:\/\/wordpress.m.3dbooster.com\/it\/#\/schema\/person\/5a1c00cc9c7362ff5de0d9bea94fec08","name":"sync"}]}},"_links":{"self":[{"href":"https:\/\/www.trueiconicdesign.com\/de\/wp-json\/wp\/v2\/posts\/784","targetHints":{"allow":["GET"]}}],"collection":[{"href":"https:\/\/www.trueiconicdesign.com\/de\/wp-json\/wp\/v2\/posts"}],"about":[{"href":"https:\/\/www.trueiconicdesign.com\/de\/wp-json\/wp\/v2\/types\/post"}],"author":[{"embeddable":true,"href":"https:\/\/www.trueiconicdesign.com\/de\/wp-json\/wp\/v2\/users\/3"}],"replies":[{"embeddable":true,"href":"https:\/\/www.trueiconicdesign.com\/de\/wp-json\/wp\/v2\/comments?post=784"}],"version-history":[{"count":2,"href":"https:\/\/www.trueiconicdesign.com\/de\/wp-json\/wp\/v2\/posts\/784\/revisions"}],"predecessor-version":[{"id":787,"href":"https:\/\/www.trueiconicdesign.com\/de\/wp-json\/wp\/v2\/posts\/784\/revisions\/787"}],"wp:featuredmedia":[{"embeddable":true,"href":"https:\/\/www.trueiconicdesign.com\/de\/wp-json\/wp\/v2\/media\/785"}],"wp:attachment":[{"href":"https:\/\/www.trueiconicdesign.com\/de\/wp-json\/wp\/v2\/media?parent=784"}],"wp:term":[{"taxonomy":"category","embeddable":true,"href":"https:\/\/www.trueiconicdesign.com\/de\/wp-json\/wp\/v2\/categories?post=784"},{"taxonomy":"post_tag","embeddable":true,"href":"https:\/\/www.trueiconicdesign.com\/de\/wp-json\/wp\/v2\/tags?post=784"},{"taxonomy":"foradditive_tecnologie","embeddable":true,"href":"https:\/\/www.trueiconicdesign.com\/de\/wp-json\/wp\/v2\/foradditive_tecnologie?post=784"},{"taxonomy":"foradditive_materiali","embeddable":true,"href":"https:\/\/www.trueiconicdesign.com\/de\/wp-json\/wp\/v2\/foradditive_materiali?post=784"},{"taxonomy":"foradditive_applicazioni","embeddable":true,"href":"https:\/\/www.trueiconicdesign.com\/de\/wp-json\/wp\/v2\/foradditive_applicazioni?post=784"},{"taxonomy":"foradditive_case_studies","embeddable":true,"href":"https:\/\/www.trueiconicdesign.com\/de\/wp-json\/wp\/v2\/foradditive_case_studies?post=784"},{"taxonomy":"foradditive_settori_industriali","embeddable":true,"href":"https:\/\/www.trueiconicdesign.com\/de\/wp-json\/wp\/v2\/foradditive_settori_industriali?post=784"}],"curies":[{"name":"wp","href":"https:\/\/api.w.org\/{rel}","templated":true}]}}