{"id":670,"date":"2026-08-08T08:33:20","date_gmt":"2026-08-08T06:33:20","guid":{"rendered":"https:\/\/www.trueiconicdesign.com\/it\/?p=670"},"modified":"2026-08-10T14:18:51","modified_gmt":"2026-08-10T12:18:51","slug":"vaso-nero-scanalato-geometria-materia-dark-minimal","status":"publish","type":"post","link":"https:\/\/www.trueiconicdesign.com\/de\/vaso-nero-scanalato-geometria-materia-dark-minimal\/","title":{"rendered":"Schwarze gerillte Vase: Geometrie und Material f\u00fcr den Dark-Minimal-Stil"},"content":{"rendered":"<h2>Die schwarze matte gerillte Vase: vertikale Geometrie und zeitgen\u00f6ssisches Material<\/h2>\n<p>Mattschwarz ist nicht Abwesenheit von Farbe, sondern stille Pr\u00e4senz. Wenn eine gerillte Oberfl\u00e4che auf Licht trifft, ohne es zur\u00fcckzuwerfen, entsteht ein Dialog zwischen Materie und Leere. Eine Vase ist nicht nur ein Beh\u00e4lter: Sie ist eine Miniaturarchitektur, die den Raum um sich herum ver\u00e4ndert.<\/p>\n<p>Im zeitgen\u00f6ssischen Haus ist die Wahl von Mattschwarz keine Absichtserkl\u00e4rung. Es ist eine Suche nach Ruhe. Es sucht nicht Aufmerksamkeit durch Glanz, sondern durch die Reinheit der Form und die Tiefe der Oberfl\u00e4che. Die vertikalen Rillen verleihen einen taktilen Rhythmus, eine Textur, die den Blick einl\u00e4dt, innezuhalten.<\/p>\n<h3>Dunkler Minimalismus: wenn die Leere zur Hauptfigur wird<\/h3>\n<p><em>Minimalismus ist keine zuf\u00e4llige Subtraktion, sondern bewusste Auswahl. Jedes vorhandene Element muss seine Existenz im Raum rechtfertigen.<\/em><\/p>\n<p>Der Dark-Minimal entsteht aus der Begegnung zwischen der japanischen \u00c4sthetik des Ma (der bedeutungsvollen Leere) und der westlichen geometrischen Pr\u00e4zision. Ein mattschwarzes Objekt in einem hellen Raum verschwindet nicht: Es verankert sich, erzeugt visuelle Schwerkraft, bietet dem Auge einen Ruhepunkt.<\/p>\n<p>Die schlanke Vertikalit\u00e4t einer zylindrischen Vase bringt ein Gef\u00fchl von Wachstum, von Streben nach oben mit sich. Die parallelen Rillen betonen diese aufsteigende Bewegung, w\u00e4hrend die runde Basis physische und emotionale Stabilit\u00e4t gew\u00e4hrleistet.<\/p>\n<div class=\"article-box article-box--highlight\">\n<strong>Elemente des Dark-Minimal<\/strong><\/p>\n<ul>\n<li>Matte Oberfl\u00e4chen, die Licht absorbieren, statt es zu reflektieren<\/li>\n<li>Essenzielle Geometrien mit ma\u00dfvollen taktilen Details<\/li>\n<li>Scharfer Kontrast zwischen F\u00fclle und Leere, Dunkel und Hell<\/li>\n<li>Zeitgen\u00f6ssische Materialien mit dezentem Auftritt<\/li>\n<\/ul>\n<\/div>\n<p>Die St\u00e4rke des dunklen Minimalismus liegt in seiner F\u00e4higkeit, das, was er enth\u00e4lt, zur Geltung zu bringen. Ein einzelner Stiel wei\u00dfen Pampasgrases vor einer schwarzen Fl\u00e4che wird zur Skulptur. Drei Zweige getrockneten Eukalyptus gewinnen an Monumentalit\u00e4t.<\/p>\n<h3>Farbpaletten: mattes Schwarz orchestrieren<\/h3>\n<p><em>Schwarz ist nicht neutral: Es ist eine Farbe, die dialogiert, kontrastiert, verst\u00e4rkt. Seine Wirkung h\u00e4ngt vollst\u00e4ndig von dem ab, was danebensteht.<\/em><\/p>\n<p>Matte schwarze mit warmem Wei\u00df zu kombinieren erzeugt einen grafischen, fast editorialen Kontrast. Es ist die klarste Wahl, die jede Komposition in eine starke visuelle Aussage verwandelt. Es funktioniert in nordischen R\u00e4umen oder f\u00fcr diejenigen, die eine \u00c4sthetik wie in einer Kunstgalerie suchen.<\/p>\n<p>Die Kombination mit Erdt\u00f6nen \u2013 gebranntem Ocker, Terrakotta, Sand \u2013 mildert die H\u00e4rte des Schwarzen. Es entsteht eine w\u00fcstenartige, umh\u00fcllende Atmosph\u00e4re, in der die Vase zu einem dunklen Anker in einer warmen Landschaft wird. Es passt zu Innenr\u00e4umen, die ein Gleichgewicht zwischen Strenge und Gem\u00fctlichkeit suchen.<\/p>\n<div class=\"article-table-wrap\">\n<table class=\"article-table\">\n<thead>\n<tr>\n<th>Palette<\/th>\n<th>Atmosph\u00e4re<\/th>\n<th>Komplement\u00e4re Materialien<\/th>\n<\/tr>\n<\/thead>\n<tbody>\n<tr>\n<td>Schwarz + warmes Wei\u00df<\/td>\n<td>Grafisch und hieratisch<\/td>\n<td>Gebleichtes Holz, rohes Leinen<\/td>\n<\/tr>\n<tr>\n<td>Schwarz + gebrannte Erden<\/td>\n<td>W\u00fcstenhaft und umh\u00fcllend<\/td>\n<td>Terrakotta, Naturseil<\/td>\n<\/tr>\n<tr>\n<td>Schwarz + Steingrau<\/td>\n<td>Nordisch und meditativ<\/td>\n<td>Zement, Salbei, Wolle<\/td>\n<\/tr>\n<tr>\n<td>Schwarz + Sandbeige<\/td>\n<td>Zeitgen\u00f6ssisches Wabi-Sabi<\/td>\n<td>Naturholz, Baumwolle<\/td>\n<\/tr>\n<\/tbody>\n<\/table>\n<\/div>\n<p>Das Steingrau mit Salbeigr\u00fcn-Akzenten f\u00fchrt das Schwarz zu einem nordischen, meditativen Minimalismus. Es ist die Wahl f\u00fcr alle, die visuelle Ruhe und introvertierte Atmosph\u00e4ren suchen. Die <a href=\"https:\/\/www.trueiconicdesign.com\/de\/product\/vaso-nero-opaco-scanalato-svasato-18cm-per-fiori-secchi-e-pampas-grass\/\">gerillte schwarze Vase<\/a> wird zum verbindenden Element zwischen der K\u00e4lte des Steins und der Weichheit des Textilen.<\/p>\n<p>Die Palette Beige-Taupe-Schwarz umarmt die Wabi-Sabi-Philosophie: Feier der Unvollkommenheit, des Wesentlichen, der vergehenden Zeit. Hier ist Schwarz kein heftiger Kontrast, sondern eine Tiefe, die aufnimmt.<\/p>\n<h3>Materialien: PLA als zeitgen\u00f6ssische Wahl<\/h3>\n<p><em>Die Biokunststoff-PLA bringt die additive Fertigung in den h\u00e4uslichen Alltag und verwandelt einen industriellen Prozess in ein emotionales Objekt.<\/em><\/p>\n<p>PLA (Polymilchs\u00e4ure) stammt aus erneuerbaren Ressourcen wie Maisst\u00e4rke. Es ist keine zuf\u00e4llige Wahl f\u00fcr eine Vase f\u00fcr Trockenblumen: Es ist Koh\u00e4renz zwischen Form und Funktion, zwischen \u00c4sthetik und Nutzung. Der 3D-Druck erm\u00f6glicht komplexe Texturen \u2013 wie die vertikalen Rillen \u2013 die mit traditionellen Techniken schwierig w\u00e4ren.<\/p>\n<p>Die matte Oberfl\u00e4che des schwarzen PLA hat eine besondere Qualit\u00e4t: Sie absorbiert Licht, ohne st\u00f6rende Reflexe zu erzeugen, aber die vertikalen Rippen erzeugen subtile Schattenspiele. Es ist ein Material, das aus der N\u00e4he betrachtet werden m\u00f6chte und Aufmerksamkeit belohnt.<\/p>\n<div class=\"article-box article-box--info\">\n<strong>Eigenschaften von PLA<\/strong><\/p>\n<p>Biokunststoffmaterial mit nat\u00fcrlicher matter Oberfl\u00e4che. Ideal f\u00fcr Kompositionen mit trockenen Elementen. Die geschichtete Textur ist integraler Bestandteil der \u00c4sthetik, kein zu versteckender Fehler.<\/p>\n<\/div>\n<p>Die H\u00f6he von 18 cm und der Durchmesser von 6,5 cm definieren schlanke Proportionen, geeignet f\u00fcr einzelne Stiele oder kleine kompakte Str\u00e4u\u00dfe. Es ist keine Vase f\u00fcr \u00fcppige Arrangements, sondern f\u00fcr essentielle Stillleben.<\/p>\n<h3>Platzierung und materielle Dialoge<\/h3>\n<p><em>Jedes Objekt ver\u00e4ndert den Raum, den es bewohnt. Die Frage ist nicht \u201cwo platziere ich es\u201d, sondern \u201cwelches Gespr\u00e4ch m\u00f6chte ich erschaffen\u201d.<\/em><\/p>\n<p>Auf einer Eingangskonsole, die <a href=\"https:\/\/www.trueiconicdesign.com\/de\/product\/vaso-nero-opaco-scanalato-svasato-18cm-per-fiori-secchi-e-pampas-grass\/\">zylindrische mattschwarze Vase<\/a> wird zu einem stillen Empfang. In Kombination mit Naturholz oder geb\u00fcrstetem Metall erzeugt sie einen warm-kalten Kontrast, der sofort den Charakter des Raumes definiert.<\/p>\n<p>Auf dem Nachttisch ist ihre vertikale Pr\u00e4senz beruhigend, ohne aufdringlich zu sein. Ein einzelner Zweig wei\u00dfes Pampasgras wird zum n\u00e4chtlichen Begleiter, ein Element der Meditation vor dem Schlaf.<\/p>\n<div class=\"article-steps\">\n<h3>Vertikale Trio-Komposition<\/h3>\n<ol>\n<li><strong>Auswahl:<\/strong> Drei Vasen mit abnehmenden H\u00f6hen (18 cm, 14 cm, 10 cm) erzeugen eine architektonische Bewegung.<\/li>\n<li><strong>Platzierung:<\/strong> Diagonal auf einem Regal oder in einer Linie auf einem Esstisch anordnen.<\/li>\n<li><strong>Bef\u00fcllung:<\/strong> Die botanische Dichte variieren \u2013 das h\u00f6chste mit einem einzelnen Stiel, die niedrigeren mit kleinen Str\u00e4u\u00dfen.<\/li>\n<\/ol>\n<\/div>\n<p>Im B\u00fccherregal, zwischen horizontalen B\u00e4nden, bringt es vertikalen Rhythmus. Vor einem antiken Spiegel schafft es einen Dialog zwischen Epochen: zeitgen\u00f6ssische additive Technologie trifft auf die Patina der Zeit.<\/p>\n<p>Auf einem Home-Office-Schreibtisch, der <a href=\"https:\/\/www.trueiconicdesign.com\/de\/product\/vaso-nero-opaco-scanalato-svasato-18cm-per-fiori-secchi-e-pampas-grass\/\">gerillte Vase f\u00fcr Pampasgras<\/a> bietet eine visuelle Pause. Es lenkt nicht ab, sondern bietet einen Ankerpunkt, wenn der Blick vom Bildschirm abschweift.<\/p>\n<h3>Zu vermeidende Fehler: die Natur des Objekts respektieren<\/h3>\n<p><em>Jedes Material hat eine Berufung. Es zu unangemessenen Zwecken zu zwingen bedeutet, sein Wesen zu verraten.<\/em><\/p>\n<p>Das PLA ist speziell f\u00fcr Trockenarrangements. Es mit Wasser f\u00fcr frische Blumen zu f\u00fcllen bedeutet, sowohl die Materialeigenschaften als auch die gestalterische Absicht zu ignorieren. Trockenblumen sind kein Notbehelf: Sie sind eine \u00e4sthetische Wahl, die die in der Zeit eingefrorene Natur feiert.<\/p>\n<p>Die ausgestellte Silhouette mit zu vielen botanischen Elementen zu \u00fcberladen, zerst\u00f6rt die Reinheit der Form. Die Vase hat eine architektonische Pr\u00e4senz, die respektiert werden sollte: Besser ein einzelner perfekter Stiel als ein chaotischer Strau\u00df.<\/p>\n<p>Wenn man sie in \u00fcberm\u00e4\u00dfig farbenfrohen oder chaotischen Umgebungen platziert, verliert sie ihre Wirkung. Das matte Schwarz verlangt nach Atemraum, sauberen Oberfl\u00e4chen, kontrollierten Farbpaletten. In einer bereits ges\u00e4ttigten Umgebung wird sie zu einem weiteren Element statt zu einem Ankerpunkt.<\/p>\n<p>Licht ist ein grundlegender Verb\u00fcndeter. In v\u00f6llig schattigen Bereichen verlieren die Rillen ihr Reliefspiel. Es bedarf seitlichen oder zenitalen Lichts, um die Dreidimensionalit\u00e4t der Textur hervorzuheben.<\/p>\n<h3>Die Poetik des gerahmten Verg\u00e4nglichen<\/h3>\n<p>Die wahre Rolle einer mattschwarzen, gerillten Vase besteht nicht darin, zu enthalten, sondern einzurahmen. Sie gibt der organischen Unordnung der Trockenblumen Struktur, der Zuf\u00e4lligkeit der Zweige Geometrie. Sie ist die Grenze zwischen menschlicher Kontrolle und nat\u00fcrlicher Unvorhersehbarkeit.<\/p>\n<p>Die matte Oberfl\u00e4che zieht den Blick an, l\u00e4dt zum Ber\u00fchren ein, schafft Intimit\u00e4t. Es ist kein Objekt, das seine Pr\u00e4senz herausschreit, sondern eines, das sie fl\u00fcstert. Mit der Zeit wird es zu einer vertrauten Pr\u00e4senz, zu einem visuellen Bezugspunkt, der den h\u00e4uslichen Raum gliedert.<\/p>\n<p>Sich f\u00fcr eine schwarze PLA-Vase mit gerillter Textur zu entscheiden, bedeutet, eine zeitgen\u00f6ssische \u00c4sthetik zu umarmen, die auf Emotion nicht verzichtet. Es ist Technologie, die W\u00e4rme wird, industrielle Pr\u00e4zision, die zur h\u00e4uslichen Geste wird. Es ist der Minimalismus, der nicht ausschlie\u00dft, sondern willkommen hei\u00dft \u2013 vorausgesetzt, dass das, was willkommen gehei\u00dfen wird, mit derselben Sorgfalt gew\u00e4hlt wird, mit der das Objekt selbst entworfen wurde.<\/p>","protected":false},"excerpt":{"rendered":"<p>Die schwarze matte gerillte Vase vereint vertikale Geometrie und zeitgen\u00f6ssisches Material und schafft einen Dialog zwischen Licht und Leere. Im Dark-Minimal absorbieren die matten Oberfl\u00e4chen das Licht, w\u00e4hrend die Rillen taktilen Rhythmus und aufstrebenden Schwung hinzuf\u00fcgen und auch einen einzelnen Stiel aufwerten.<\/p>","protected":false},"author":3,"featured_media":720,"comment_status":"closed","ping_status":"","sticky":false,"template":"","format":"standard","meta":{"foradditive_qa_html":"<section class=\"foradditive-faq\"><div class=\"foradditive-faq-item\"><h3>Cos&#x27;\u00e8 lo stile dark-minimal descritto nell&#x27;articolo?<\/h3><p>Il dark-minimal nasce dall&#x27;incontro tra l&#x27;estetica giapponese del ma (il vuoto significante) e la precisione geometrica occidentale. \u00c8 caratterizzato da superfici opache che assorbono la luce e geometrie essenziali con dettagli tattili misurati.<\/p><\/div><div class=\"foradditive-faq-item\"><h3>Qual \u00e8 l&#x27;effetto visivo delle scanalature verticali sul vaso?<\/h3><p>Le scanalature verticali aggiungono un ritmo tattile e accentuano un movimento ascensionale, invitando lo sguardo a fermarsi sulla texture. Questa verticalit\u00e0 slanciata trasmette un senso di crescita e aspirazione verso l&#x27;alto.<\/p><\/div><div class=\"foradditive-faq-item\"><h3>Come si comporta il nero opaco in uno spazio chiaro?<\/h3><p>In uno spazio chiaro, un oggetto nero opaco non scompare ma si ancora, creando gravit\u00e0 visiva e offrendo un punto di riposo all&#x27;occhio. La sua funzione \u00e8 quella di modificare lo spazio circostante attraverso la profondit\u00e0 della finitura.<\/p><\/div><div class=\"foradditive-faq-item\"><h3>Quale atmosfera crea l&#x27;abbinamento del nero con le tonalit\u00e0 terra?<\/h3><p>Accostare il nero opaco a tonalit\u00e0 terra come ocra bruciata o terracotta ammorbidisce la durezza del colore, generando un&#x27;atmosfera desertica e avvolgente. Questo equilibrio \u00e8 ideale per interni che cercano di conciliare rigore e accoglienza.<\/p><\/div><div class=\"foradditive-faq-item\"><h3>Quali elementi vegetali valorizza meglio questo tipo di vaso?<\/h3><p>La forza del minimalismo scuro risiede nella capacit\u00e0 di valorizzare ci\u00f2 che contiene, trasformando composizioni semplici in sculture. Un singolo stelo di pampas grass bianco o tre rami di eucalipto essiccato acquistano immediata monumentalit\u00e0.<\/p><\/div><\/section>","foradditive_qa_html_en":"<section class=\"foradditive-faq\"><div class=\"foradditive-faq-item\"><h3>What is the dark-minimal style described in the article?<\/h3><p>Dark-minimalism emerges from the fusion of Japanese ma aesthetics (meaningful void) and Western geometric precision. It features matte surfaces that absorb light and essential geometries with measured tactile details.<\/p><\/div><div class=\"foradditive-faq-item\"><h3>What is the visual effect of vertical grooves on the vase?<\/h3><p>Vertical grooves add a tactile rhythm and accentuate an upward movement, inviting the eye to rest on the texture. This slender verticality conveys a sense of growth and aspiration upwards.<\/p><\/div><div class=\"foradditive-faq-item\"><h3>How does matte black behave in a light space?<\/h3><p>In a light space, a matte black object does not disappear but anchors itself, creating visual gravity and offering a resting point for the eye. Its function is to modify the surrounding space through the depth of its finish.<\/p><\/div><div class=\"foradditive-faq-item\"><h3>What atmosphere does pairing black with earth tones create?<\/h3><p>Pairing matte black with earth tones like burnt ochre or terracotta softens the color&#x27;s harshness, generating a desert-like, enveloping atmosphere. This balance is ideal for interiors seeking to reconcile rigor with warmth.<\/p><\/div><div class=\"foradditive-faq-item\"><h3>Which botanical elements does this type of vase enhance best?<\/h3><p>The strength of dark minimalism lies in its ability to highlight what it holds, transforming simple compositions into sculptures. A single stem of white pampas grass or three branches of dried eucalyptus instantly gain monumentality.<\/p><\/div><\/section>","foradditive_qa_html_fr":"<section class=\"foradditive-faq\"><div class=\"foradditive-faq-item\"><h3>Qu&#x27;est-ce que le style dark-minimal d\u00e9crit dans l&#x27;article ?<\/h3><p>Le dark-minimal na\u00eet de la rencontre entre l&#x27;esth\u00e9tique japonaise du ma (le vide signifiant) et la pr\u00e9cision g\u00e9om\u00e9trique occidentale. Il se caract\u00e9rise par des surfaces mates qui absorbent la lumi\u00e8re et des g\u00e9om\u00e9tries \u00e9pur\u00e9es aux d\u00e9tails tactiles mesur\u00e9s.<\/p><\/div><div class=\"foradditive-faq-item\"><h3>Quel est l&#x27;effet visuel des rainures verticales sur le vase ?<\/h3><p>Les rainures verticales ajoutent un rythme tactile et accentuent un mouvement ascensionnel, invitant le regard \u00e0 s&#x27;arr\u00eater sur la texture. Cette verticalit\u00e9 \u00e9lanc\u00e9e transmet une sensation de croissance et d&#x27;aspiration vers le haut.<\/p><\/div><div class=\"foradditive-faq-item\"><h3>Comment le noir mat se comporte-t-il dans un espace clair ?<\/h3><p>Dans un espace clair, un objet noir mat ne dispara\u00eet pas mais s&#x27;ancre, cr\u00e9ant une gravit\u00e9 visuelle et offrant un point de repos \u00e0 l&#x27;\u0153il. Sa fonction est de modifier l&#x27;espace environnant gr\u00e2ce \u00e0 la profondeur de sa finition.<\/p><\/div><div class=\"foradditive-faq-item\"><h3>Quelle atmosph\u00e8re cr\u00e9e l&#x27;association du noir avec les tons terre ?<\/h3><p>Associer le noir mat \u00e0 des tons terre comme l&#x27;ocre br\u00fbl\u00e9 ou la terracotta adoucit la duret\u00e9 de la couleur, g\u00e9n\u00e9rant une atmosph\u00e8re d\u00e9sertique et enveloppante. Cet \u00e9quilibre est id\u00e9al pour des int\u00e9rieurs cherchant \u00e0 concilier rigueur et accueil.<\/p><\/div><div class=\"foradditive-faq-item\"><h3>Quels \u00e9l\u00e9ments v\u00e9g\u00e9taux ce type de vase met-il le mieux en valeur ?<\/h3><p>La force du minimalisme sombre r\u00e9side dans sa capacit\u00e9 \u00e0 valoriser son contenu, transformant des compositions simples en sculptures. Une seule tige de pampas blanche ou trois branches d&#x27;eucalyptus s\u00e9ch\u00e9 acqui\u00e8rent imm\u00e9diatement une monumentalit\u00e9.<\/p><\/div><\/section>","foradditive_qa_html_de":"<section class=\"foradditive-faq\"><div class=\"foradditive-faq-item\"><h3>Was ist der im Artikel beschriebene Dark-Minimal-Stil?<\/h3><p>Der Dark-Minimal-Stil entsteht aus der Verbindung der japanischen \u00c4sthetik des Ma (der bedeutungsvollen Leere) mit westlicher geometrischer Pr\u00e4zision. Er zeichnet sich durch matte, lichtabsorbierende Oberfl\u00e4chen und essentielle Geometrien mit dosierten taktilen Details aus.<\/p><\/div><div class=\"foradditive-faq-item\"><h3>Welche visuelle Wirkung haben die vertikalen Rillen auf der Vase?<\/h3><p>Die vertikalen Rillen f\u00fcgen einen taktilen Rhythmus hinzu und betonen eine aufsteigende Bewegung, wodurch der Blick eingeladen wird, auf der Textur zu verweilen. Diese schlanke Vertikalit\u00e4t vermittelt ein Gef\u00fchl von Wachstum und Streben nach oben.<\/p><\/div><div class=\"foradditive-faq-item\"><h3>Wie verh\u00e4lt sich mattes Schwarz in einem hellen Raum?<\/h3><p>In einem hellen Raum verschwindet ein mattes schwarzes Objekt nicht, sondern verankert sich, schafft visuelle Schwere und bietet dem Auge einen Ruhepunkt. Seine Funktion besteht darin, den umgebenden Raum durch die Tiefe des Finishs zu ver\u00e4ndern.<\/p><\/div><div class=\"foradditive-faq-item\"><h3>Welche Atmosph\u00e4re erzeugt die Kombination von Schwarz mit Erdt\u00f6nen?<\/h3><p>Die Kombination von mattem Schwarz mit Erdt\u00f6nen wie verbranntem Ocker oder Terrakotta mildert die H\u00e4rte der Farbe und erzeugt eine w\u00fcstenhafte, einh\u00fcllende Atmosph\u00e4re. Dieses Gleichgewicht ist ideal f\u00fcr Innenr\u00e4ume, die Strenge und Gem\u00fctlichkeit vereinen m\u00f6chten.<\/p><\/div><div class=\"foradditive-faq-item\"><h3>Welche pflanzlichen Elemente werden durch diese Art von Vase am besten zur Geltung gebracht?<\/h3><p>Die St\u00e4rke des dunklen Minimalismus liegt in der F\u00e4higkeit, das Enthaltene hervorzuheben und einfache Kompositionen in Skulpturen zu verwandeln. Ein einzelner wei\u00dfer Pampasgras-St\u00e4ngel oder drei Zweige getrockneter Eukalyptus gewinnen sofort an Monumentalit\u00e4t.<\/p><\/div><\/section>","foradditive_qa_html_es":"<section class=\"foradditive-faq\"><div class=\"foradditive-faq-item\"><h3>\u00bfQu\u00e9 es el estilo dark-minimal descrito en el art\u00edculo?<\/h3><p>El dark-minimal surge del encuentro entre la est\u00e9tica japonesa del ma (el vac\u00edo significativo) y la precisi\u00f3n geom\u00e9trica occidental. Se caracteriza por superficies mates que absorben la luz y geometr\u00edas esenciales con detalles t\u00e1ctiles medidos.<\/p><\/div><div class=\"foradditive-faq-item\"><h3>\u00bfCu\u00e1l es el efecto visual de las estr\u00edas verticales en el jarr\u00f3n?<\/h3><p>Las estr\u00edas verticales a\u00f1aden un ritmo t\u00e1ctil y acent\u00faan un movimiento ascendente, invitando a la mirada a detenerse en la textura. Esta verticalidad esbelta transmite una sensaci\u00f3n de crecimiento y aspiraci\u00f3n hacia lo alto.<\/p><\/div><div class=\"foradditive-faq-item\"><h3>\u00bfC\u00f3mo se comporta el negro mate en un espacio claro?<\/h3><p>En un espacio claro, un objeto negro mate no desaparece, sino que se ancla, creando gravedad visual y ofreciendo un punto de descanso para la vista. Su funci\u00f3n es modificar el espacio circundante mediante la profundidad del acabado.<\/p><\/div><div class=\"foradditive-faq-item\"><h3>\u00bfQu\u00e9 atm\u00f3sfera crea la combinaci\u00f3n del negro con los tonos tierra?<\/h3><p>Combinar el negro mate con tonos tierra como ocre quemado o terracota suaviza la dureza del color, generando una atm\u00f3sfera des\u00e9rtica y envolvente. Este equilibrio es ideal para interiores que buscan conciliar rigor y acogida.<\/p><\/div><div class=\"foradditive-faq-item\"><h3>\u00bfQu\u00e9 elementos vegetales realza mejor este tipo de jarr\u00f3n?<\/h3><p>La fuerza del minimalismo oscuro reside en su capacidad para valorizar lo que contiene, transformando composiciones simples en esculturas. Un solo tallo de pampas grass blanco o tres ramas de eucalipto seco adquieren inmediata monumentalidad.<\/p><\/div><\/section>","foradditive_qa_jsonld":"{\"@context\":\"https:\/\/schema.org\",\"@type\":\"FAQPage\",\"inLanguage\":\"it\",\"mainEntity\":[{\"@type\":\"Question\",\"name\":\"Cos'\u00e8 lo stile dark-minimal descritto nell'articolo?\",\"acceptedAnswer\":{\"@type\":\"Answer\",\"text\":\"Il dark-minimal nasce dall'incontro tra l'estetica giapponese del ma (il vuoto significante) e la precisione geometrica occidentale. \u00c8 caratterizzato da superfici opache che assorbono la luce e geometrie essenziali con dettagli tattili misurati.\"}},{\"@type\":\"Question\",\"name\":\"Qual \u00e8 l'effetto visivo delle scanalature verticali sul vaso?\",\"acceptedAnswer\":{\"@type\":\"Answer\",\"text\":\"Le scanalature verticali aggiungono un ritmo tattile e accentuano un movimento ascensionale, invitando lo sguardo a fermarsi sulla texture. Questa verticalit\u00e0 slanciata trasmette un senso di crescita e aspirazione verso l'alto.\"}},{\"@type\":\"Question\",\"name\":\"Come si comporta il nero opaco in uno spazio chiaro?\",\"acceptedAnswer\":{\"@type\":\"Answer\",\"text\":\"In uno spazio chiaro, un oggetto nero opaco non scompare ma si ancora, creando gravit\u00e0 visiva e offrendo un punto di riposo all'occhio. La sua funzione \u00e8 quella di modificare lo spazio circostante attraverso la profondit\u00e0 della finitura.\"}},{\"@type\":\"Question\",\"name\":\"Quale atmosfera crea l'abbinamento del nero con le tonalit\u00e0 terra?\",\"acceptedAnswer\":{\"@type\":\"Answer\",\"text\":\"Accostare il nero opaco a tonalit\u00e0 terra come ocra bruciata o terracotta ammorbidisce la durezza del colore, generando un'atmosfera desertica e avvolgente. Questo equilibrio \u00e8 ideale per interni che cercano di conciliare rigore e accoglienza.\"}},{\"@type\":\"Question\",\"name\":\"Quali elementi vegetali valorizza meglio questo tipo di vaso?\",\"acceptedAnswer\":{\"@type\":\"Answer\",\"text\":\"La forza del minimalismo scuro risiede nella capacit\u00e0 di valorizzare ci\u00f2 che contiene, trasformando composizioni semplici in sculture. Un singolo stelo di pampas grass bianco o tre rami di eucalipto essiccato acquistano immediata monumentalit\u00e0.\"}}]}","foradditive_qa_jsonld_en":"{\"@context\":\"https:\/\/schema.org\",\"@type\":\"FAQPage\",\"inLanguage\":\"en\",\"mainEntity\":[{\"@type\":\"Question\",\"name\":\"What is the dark-minimal style described in the article?\",\"acceptedAnswer\":{\"@type\":\"Answer\",\"text\":\"Dark-minimalism emerges from the fusion of Japanese ma aesthetics (meaningful void) and Western geometric precision. It features matte surfaces that absorb light and essential geometries with measured tactile details.\"}},{\"@type\":\"Question\",\"name\":\"What is the visual effect of vertical grooves on the vase?\",\"acceptedAnswer\":{\"@type\":\"Answer\",\"text\":\"Vertical grooves add a tactile rhythm and accentuate an upward movement, inviting the eye to rest on the texture. This slender verticality conveys a sense of growth and aspiration upwards.\"}},{\"@type\":\"Question\",\"name\":\"How does matte black behave in a light space?\",\"acceptedAnswer\":{\"@type\":\"Answer\",\"text\":\"In a light space, a matte black object does not disappear but anchors itself, creating visual gravity and offering a resting point for the eye. Its function is to modify the surrounding space through the depth of its finish.\"}},{\"@type\":\"Question\",\"name\":\"What atmosphere does pairing black with earth tones create?\",\"acceptedAnswer\":{\"@type\":\"Answer\",\"text\":\"Pairing matte black with earth tones like burnt ochre or terracotta softens the color's harshness, generating a desert-like, enveloping atmosphere. This balance is ideal for interiors seeking to reconcile rigor with warmth.\"}},{\"@type\":\"Question\",\"name\":\"Which botanical elements does this type of vase enhance best?\",\"acceptedAnswer\":{\"@type\":\"Answer\",\"text\":\"The strength of dark minimalism lies in its ability to highlight what it holds, transforming simple compositions into sculptures. A single stem of white pampas grass or three branches of dried eucalyptus instantly gain monumentality.\"}}]}","foradditive_qa_jsonld_fr":"{\"@context\":\"https:\/\/schema.org\",\"@type\":\"FAQPage\",\"inLanguage\":\"fr\",\"mainEntity\":[{\"@type\":\"Question\",\"name\":\"Qu'est-ce que le style dark-minimal d\u00e9crit dans l'article ?\",\"acceptedAnswer\":{\"@type\":\"Answer\",\"text\":\"Le dark-minimal na\u00eet de la rencontre entre l'esth\u00e9tique japonaise du ma (le vide signifiant) et la pr\u00e9cision g\u00e9om\u00e9trique occidentale. Il se caract\u00e9rise par des surfaces mates qui absorbent la lumi\u00e8re et des g\u00e9om\u00e9tries \u00e9pur\u00e9es aux d\u00e9tails tactiles mesur\u00e9s.\"}},{\"@type\":\"Question\",\"name\":\"Quel est l'effet visuel des rainures verticales sur le vase ?\",\"acceptedAnswer\":{\"@type\":\"Answer\",\"text\":\"Les rainures verticales ajoutent un rythme tactile et accentuent un mouvement ascensionnel, invitant le regard \u00e0 s'arr\u00eater sur la texture. Cette verticalit\u00e9 \u00e9lanc\u00e9e transmet une sensation de croissance et d'aspiration vers le haut.\"}},{\"@type\":\"Question\",\"name\":\"Comment le noir mat se comporte-t-il dans un espace clair ?\",\"acceptedAnswer\":{\"@type\":\"Answer\",\"text\":\"Dans un espace clair, un objet noir mat ne dispara\u00eet pas mais s'ancre, cr\u00e9ant une gravit\u00e9 visuelle et offrant un point de repos \u00e0 l'\u0153il. Sa fonction est de modifier l'espace environnant gr\u00e2ce \u00e0 la profondeur de sa finition.\"}},{\"@type\":\"Question\",\"name\":\"Quelle atmosph\u00e8re cr\u00e9e l'association du noir avec les tons terre ?\",\"acceptedAnswer\":{\"@type\":\"Answer\",\"text\":\"Associer le noir mat \u00e0 des tons terre comme l'ocre br\u00fbl\u00e9 ou la terracotta adoucit la duret\u00e9 de la couleur, g\u00e9n\u00e9rant une atmosph\u00e8re d\u00e9sertique et enveloppante. Cet \u00e9quilibre est id\u00e9al pour des int\u00e9rieurs cherchant \u00e0 concilier rigueur et accueil.\"}},{\"@type\":\"Question\",\"name\":\"Quels \u00e9l\u00e9ments v\u00e9g\u00e9taux ce type de vase met-il le mieux en valeur ?\",\"acceptedAnswer\":{\"@type\":\"Answer\",\"text\":\"La force du minimalisme sombre r\u00e9side dans sa capacit\u00e9 \u00e0 valoriser son contenu, transformant des compositions simples en sculptures. Une seule tige de pampas blanche ou trois branches d'eucalyptus s\u00e9ch\u00e9 acqui\u00e8rent imm\u00e9diatement une monumentalit\u00e9.\"}}]}","foradditive_qa_jsonld_de":"{\"@context\":\"https:\/\/schema.org\",\"@type\":\"FAQPage\",\"inLanguage\":\"de\",\"mainEntity\":[{\"@type\":\"Question\",\"name\":\"Was ist der im Artikel beschriebene Dark-Minimal-Stil?\",\"acceptedAnswer\":{\"@type\":\"Answer\",\"text\":\"Der Dark-Minimal-Stil entsteht aus der Verbindung der japanischen \u00c4sthetik des Ma (der bedeutungsvollen Leere) mit westlicher geometrischer Pr\u00e4zision. Er zeichnet sich durch matte, lichtabsorbierende Oberfl\u00e4chen und essentielle Geometrien mit dosierten taktilen Details aus.\"}},{\"@type\":\"Question\",\"name\":\"Welche visuelle Wirkung haben die vertikalen Rillen auf der Vase?\",\"acceptedAnswer\":{\"@type\":\"Answer\",\"text\":\"Die vertikalen Rillen f\u00fcgen einen taktilen Rhythmus hinzu und betonen eine aufsteigende Bewegung, wodurch der Blick eingeladen wird, auf der Textur zu verweilen. Diese schlanke Vertikalit\u00e4t vermittelt ein Gef\u00fchl von Wachstum und Streben nach oben.\"}},{\"@type\":\"Question\",\"name\":\"Wie verh\u00e4lt sich mattes Schwarz in einem hellen Raum?\",\"acceptedAnswer\":{\"@type\":\"Answer\",\"text\":\"In einem hellen Raum verschwindet ein mattes schwarzes Objekt nicht, sondern verankert sich, schafft visuelle Schwere und bietet dem Auge einen Ruhepunkt. Seine Funktion besteht darin, den umgebenden Raum durch die Tiefe des Finishs zu ver\u00e4ndern.\"}},{\"@type\":\"Question\",\"name\":\"Welche Atmosph\u00e4re erzeugt die Kombination von Schwarz mit Erdt\u00f6nen?\",\"acceptedAnswer\":{\"@type\":\"Answer\",\"text\":\"Die Kombination von mattem Schwarz mit Erdt\u00f6nen wie verbranntem Ocker oder Terrakotta mildert die H\u00e4rte der Farbe und erzeugt eine w\u00fcstenhafte, einh\u00fcllende Atmosph\u00e4re. Dieses Gleichgewicht ist ideal f\u00fcr Innenr\u00e4ume, die Strenge und Gem\u00fctlichkeit vereinen m\u00f6chten.\"}},{\"@type\":\"Question\",\"name\":\"Welche pflanzlichen Elemente werden durch diese Art von Vase am besten zur Geltung gebracht?\",\"acceptedAnswer\":{\"@type\":\"Answer\",\"text\":\"Die St\u00e4rke des dunklen Minimalismus liegt in der F\u00e4higkeit, das Enthaltene hervorzuheben und einfache Kompositionen in Skulpturen zu verwandeln. Ein einzelner wei\u00dfer Pampasgras-St\u00e4ngel oder drei Zweige getrockneter Eukalyptus gewinnen sofort an Monumentalit\u00e4t.\"}}]}","foradditive_qa_jsonld_es":"{\"@context\":\"https:\/\/schema.org\",\"@type\":\"FAQPage\",\"inLanguage\":\"es\",\"mainEntity\":[{\"@type\":\"Question\",\"name\":\"\u00bfQu\u00e9 es el estilo dark-minimal descrito en el art\u00edculo?\",\"acceptedAnswer\":{\"@type\":\"Answer\",\"text\":\"El dark-minimal surge del encuentro entre la est\u00e9tica japonesa del ma (el vac\u00edo significativo) y la precisi\u00f3n geom\u00e9trica occidental. Se caracteriza por superficies mates que absorben la luz y geometr\u00edas esenciales con detalles t\u00e1ctiles medidos.\"}},{\"@type\":\"Question\",\"name\":\"\u00bfCu\u00e1l es el efecto visual de las estr\u00edas verticales en el jarr\u00f3n?\",\"acceptedAnswer\":{\"@type\":\"Answer\",\"text\":\"Las estr\u00edas verticales a\u00f1aden un ritmo t\u00e1ctil y acent\u00faan un movimiento ascendente, invitando a la mirada a detenerse en la textura. Esta verticalidad esbelta transmite una sensaci\u00f3n de crecimiento y aspiraci\u00f3n hacia lo alto.\"}},{\"@type\":\"Question\",\"name\":\"\u00bfC\u00f3mo se comporta el negro mate en un espacio claro?\",\"acceptedAnswer\":{\"@type\":\"Answer\",\"text\":\"En un espacio claro, un objeto negro mate no desaparece, sino que se ancla, creando gravedad visual y ofreciendo un punto de descanso para la vista. Su funci\u00f3n es modificar el espacio circundante mediante la profundidad del acabado.\"}},{\"@type\":\"Question\",\"name\":\"\u00bfQu\u00e9 atm\u00f3sfera crea la combinaci\u00f3n del negro con los tonos tierra?\",\"acceptedAnswer\":{\"@type\":\"Answer\",\"text\":\"Combinar el negro mate con tonos tierra como ocre quemado o terracota suaviza la dureza del color, generando una atm\u00f3sfera des\u00e9rtica y envolvente. Este equilibrio es ideal para interiores que buscan conciliar rigor y acogida.\"}},{\"@type\":\"Question\",\"name\":\"\u00bfQu\u00e9 elementos vegetales realza mejor este tipo de jarr\u00f3n?\",\"acceptedAnswer\":{\"@type\":\"Answer\",\"text\":\"La fuerza del minimalismo oscuro reside en su capacidad para valorizar lo que contiene, transformando composiciones simples en esculturas. Un solo tallo de pampas grass blanco o tres ramas de eucalipto seco adquieren inmediata monumentalidad.\"}}]}","foradditive_slug_en":"black-fluted-vessel-geometry-matter-dark-minimal","foradditive_slug_fr":"vase-noir-cannele-geometrie-matiere-dark-minimal","foradditive_slug_de":"schwarzer-gerillter-topf-geometrie-materie-dark-minimal","foradditive_slug_es":"jarron-negro-acanalado-geometria-materia-dark-minimal","foradditive_audio_summary_it":0,"foradditive_audio_summary_en":0,"foradditive_audio_summary_fr":0,"foradditive_audio_summary_de":0,"foradditive_audio_summary_es":0,"footnotes":""},"categories":[33],"tags":[],"foradditive_tecnologie":[],"foradditive_materiali":[],"foradditive_applicazioni":[],"foradditive_case_studies":[],"foradditive_settori_industriali":[],"class_list":["post-670","post","type-post","status-publish","format-standard","has-post-thumbnail","hentry","category-design"],"yoast_head":"<!-- This site is optimized with the Yoast SEO plugin v28.3 - https:\/\/yoast.com\/product\/yoast-seo-wordpress\/ -->\n<title>Schwarze gerillte Vase: Geometrie und Material f\u00fcr den Dark-Minimal - True Iconic Design<\/title>\n<meta name=\"description\" content=\"Entdecke die matte schwarze geriffelte Vase: vertikale Geometrie und Material f\u00fcr den Dark-Minimal-Stil. Leitfaden zu Paletten, Stilen und Kombinationen f\u00fcr ein essenzielles Design.\" \/>\n<meta name=\"robots\" content=\"index, follow, max-snippet:-1, max-image-preview:large, max-video-preview:-1\" \/>\n<link rel=\"canonical\" href=\"https:\/\/www.trueiconicdesign.com\/de\/schwarzer-gerillter-topf-geometrie-materie-dark-minimal\/\" \/>\n<meta property=\"og:locale\" content=\"de_DE\" \/>\n<meta property=\"og:type\" content=\"article\" \/>\n<meta property=\"og:title\" content=\"Schwarze gerillte Vase: Geometrie und Material f\u00fcr den Dark-Minimal - True Iconic Design\" \/>\n<meta property=\"og:description\" content=\"Entdecke die matte schwarze geriffelte Vase: vertikale Geometrie und Material f\u00fcr den Dark-Minimal-Stil. Leitfaden zu Paletten, Stilen und Kombinationen f\u00fcr ein essenzielles Design.\" \/>\n<meta property=\"og:url\" content=\"https:\/\/www.trueiconicdesign.com\/de\/schwarzer-gerillter-topf-geometrie-materie-dark-minimal\/\" \/>\n<meta property=\"og:site_name\" content=\"True Iconic Design\" \/>\n<meta property=\"article:published_time\" content=\"2026-08-08T06:33:20+00:00\" \/>\n<meta property=\"article:modified_time\" content=\"2026-08-10T12:18:51+00:00\" \/>\n<meta property=\"og:image\" content=\"https:\/\/www.trueiconicdesign.com\/wp-content\/uploads\/2026\/08\/featured-vaso-nero-scanalato-geometria-e-materia-per-il-dark-minimal-2-1024x1024.png\" \/>\n\t<meta property=\"og:image:width\" content=\"1024\" \/>\n\t<meta property=\"og:image:height\" content=\"1024\" \/>\n\t<meta property=\"og:image:type\" content=\"image\/png\" \/>\n<meta name=\"author\" content=\"sync\" \/>\n<meta name=\"twitter:card\" content=\"summary_large_image\" \/>\n<meta name=\"twitter:label1\" content=\"Written by\" \/>\n\t<meta name=\"twitter:data1\" content=\"sync\" \/>\n\t<meta name=\"twitter:label2\" content=\"Est. reading time\" \/>\n\t<meta name=\"twitter:data2\" content=\"6 minutes\" \/>\n<script type=\"application\/ld+json\" class=\"yoast-schema-graph\">{\"@context\":\"https:\\\/\\\/schema.org\",\"@graph\":[{\"@type\":\"Article\",\"@id\":\"https:\\\/\\\/www.trueiconicdesign.com\\\/it\\\/vaso-nero-scanalato-geometria-materia-dark-minimal\\\/#article\",\"isPartOf\":{\"@id\":\"https:\\\/\\\/www.trueiconicdesign.com\\\/it\\\/vaso-nero-scanalato-geometria-materia-dark-minimal\\\/\"},\"author\":{\"name\":\"sync\",\"@id\":\"https:\\\/\\\/wordpress.m.3dbooster.com\\\/it\\\/#\\\/schema\\\/person\\\/5a1c00cc9c7362ff5de0d9bea94fec08\"},\"headline\":\"Schwarze gerillte Vase: Geometrie und Material f\u00fcr den Dark-Minimal-Stil\",\"datePublished\":\"2026-08-08T06:33:20+00:00\",\"dateModified\":\"2026-08-10T12:18:51+00:00\",\"mainEntityOfPage\":{\"@id\":\"https:\\\/\\\/www.trueiconicdesign.com\\\/it\\\/vaso-nero-scanalato-geometria-materia-dark-minimal\\\/\"},\"wordCount\":1146,\"publisher\":{\"@id\":\"https:\\\/\\\/www.trueiconicdesign.com\\\/en\\\/#organization\"},\"image\":{\"@id\":\"https:\\\/\\\/www.trueiconicdesign.com\\\/it\\\/vaso-nero-scanalato-geometria-materia-dark-minimal\\\/#primaryimage\"},\"thumbnailUrl\":\"https:\\\/\\\/www.trueiconicdesign.com\\\/wp-content\\\/uploads\\\/2026\\\/08\\\/featured-vaso-nero-scanalato-geometria-e-materia-per-il-dark-minimal-2.png\",\"articleSection\":[\"Design\"],\"inLanguage\":\"de-DE\"},{\"@type\":\"WebPage\",\"@id\":\"https:\\\/\\\/www.trueiconicdesign.com\\\/it\\\/vaso-nero-scanalato-geometria-materia-dark-minimal\\\/\",\"url\":\"https:\\\/\\\/www.trueiconicdesign.com\\\/it\\\/vaso-nero-scanalato-geometria-materia-dark-minimal\\\/\",\"name\":\"Schwarze gerillte Vase: Geometrie und Material f\u00fcr den Dark-Minimal - True Iconic Design\",\"isPartOf\":{\"@id\":\"https:\\\/\\\/www.trueiconicdesign.com\\\/en\\\/#website\"},\"primaryImageOfPage\":{\"@id\":\"https:\\\/\\\/www.trueiconicdesign.com\\\/it\\\/vaso-nero-scanalato-geometria-materia-dark-minimal\\\/#primaryimage\"},\"image\":{\"@id\":\"https:\\\/\\\/www.trueiconicdesign.com\\\/it\\\/vaso-nero-scanalato-geometria-materia-dark-minimal\\\/#primaryimage\"},\"thumbnailUrl\":\"https:\\\/\\\/www.trueiconicdesign.com\\\/wp-content\\\/uploads\\\/2026\\\/08\\\/featured-vaso-nero-scanalato-geometria-e-materia-per-il-dark-minimal-2.png\",\"datePublished\":\"2026-08-08T06:33:20+00:00\",\"dateModified\":\"2026-08-10T12:18:51+00:00\",\"description\":\"Entdecke die matte schwarze geriffelte Vase: vertikale Geometrie und Material f\u00fcr den Dark-Minimal-Stil. Leitfaden zu Paletten, Stilen und Kombinationen f\u00fcr ein essenzielles Design.\",\"breadcrumb\":{\"@id\":\"https:\\\/\\\/www.trueiconicdesign.com\\\/it\\\/vaso-nero-scanalato-geometria-materia-dark-minimal\\\/#breadcrumb\"},\"inLanguage\":\"de-DE\",\"potentialAction\":[{\"@type\":\"ReadAction\",\"target\":[\"https:\\\/\\\/www.trueiconicdesign.com\\\/it\\\/vaso-nero-scanalato-geometria-materia-dark-minimal\\\/\"]}]},{\"@type\":\"ImageObject\",\"inLanguage\":\"de-DE\",\"@id\":\"https:\\\/\\\/www.trueiconicdesign.com\\\/it\\\/vaso-nero-scanalato-geometria-materia-dark-minimal\\\/#primaryimage\",\"url\":\"https:\\\/\\\/www.trueiconicdesign.com\\\/wp-content\\\/uploads\\\/2026\\\/08\\\/featured-vaso-nero-scanalato-geometria-e-materia-per-il-dark-minimal-2.png\",\"contentUrl\":\"https:\\\/\\\/www.trueiconicdesign.com\\\/wp-content\\\/uploads\\\/2026\\\/08\\\/featured-vaso-nero-scanalato-geometria-e-materia-per-il-dark-minimal-2.png\",\"width\":2496,\"height\":2496},{\"@type\":\"BreadcrumbList\",\"@id\":\"https:\\\/\\\/www.trueiconicdesign.com\\\/it\\\/vaso-nero-scanalato-geometria-materia-dark-minimal\\\/#breadcrumb\",\"itemListElement\":[{\"@type\":\"ListItem\",\"position\":1,\"name\":\"Startseite\",\"item\":\"https:\\\/\\\/www.trueiconicdesign.com\\\/en\\\/\"},{\"@type\":\"ListItem\",\"position\":2,\"name\":\"Schwarze gerillte Vase: Geometrie und Material f\u00fcr den Dark-Minimal-Stil\"}]},{\"@type\":\"WebSite\",\"@id\":\"https:\\\/\\\/www.trueiconicdesign.com\\\/en\\\/#website\",\"url\":\"https:\\\/\\\/www.trueiconicdesign.com\\\/en\\\/\",\"name\":\"True Iconic Design\",\"description\":\"emotionaler symbolischer Stil-Design\",\"publisher\":{\"@id\":\"https:\\\/\\\/www.trueiconicdesign.com\\\/en\\\/#organization\"},\"alternateName\":\"4Additive - Additive Fertigungsblog\",\"potentialAction\":[{\"@type\":\"SearchAction\",\"target\":{\"@type\":\"EntryPoint\",\"urlTemplate\":\"https:\\\/\\\/www.trueiconicdesign.com\\\/en\\\/?s={search_term_string}\"},\"query-input\":{\"@type\":\"PropertyValueSpecification\",\"valueRequired\":true,\"valueName\":\"search_term_string\"}}],\"inLanguage\":\"de-DE\"},{\"@type\":\"Organization\",\"@id\":\"https:\\\/\\\/www.trueiconicdesign.com\\\/en\\\/#organization\",\"name\":\"Emotionales Symbolisches Design\",\"alternateName\":\"4Additiv\",\"url\":\"https:\\\/\\\/www.trueiconicdesign.com\\\/en\\\/\",\"logo\":{\"@type\":\"ImageObject\",\"inLanguage\":\"de-DE\",\"@id\":\"https:\\\/\\\/wordpress.m.3dbooster.com\\\/it\\\/#\\\/schema\\\/logo\\\/image\\\/\",\"url\":\"https:\\\/\\\/www.trueiconicdesign.com\\\/wp-content\\\/uploads\\\/2026\\\/07\\\/trueiconicdesign-logo.svg\",\"contentUrl\":\"https:\\\/\\\/www.trueiconicdesign.com\\\/wp-content\\\/uploads\\\/2026\\\/07\\\/trueiconicdesign-logo.svg\",\"caption\":\"Emotionales Symbolisches Design\"},\"image\":{\"@id\":\"https:\\\/\\\/wordpress.m.3dbooster.com\\\/it\\\/#\\\/schema\\\/logo\\\/image\\\/\"},\"sameAs\":[\"https:\\\/\\\/trueiconicdesign.etsy.com\\\/\"]},{\"@type\":\"Person\",\"@id\":\"https:\\\/\\\/wordpress.m.3dbooster.com\\\/it\\\/#\\\/schema\\\/person\\\/5a1c00cc9c7362ff5de0d9bea94fec08\",\"name\":\"sync\"}]}<\/script>\n<!-- \/ Yoast SEO plugin. -->","yoast_head_json":{"title":"Schwarze gerillte Vase: Geometrie und Material f\u00fcr den Dark-Minimal - True Iconic Design","description":"Entdecke die matte schwarze geriffelte Vase: vertikale Geometrie und Material f\u00fcr den Dark-Minimal-Stil. Leitfaden zu Paletten, Stilen und Kombinationen f\u00fcr ein essenzielles Design.","robots":{"index":"index","follow":"follow","max-snippet":"max-snippet:-1","max-image-preview":"max-image-preview:large","max-video-preview":"max-video-preview:-1"},"canonical":"https:\/\/www.trueiconicdesign.com\/de\/schwarzer-gerillter-topf-geometrie-materie-dark-minimal\/","og_locale":"de_DE","og_type":"article","og_title":"Schwarze gerillte Vase: Geometrie und Material f\u00fcr den Dark-Minimal - True Iconic Design","og_description":"Entdecke die matte schwarze geriffelte Vase: vertikale Geometrie und Material f\u00fcr den Dark-Minimal-Stil. Leitfaden zu Paletten, Stilen und Kombinationen f\u00fcr ein essenzielles Design.","og_url":"https:\/\/www.trueiconicdesign.com\/de\/schwarzer-gerillter-topf-geometrie-materie-dark-minimal\/","og_site_name":"True Iconic Design","article_published_time":"2026-08-08T06:33:20+00:00","article_modified_time":"2026-08-10T12:18:51+00:00","og_image":[{"width":1024,"height":1024,"url":"https:\/\/www.trueiconicdesign.com\/wp-content\/uploads\/2026\/08\/featured-vaso-nero-scanalato-geometria-e-materia-per-il-dark-minimal-2-1024x1024.png","type":"image\/png"}],"author":"sync","twitter_card":"summary_large_image","twitter_misc":{"Written by":"sync","Est. reading time":"6 minutes"},"schema":{"@context":"https:\/\/schema.org","@graph":[{"@type":"Article","@id":"https:\/\/www.trueiconicdesign.com\/it\/vaso-nero-scanalato-geometria-materia-dark-minimal\/#article","isPartOf":{"@id":"https:\/\/www.trueiconicdesign.com\/it\/vaso-nero-scanalato-geometria-materia-dark-minimal\/"},"author":{"name":"sync","@id":"https:\/\/wordpress.m.3dbooster.com\/it\/#\/schema\/person\/5a1c00cc9c7362ff5de0d9bea94fec08"},"headline":"Schwarze gerillte Vase: Geometrie und Material f\u00fcr den Dark-Minimal-Stil","datePublished":"2026-08-08T06:33:20+00:00","dateModified":"2026-08-10T12:18:51+00:00","mainEntityOfPage":{"@id":"https:\/\/www.trueiconicdesign.com\/it\/vaso-nero-scanalato-geometria-materia-dark-minimal\/"},"wordCount":1146,"publisher":{"@id":"https:\/\/www.trueiconicdesign.com\/en\/#organization"},"image":{"@id":"https:\/\/www.trueiconicdesign.com\/it\/vaso-nero-scanalato-geometria-materia-dark-minimal\/#primaryimage"},"thumbnailUrl":"https:\/\/www.trueiconicdesign.com\/wp-content\/uploads\/2026\/08\/featured-vaso-nero-scanalato-geometria-e-materia-per-il-dark-minimal-2.png","articleSection":["Design"],"inLanguage":"de-DE"},{"@type":"WebPage","@id":"https:\/\/www.trueiconicdesign.com\/it\/vaso-nero-scanalato-geometria-materia-dark-minimal\/","url":"https:\/\/www.trueiconicdesign.com\/it\/vaso-nero-scanalato-geometria-materia-dark-minimal\/","name":"Schwarze gerillte Vase: Geometrie und Material f\u00fcr den Dark-Minimal - True Iconic Design","isPartOf":{"@id":"https:\/\/www.trueiconicdesign.com\/en\/#website"},"primaryImageOfPage":{"@id":"https:\/\/www.trueiconicdesign.com\/it\/vaso-nero-scanalato-geometria-materia-dark-minimal\/#primaryimage"},"image":{"@id":"https:\/\/www.trueiconicdesign.com\/it\/vaso-nero-scanalato-geometria-materia-dark-minimal\/#primaryimage"},"thumbnailUrl":"https:\/\/www.trueiconicdesign.com\/wp-content\/uploads\/2026\/08\/featured-vaso-nero-scanalato-geometria-e-materia-per-il-dark-minimal-2.png","datePublished":"2026-08-08T06:33:20+00:00","dateModified":"2026-08-10T12:18:51+00:00","description":"Entdecke die matte schwarze geriffelte Vase: vertikale Geometrie und Material f\u00fcr den Dark-Minimal-Stil. Leitfaden zu Paletten, Stilen und Kombinationen f\u00fcr ein essenzielles Design.","breadcrumb":{"@id":"https:\/\/www.trueiconicdesign.com\/it\/vaso-nero-scanalato-geometria-materia-dark-minimal\/#breadcrumb"},"inLanguage":"de-DE","potentialAction":[{"@type":"ReadAction","target":["https:\/\/www.trueiconicdesign.com\/it\/vaso-nero-scanalato-geometria-materia-dark-minimal\/"]}]},{"@type":"ImageObject","inLanguage":"de-DE","@id":"https:\/\/www.trueiconicdesign.com\/it\/vaso-nero-scanalato-geometria-materia-dark-minimal\/#primaryimage","url":"https:\/\/www.trueiconicdesign.com\/wp-content\/uploads\/2026\/08\/featured-vaso-nero-scanalato-geometria-e-materia-per-il-dark-minimal-2.png","contentUrl":"https:\/\/www.trueiconicdesign.com\/wp-content\/uploads\/2026\/08\/featured-vaso-nero-scanalato-geometria-e-materia-per-il-dark-minimal-2.png","width":2496,"height":2496},{"@type":"BreadcrumbList","@id":"https:\/\/www.trueiconicdesign.com\/it\/vaso-nero-scanalato-geometria-materia-dark-minimal\/#breadcrumb","itemListElement":[{"@type":"ListItem","position":1,"name":"Startseite","item":"https:\/\/www.trueiconicdesign.com\/en\/"},{"@type":"ListItem","position":2,"name":"Schwarze gerillte Vase: Geometrie und Material f\u00fcr den Dark-Minimal-Stil"}]},{"@type":"WebSite","@id":"https:\/\/www.trueiconicdesign.com\/en\/#website","url":"https:\/\/www.trueiconicdesign.com\/en\/","name":"True Iconic Design","description":"emotionaler symbolischer Stil-Design","publisher":{"@id":"https:\/\/www.trueiconicdesign.com\/en\/#organization"},"alternateName":"4Additive - Additive Fertigungsblog","potentialAction":[{"@type":"SearchAction","target":{"@type":"EntryPoint","urlTemplate":"https:\/\/www.trueiconicdesign.com\/en\/?s={search_term_string}"},"query-input":{"@type":"PropertyValueSpecification","valueRequired":true,"valueName":"search_term_string"}}],"inLanguage":"de-DE"},{"@type":"Organization","@id":"https:\/\/www.trueiconicdesign.com\/en\/#organization","name":"Emotionales Symbolisches Design","alternateName":"4Additiv","url":"https:\/\/www.trueiconicdesign.com\/en\/","logo":{"@type":"ImageObject","inLanguage":"de-DE","@id":"https:\/\/wordpress.m.3dbooster.com\/it\/#\/schema\/logo\/image\/","url":"https:\/\/www.trueiconicdesign.com\/wp-content\/uploads\/2026\/07\/trueiconicdesign-logo.svg","contentUrl":"https:\/\/www.trueiconicdesign.com\/wp-content\/uploads\/2026\/07\/trueiconicdesign-logo.svg","caption":"Emotionales Symbolisches Design"},"image":{"@id":"https:\/\/wordpress.m.3dbooster.com\/it\/#\/schema\/logo\/image\/"},"sameAs":["https:\/\/trueiconicdesign.etsy.com\/"]},{"@type":"Person","@id":"https:\/\/wordpress.m.3dbooster.com\/it\/#\/schema\/person\/5a1c00cc9c7362ff5de0d9bea94fec08","name":"sync"}]}},"_links":{"self":[{"href":"https:\/\/www.trueiconicdesign.com\/de\/wp-json\/wp\/v2\/posts\/670","targetHints":{"allow":["GET"]}}],"collection":[{"href":"https:\/\/www.trueiconicdesign.com\/de\/wp-json\/wp\/v2\/posts"}],"about":[{"href":"https:\/\/www.trueiconicdesign.com\/de\/wp-json\/wp\/v2\/types\/post"}],"author":[{"embeddable":true,"href":"https:\/\/www.trueiconicdesign.com\/de\/wp-json\/wp\/v2\/users\/3"}],"replies":[{"embeddable":true,"href":"https:\/\/www.trueiconicdesign.com\/de\/wp-json\/wp\/v2\/comments?post=670"}],"version-history":[{"count":3,"href":"https:\/\/www.trueiconicdesign.com\/de\/wp-json\/wp\/v2\/posts\/670\/revisions"}],"predecessor-version":[{"id":684,"href":"https:\/\/www.trueiconicdesign.com\/de\/wp-json\/wp\/v2\/posts\/670\/revisions\/684"}],"wp:featuredmedia":[{"embeddable":true,"href":"https:\/\/www.trueiconicdesign.com\/de\/wp-json\/wp\/v2\/media\/720"}],"wp:attachment":[{"href":"https:\/\/www.trueiconicdesign.com\/de\/wp-json\/wp\/v2\/media?parent=670"}],"wp:term":[{"taxonomy":"category","embeddable":true,"href":"https:\/\/www.trueiconicdesign.com\/de\/wp-json\/wp\/v2\/categories?post=670"},{"taxonomy":"post_tag","embeddable":true,"href":"https:\/\/www.trueiconicdesign.com\/de\/wp-json\/wp\/v2\/tags?post=670"},{"taxonomy":"foradditive_tecnologie","embeddable":true,"href":"https:\/\/www.trueiconicdesign.com\/de\/wp-json\/wp\/v2\/foradditive_tecnologie?post=670"},{"taxonomy":"foradditive_materiali","embeddable":true,"href":"https:\/\/www.trueiconicdesign.com\/de\/wp-json\/wp\/v2\/foradditive_materiali?post=670"},{"taxonomy":"foradditive_applicazioni","embeddable":true,"href":"https:\/\/www.trueiconicdesign.com\/de\/wp-json\/wp\/v2\/foradditive_applicazioni?post=670"},{"taxonomy":"foradditive_case_studies","embeddable":true,"href":"https:\/\/www.trueiconicdesign.com\/de\/wp-json\/wp\/v2\/foradditive_case_studies?post=670"},{"taxonomy":"foradditive_settori_industriali","embeddable":true,"href":"https:\/\/www.trueiconicdesign.com\/de\/wp-json\/wp\/v2\/foradditive_settori_industriali?post=670"}],"curies":[{"name":"wp","href":"https:\/\/api.w.org\/{rel}","templated":true}]}}